{"id":1297,"date":"2023-03-15T16:41:57","date_gmt":"2023-03-15T19:41:57","guid":{"rendered":"https:\/\/institutos.ufrrj.br\/ia\/?p=1297"},"modified":"2023-03-15T17:50:41","modified_gmt":"2023-03-15T20:50:41","slug":"residencia-em-iniciacao-profissional","status":"publish","type":"post","link":"https:\/\/institutos.ufrrj.br\/ia\/residencia-em-iniciacao-profissional\/","title":{"rendered":"Resid\u00eancia em Inicia\u00e7\u00e3o Profissional na \u00c1rea de Agroecologia\/ Sistemas Agroflorestais"},"content":{"rendered":"<p>O Instituto de Agronomia da Universidade Federal Rural do Rio de Janeiro (UFRRJ) torna p\u00fablico o lan\u00e7amento do Edital de bolsas para o Programa de Resid\u00eancia em Inicia\u00e7\u00e3o Profissional na \u00e1rea de AGROECOLOGIA\/ SISTEMAS AGROFLORESTAIS, de acordo com o estabelecido na Resolu\u00e7\u00e3o no 2\/PROEXT, de 25\/04\/2018 e da Delibera\u00e7\u00e3o n o78, do CEPE de 12\/06\/2018.<\/p>\n<p>A dura\u00e7\u00e3o do Programa de Resid\u00eancia em Inicia\u00e7\u00e3o Profissional ser\u00e1 de 1.920<br \/>\nhoras (equivalente a 40 horas semanais durante 48 semanas \u2013 12 meses.<br \/>\n<strong>A bolsa ter\u00e1 o valor de R$3.000,00 (Tr\u00eas mil reais).<\/strong><\/p>\n<h3><strong>Acesse o EDITAL em: <\/strong><a href=\"https:\/\/institutos.ufrrj.br\/ia\/wp-content\/uploads\/sites\/102\/2023\/03\/Edital-03_2023-Residencia-em-Iniciacao-Profissional.pdf\">Edital 03_2023 Resid\u00eancia em Inicia\u00e7\u00e3o Profissional<\/a><\/h3>\n","protected":false},"excerpt":{"rendered":"<p>O Instituto de Agronomia da Universidade Federal Rural do Rio de Janeiro (UFRRJ) torna p\u00fablico o lan\u00e7amento do Edital de <a class=\"read-more\" href=\"https:\/\/institutos.ufrrj.br\/ia\/residencia-em-iniciacao-profissional\/\">&#8230; <em>leia mais <\/em> <i class=\"fa fa-long-arrow-right\"><\/i><\/a><\/p>\n","protected":false},"author":70,"featured_media":0,"comment_status":"open","ping_status":"open","sticky":false,"template":"","format":"standard","meta":{"_acf_changed":false,"_themeisle_gutenberg_block_has_review":false,"footnotes":"","_links_to":"","_links_to_target":""},"categories":[14,2],"tags":[],"class_list":["post-1297","post","type-post","status-publish","format-standard","hentry","category-destaque","category-noticias"],"acf":[],"_links":{"self":[{"href":"https:\/\/institutos.ufrrj.br\/ia\/wp-json\/wp\/v2\/posts\/1297","targetHints":{"allow":["GET"]}}],"collection":[{"href":"https:\/\/institutos.ufrrj.br\/ia\/wp-json\/wp\/v2\/posts"}],"about":[{"href":"https:\/\/institutos.ufrrj.br\/ia\/wp-json\/wp\/v2\/types\/post"}],"author":[{"embeddable":true,"href":"https:\/\/institutos.ufrrj.br\/ia\/wp-json\/wp\/v2\/users\/70"}],"replies":[{"embeddable":true,"href":"https:\/\/institutos.ufrrj.br\/ia\/wp-json\/wp\/v2\/comments?post=1297"}],"version-history":[{"count":5,"href":"https:\/\/institutos.ufrrj.br\/ia\/wp-json\/wp\/v2\/posts\/1297\/revisions"}],"predecessor-version":[{"id":1303,"href":"https:\/\/institutos.ufrrj.br\/ia\/wp-json\/wp\/v2\/posts\/1297\/revisions\/1303"}],"wp:attachment":[{"href":"https:\/\/institutos.ufrrj.br\/ia\/wp-json\/wp\/v2\/media?parent=1297"}],"wp:term":[{"taxonomy":"category","embeddable":true,"href":"https:\/\/institutos.ufrrj.br\/ia\/wp-json\/wp\/v2\/categories?post=1297"},{"taxonomy":"post_tag","embeddable":true,"href":"https:\/\/institutos.ufrrj.br\/ia\/wp-json\/wp\/v2\/tags?post=1297"}],"curies":[{"name":"wp","href":"https:\/\/api.w.org\/{rel}","templated":true}]}}