{"id":1339,"date":"2023-04-11T11:20:52","date_gmt":"2023-04-11T14:20:52","guid":{"rendered":"https:\/\/institutos.ufrrj.br\/ia\/?p=1339"},"modified":"2023-04-11T18:05:25","modified_gmt":"2023-04-11T21:05:25","slug":"programacao-da-semana-de-integracao-da-agronomia-2023-1","status":"publish","type":"post","link":"https:\/\/institutos.ufrrj.br\/ia\/programacao-da-semana-de-integracao-da-agronomia-2023-1\/","title":{"rendered":"PROGRAMA\u00c7\u00c3O DA SEMANA DE INTEGRA\u00c7\u00c3O DA AGRONOMIA- 2023.1"},"content":{"rendered":"<p>Em fun\u00e7\u00e3o das obras divulgadas pela Prefeitura de Serop\u00e9dica e a nota publicada pela Universidade Federal Rural do Rio de Janeiro, informamos que o calend\u00e1rio da <em>Semana de Integra\u00e7\u00e3o da Agronomia (2023.1)<\/em> sofreu <strong>ALTERA\u00c7\u00d5ES.<\/strong><\/p>\n<p>Clique aqui e confira as novas atividades: <strong><a href=\"https:\/\/institutos.ufrrj.br\/ia\/wp-content\/uploads\/sites\/102\/2023\/04\/PROGRAMACAO-DA-SEMANA-DE-INTEGRACAO-DA-AGRONOMIA-2023-1.docx\">PROGRAMA\u00c7\u00c3O DA SEMANA DE INTEGRA\u00c7\u00c3O DA AGRONOMIA &#8211; 2023-1<\/a><\/strong><\/p>\n<p><img loading=\"lazy\" decoding=\"async\" class=\" wp-image-1343 alignleft\" src=\"https:\/\/institutos.ufrrj.br\/ia\/wp-content\/uploads\/sites\/102\/2023\/04\/Feed-IA-2-300x300.jpg\" alt=\"\" width=\"313\" height=\"313\" srcset=\"https:\/\/institutos.ufrrj.br\/ia\/wp-content\/uploads\/sites\/102\/2023\/04\/Feed-IA-2-300x300.jpg 300w, https:\/\/institutos.ufrrj.br\/ia\/wp-content\/uploads\/sites\/102\/2023\/04\/Feed-IA-2-1024x1024.jpg 1024w, https:\/\/institutos.ufrrj.br\/ia\/wp-content\/uploads\/sites\/102\/2023\/04\/Feed-IA-2-150x150.jpg 150w, https:\/\/institutos.ufrrj.br\/ia\/wp-content\/uploads\/sites\/102\/2023\/04\/Feed-IA-2-768x768.jpg 768w, https:\/\/institutos.ufrrj.br\/ia\/wp-content\/uploads\/sites\/102\/2023\/04\/Feed-IA-2.jpg 1080w\" sizes=\"auto, (max-width: 313px) 100vw, 313px\" \/><\/p>\n","protected":false},"excerpt":{"rendered":"<p>Em fun\u00e7\u00e3o das obras divulgadas pela Prefeitura de Serop\u00e9dica e a nota publicada pela Universidade Federal Rural do Rio de <a class=\"read-more\" href=\"https:\/\/institutos.ufrrj.br\/ia\/programacao-da-semana-de-integracao-da-agronomia-2023-1\/\">&#8230; <em>leia mais <\/em> <i class=\"fa fa-long-arrow-right\"><\/i><\/a><\/p>\n","protected":false},"author":70,"featured_media":1343,"comment_status":"open","ping_status":"open","sticky":false,"template":"","format":"standard","meta":{"_acf_changed":false,"_themeisle_gutenberg_block_has_review":false,"footnotes":"","_links_to":"","_links_to_target":""},"categories":[14,2],"tags":[],"class_list":["post-1339","post","type-post","status-publish","format-standard","has-post-thumbnail","hentry","category-destaque","category-noticias"],"acf":[],"_links":{"self":[{"href":"https:\/\/institutos.ufrrj.br\/ia\/wp-json\/wp\/v2\/posts\/1339","targetHints":{"allow":["GET"]}}],"collection":[{"href":"https:\/\/institutos.ufrrj.br\/ia\/wp-json\/wp\/v2\/posts"}],"about":[{"href":"https:\/\/institutos.ufrrj.br\/ia\/wp-json\/wp\/v2\/types\/post"}],"author":[{"embeddable":true,"href":"https:\/\/institutos.ufrrj.br\/ia\/wp-json\/wp\/v2\/users\/70"}],"replies":[{"embeddable":true,"href":"https:\/\/institutos.ufrrj.br\/ia\/wp-json\/wp\/v2\/comments?post=1339"}],"version-history":[{"count":4,"href":"https:\/\/institutos.ufrrj.br\/ia\/wp-json\/wp\/v2\/posts\/1339\/revisions"}],"predecessor-version":[{"id":1345,"href":"https:\/\/institutos.ufrrj.br\/ia\/wp-json\/wp\/v2\/posts\/1339\/revisions\/1345"}],"wp:featuredmedia":[{"embeddable":true,"href":"https:\/\/institutos.ufrrj.br\/ia\/wp-json\/wp\/v2\/media\/1343"}],"wp:attachment":[{"href":"https:\/\/institutos.ufrrj.br\/ia\/wp-json\/wp\/v2\/media?parent=1339"}],"wp:term":[{"taxonomy":"category","embeddable":true,"href":"https:\/\/institutos.ufrrj.br\/ia\/wp-json\/wp\/v2\/categories?post=1339"},{"taxonomy":"post_tag","embeddable":true,"href":"https:\/\/institutos.ufrrj.br\/ia\/wp-json\/wp\/v2\/tags?post=1339"}],"curies":[{"name":"wp","href":"https:\/\/api.w.org\/{rel}","templated":true}]}}