{"id":1404,"date":"2023-05-26T12:34:51","date_gmt":"2023-05-26T15:34:51","guid":{"rendered":"https:\/\/institutos.ufrrj.br\/ia\/?p=1404"},"modified":"2023-05-26T12:34:51","modified_gmt":"2023-05-26T15:34:51","slug":"residencia-profissional-em-agronomia","status":"publish","type":"post","link":"https:\/\/institutos.ufrrj.br\/ia\/residencia-profissional-em-agronomia\/","title":{"rendered":"RESID\u00caNCIA PROFISSIONAL EM AGRONOMIA"},"content":{"rendered":"<p class=\"western\" align=\"justify\"><span style=\"font-size: large\">Est\u00e3o abertas as inscri\u00e7\u00f5es para o concurso de Resid\u00eancia Profissional em Agronomia com os seguintes editais:<\/span><\/p>\n<p class=\"western\" align=\"justify\"><span style=\"font-size: large\"><b>Edital 10\/2023<\/b><\/span><span style=\"font-size: large\"> &#8211; para atuar junto a <\/span><span style=\"font-family: Arial, sans-serif\"><b>BENASSI MINAS EXPORTA\u00c7\u00c3O E IMPORTA\u00c7\u00c3O LTDA<\/b><\/span><span style=\"font-size: large\">, localizada em Belo Horizonte-MG e S\u00e3o Paulo-capital, para a \u00e1rea de Comercializa\u00e7\u00e3o e p\u00f3s-colheita de frutas e legumes.<\/span><b> <\/b><span style=\"font-size: large\"> Podem participar do programa engenheiros agr\u00f4nomos com at\u00e9 tr\u00eas anos de formado, a partir da data do edital. As inscri\u00e7\u00f5es poder\u00e3o ser realizadas at\u00e9 o dia 10 de junho de 2023. Encontre o edital no site<\/span><b> <\/b><span style=\"color: #0563c1\"><u><a href=\"http:\/\/www.residenciaemagronomiaufrrj.com.br\/\"><span style=\"font-size: large\">http:\/\/www.residenciaemagronomiaufrrj.com.br\/<\/span><\/a><\/u><\/span><span style=\"font-size: large\"> ou na p\u00e1gina <\/span><span style=\"color: #0563c1\"><u><a href=\"https:\/\/www.facebook.com\/residenciaemagronomiaUFRRJ\/\"><span style=\"font-size: large\">https:\/\/www.facebook.com\/residenciaemagronomiaUFRRJ\/<\/span><\/a><\/u><\/span><span style=\"font-size: large\">. <\/span><\/p>\n<p class=\"western\" align=\"justify\"><span style=\"font-size: large\">S\u00e3o ofertadas <\/span><span style=\"font-size: large\"><b>02 vagas<\/b><\/span><span style=\"font-size: large\">.<\/span><\/p>\n<p class=\"western\" align=\"justify\"><span style=\"font-size: large\"><b>Edital 11\/2023 \u2013 <\/b><\/span><span style=\"font-size: large\">para atuar junto a <\/span><span style=\"font-family: Arial, sans-serif\"><b>BENAFRUTTI<\/b><\/span><span style=\"font-size: large\">, localizada em S\u00e3o Paulo-capital, para a \u00e1rea de Comercializa\u00e7\u00e3o e p\u00f3s-colheita de frutas e legumes.<\/span><b> <\/b><span style=\"font-size: large\"> Podem participar do programa engenheiros agr\u00f4nomos com at\u00e9 tr\u00eas anos de formado, a partir da data do edital. As inscri\u00e7\u00f5es poder\u00e3o ser realizadas at\u00e9 o dia 16 de junho de 2023. Encontre o edital no site<\/span><b> <\/b><span style=\"color: #0563c1\"><u><a href=\"http:\/\/www.residenciaemagronomiaufrrj.com.br\/\"><span style=\"font-size: large\">http:\/\/www.residenciaemagronomiaufrrj.com.br\/<\/span><\/a><\/u><\/span><span style=\"font-size: large\"> ou na p\u00e1gina <\/span><span style=\"color: #0563c1\"><u><a href=\"https:\/\/www.facebook.com\/residenciaemagronomiaUFRRJ\/\"><span style=\"font-size: large\">https:\/\/www.facebook.com\/residenciaemagronomiaUFRRJ\/<\/span><\/a><\/u><\/span><span style=\"font-size: large\">. <\/span><\/p>\n<p class=\"western\" align=\"justify\"><span style=\"font-size: large\">S\u00e3o ofertadas <\/span><span style=\"font-size: large\"><b>03 vagas<\/b><\/span><span style=\"font-size: large\">.<\/span><\/p>\n<p class=\"western\" align=\"justify\"><span style=\"font-size: large\">Fa\u00e7a a sua inscri\u00e7\u00e3o e venha participar do nosso programa de forma\u00e7\u00e3o continuada.<\/span><\/p>\n<p class=\"western\" align=\"justify\">\n","protected":false},"excerpt":{"rendered":"<p>Est\u00e3o abertas as inscri\u00e7\u00f5es para o concurso de Resid\u00eancia Profissional em Agronomia com os seguintes editais: Edital 10\/2023 &#8211; para <a class=\"read-more\" href=\"https:\/\/institutos.ufrrj.br\/ia\/residencia-profissional-em-agronomia\/\">&#8230; <em>leia mais <\/em> <i class=\"fa fa-long-arrow-right\"><\/i><\/a><\/p>\n","protected":false},"author":70,"featured_media":0,"comment_status":"open","ping_status":"open","sticky":false,"template":"","format":"standard","meta":{"_acf_changed":false,"_themeisle_gutenberg_block_has_review":false,"footnotes":"","_links_to":"","_links_to_target":""},"categories":[14,2],"tags":[],"class_list":["post-1404","post","type-post","status-publish","format-standard","hentry","category-destaque","category-noticias"],"acf":[],"_links":{"self":[{"href":"https:\/\/institutos.ufrrj.br\/ia\/wp-json\/wp\/v2\/posts\/1404","targetHints":{"allow":["GET"]}}],"collection":[{"href":"https:\/\/institutos.ufrrj.br\/ia\/wp-json\/wp\/v2\/posts"}],"about":[{"href":"https:\/\/institutos.ufrrj.br\/ia\/wp-json\/wp\/v2\/types\/post"}],"author":[{"embeddable":true,"href":"https:\/\/institutos.ufrrj.br\/ia\/wp-json\/wp\/v2\/users\/70"}],"replies":[{"embeddable":true,"href":"https:\/\/institutos.ufrrj.br\/ia\/wp-json\/wp\/v2\/comments?post=1404"}],"version-history":[{"count":1,"href":"https:\/\/institutos.ufrrj.br\/ia\/wp-json\/wp\/v2\/posts\/1404\/revisions"}],"predecessor-version":[{"id":1405,"href":"https:\/\/institutos.ufrrj.br\/ia\/wp-json\/wp\/v2\/posts\/1404\/revisions\/1405"}],"wp:attachment":[{"href":"https:\/\/institutos.ufrrj.br\/ia\/wp-json\/wp\/v2\/media?parent=1404"}],"wp:term":[{"taxonomy":"category","embeddable":true,"href":"https:\/\/institutos.ufrrj.br\/ia\/wp-json\/wp\/v2\/categories?post=1404"},{"taxonomy":"post_tag","embeddable":true,"href":"https:\/\/institutos.ufrrj.br\/ia\/wp-json\/wp\/v2\/tags?post=1404"}],"curies":[{"name":"wp","href":"https:\/\/api.w.org\/{rel}","templated":true}]}}