{"id":1407,"date":"2023-06-09T12:56:33","date_gmt":"2023-06-09T15:56:33","guid":{"rendered":"https:\/\/institutos.ufrrj.br\/ia\/?p=1407"},"modified":"2023-06-09T13:08:53","modified_gmt":"2023-06-09T16:08:53","slug":"oportunidade-de-estagio","status":"publish","type":"post","link":"https:\/\/institutos.ufrrj.br\/ia\/oportunidade-de-estagio\/","title":{"rendered":"OPORTUNIDADE DE EST\u00c1GIO"},"content":{"rendered":"<p style=\"padding-left: 80px\">\n<p>A Petrobras e o Centro de Integra\u00e7\u00e3o Empresa-Escola \u2013 CIEE, nos termos da Lei n\u00ba11.788, de 25 de setembro de 2008, tornam p\u00fablica a realiza\u00e7\u00e3o de Processo Seletivo de Prova Online para forma\u00e7\u00e3o de cadastro de reserva para est\u00e1gio remunerado.<\/p>\n<p>&nbsp;<\/p>\n<p>O processo seletivo \u00e9 destinado \u00e0 forma\u00e7\u00e3o de cadastro de reserva para o preenchimento de vagas de est\u00e1gio de N\u00edvel Superior que surgirem durante o per\u00edodo de validade do certame, para os cursos descritos no Anexo I, nos termos da Lei n. 11.788, de 25 de setembro de 2008.<\/p>\n<p>&nbsp;<\/p>\n<p><strong>Para saber mais, leia o <a href=\"https:\/\/institutos.ufrrj.br\/ia\/wp-content\/uploads\/sites\/102\/2023\/06\/Edital-01-2023.pdf\">Edital 01-2023<\/a><\/strong><\/p>\n<p style=\"padding-left: 40px\"><img loading=\"lazy\" decoding=\"async\" class=\"wp-image-1409 size-medium alignnone\" src=\"https:\/\/institutos.ufrrj.br\/ia\/wp-content\/uploads\/sites\/102\/2023\/06\/Feed-IA-300x300.jpg\" alt=\"\" width=\"300\" height=\"300\" srcset=\"https:\/\/institutos.ufrrj.br\/ia\/wp-content\/uploads\/sites\/102\/2023\/06\/Feed-IA-300x300.jpg 300w, https:\/\/institutos.ufrrj.br\/ia\/wp-content\/uploads\/sites\/102\/2023\/06\/Feed-IA-1024x1024.jpg 1024w, https:\/\/institutos.ufrrj.br\/ia\/wp-content\/uploads\/sites\/102\/2023\/06\/Feed-IA-150x150.jpg 150w, https:\/\/institutos.ufrrj.br\/ia\/wp-content\/uploads\/sites\/102\/2023\/06\/Feed-IA-768x768.jpg 768w, https:\/\/institutos.ufrrj.br\/ia\/wp-content\/uploads\/sites\/102\/2023\/06\/Feed-IA.jpg 1080w\" sizes=\"auto, (max-width: 300px) 100vw, 300px\" \/><\/p>\n<p>&nbsp;<\/p>\n<blockquote><p>&nbsp;<\/p><\/blockquote>\n","protected":false},"excerpt":{"rendered":"<p>A Petrobras e o Centro de Integra\u00e7\u00e3o Empresa-Escola \u2013 CIEE, nos termos da Lei n\u00ba11.788, de 25 de setembro de <a class=\"read-more\" href=\"https:\/\/institutos.ufrrj.br\/ia\/oportunidade-de-estagio\/\">&#8230; <em>leia mais <\/em> <i class=\"fa fa-long-arrow-right\"><\/i><\/a><\/p>\n","protected":false},"author":70,"featured_media":0,"comment_status":"open","ping_status":"open","sticky":false,"template":"","format":"standard","meta":{"_acf_changed":false,"_themeisle_gutenberg_block_has_review":false,"footnotes":"","_links_to":"","_links_to_target":""},"categories":[14,2],"tags":[],"class_list":["post-1407","post","type-post","status-publish","format-standard","hentry","category-destaque","category-noticias"],"acf":[],"_links":{"self":[{"href":"https:\/\/institutos.ufrrj.br\/ia\/wp-json\/wp\/v2\/posts\/1407","targetHints":{"allow":["GET"]}}],"collection":[{"href":"https:\/\/institutos.ufrrj.br\/ia\/wp-json\/wp\/v2\/posts"}],"about":[{"href":"https:\/\/institutos.ufrrj.br\/ia\/wp-json\/wp\/v2\/types\/post"}],"author":[{"embeddable":true,"href":"https:\/\/institutos.ufrrj.br\/ia\/wp-json\/wp\/v2\/users\/70"}],"replies":[{"embeddable":true,"href":"https:\/\/institutos.ufrrj.br\/ia\/wp-json\/wp\/v2\/comments?post=1407"}],"version-history":[{"count":5,"href":"https:\/\/institutos.ufrrj.br\/ia\/wp-json\/wp\/v2\/posts\/1407\/revisions"}],"predecessor-version":[{"id":1411,"href":"https:\/\/institutos.ufrrj.br\/ia\/wp-json\/wp\/v2\/posts\/1407\/revisions\/1411"}],"wp:attachment":[{"href":"https:\/\/institutos.ufrrj.br\/ia\/wp-json\/wp\/v2\/media?parent=1407"}],"wp:term":[{"taxonomy":"category","embeddable":true,"href":"https:\/\/institutos.ufrrj.br\/ia\/wp-json\/wp\/v2\/categories?post=1407"},{"taxonomy":"post_tag","embeddable":true,"href":"https:\/\/institutos.ufrrj.br\/ia\/wp-json\/wp\/v2\/tags?post=1407"}],"curies":[{"name":"wp","href":"https:\/\/api.w.org\/{rel}","templated":true}]}}