{"id":2090,"date":"2022-09-13T12:42:00","date_gmt":"2022-09-13T12:42:00","guid":{"rendered":"https:\/\/institutos.ufrrj.br\/icbs\/?p=2090"},"modified":"2022-09-13T12:42:00","modified_gmt":"2022-09-13T12:42:00","slug":"professor-do-icbs-recebe-premio-crea","status":"publish","type":"post","link":"https:\/\/institutos.ufrrj.br\/icbs\/2022\/09\/13\/professor-do-icbs-recebe-premio-crea\/","title":{"rendered":"Professor do ICBS recebe Pr\u00eamio CREA"},"content":{"rendered":"<p>O professor Francisco Gerson Ara\u00fajo receber\u00e1 o pr\u00eamio CREA-RJ de Meio Ambiente.<\/p>\n<p>O PR\u00caMIO CREA-RJ DE MEIO AMBIENTE \u00e9 concedido anualmente com o objetivo de expressar<br \/>\nreconhecimento \u00e0s personalidades ou institui\u00e7\u00f5es e entidades que tenham se distinguido por suas<br \/>\nposi\u00e7\u00f5es, a\u00e7\u00f5es e projetos na luta pela preserva\u00e7\u00e3o, defesa e\/ou conserva\u00e7\u00e3o do meio ambiente,<br \/>\npreferencialmente em a\u00e7\u00f5es no Estado do Rio de Janeiro.<\/p>\n","protected":false},"excerpt":{"rendered":"<p>O professor Francisco Gerson Ara\u00fajo receber\u00e1 o pr\u00eamio CREA-RJ de Meio Ambiente. O PR\u00caMIO CREA-RJ DE MEIO AMBIENTE \u00e9 concedido anualmente com [&hellip;]<\/p>\n","protected":false},"author":63,"featured_media":2091,"comment_status":"open","ping_status":"open","sticky":false,"template":"","format":"standard","meta":{"_acf_changed":false,"_themeisle_gutenberg_block_has_review":false,"footnotes":"","_links_to":"","_links_to_target":""},"categories":[3],"tags":[],"class_list":["post-2090","post","type-post","status-publish","format-standard","has-post-thumbnail","hentry","category-noticias"],"acf":[],"yoast_head":"<!-- This site is optimized with the Yoast SEO plugin v26.8 - https:\/\/yoast.com\/product\/yoast-seo-wordpress\/ -->\n<title>Professor do ICBS recebe Pr\u00eamio CREA - Instituto de Ci\u00eancias Biol\u00f3gicas e da Sa\u00fade<\/title>\n<meta name=\"robots\" content=\"index, follow, max-snippet:-1, max-image-preview:large, max-video-preview:-1\" \/>\n<link rel=\"canonical\" href=\"https:\/\/institutos.ufrrj.br\/icbs\/2022\/09\/13\/professor-do-icbs-recebe-premio-crea\/\" \/>\n<meta property=\"og:locale\" content=\"pt_BR\" \/>\n<meta property=\"og:type\" content=\"article\" \/>\n<meta property=\"og:title\" content=\"Professor do ICBS recebe Pr\u00eamio CREA - Instituto de Ci\u00eancias Biol\u00f3gicas e da Sa\u00fade\" \/>\n<meta property=\"og:description\" content=\"O professor Francisco Gerson Ara\u00fajo receber\u00e1 o pr\u00eamio CREA-RJ de Meio Ambiente. O PR\u00caMIO CREA-RJ DE MEIO AMBIENTE \u00e9 concedido anualmente com [&hellip;]\" \/>\n<meta property=\"og:url\" content=\"https:\/\/institutos.ufrrj.br\/icbs\/2022\/09\/13\/professor-do-icbs-recebe-premio-crea\/\" \/>\n<meta property=\"og:site_name\" content=\"Instituto de Ci\u00eancias Biol\u00f3gicas e da Sa\u00fade\" \/>\n<meta property=\"article:published_time\" content=\"2022-09-13T12:42:00+00:00\" \/>\n<meta property=\"og:image\" content=\"https:\/\/institutos.ufrrj.br\/icbs\/wp-content\/uploads\/sites\/6\/2022\/09\/Premio-CREA-Gerson.jpg\" \/>\n\t<meta property=\"og:image:width\" content=\"671\" \/>\n\t<meta property=\"og:image:height\" content=\"585\" \/>\n\t<meta property=\"og:image:type\" content=\"image\/jpeg\" \/>\n<meta name=\"author\" content=\"chavesdsa\" \/>\n<meta name=\"twitter:card\" content=\"summary_large_image\" \/>\n<meta name=\"twitter:label1\" content=\"Escrito por\" \/>\n\t<meta name=\"twitter:data1\" content=\"chavesdsa\" \/>\n<script type=\"application\/ld+json\" class=\"yoast-schema-graph\">{\"@context\":\"https:\/\/schema.org\",\"@graph\":[{\"@type\":\"Article\",\"@id\":\"https:\/\/institutos.ufrrj.br\/icbs\/2022\/09\/13\/professor-do-icbs-recebe-premio-crea\/#article\",\"isPartOf\":{\"@id\":\"https:\/\/institutos.ufrrj.br\/icbs\/2022\/09\/13\/professor-do-icbs-recebe-premio-crea\/\"},\"author\":{\"name\":\"chavesdsa\",\"@id\":\"https:\/\/institutos.ufrrj.br\/icbs\/#\/schema\/person\/5cbec50e2c39006c8d83b4e60390aef7\"},\"headline\":\"Professor do ICBS recebe Pr\u00eamio CREA\",\"datePublished\":\"2022-09-13T12:42:00+00:00\",\"mainEntityOfPage\":{\"@id\":\"https:\/\/institutos.ufrrj.br\/icbs\/2022\/09\/13\/professor-do-icbs-recebe-premio-crea\/\"},\"wordCount\":78,\"commentCount\":0,\"publisher\":{\"@id\":\"https:\/\/institutos.ufrrj.br\/icbs\/#organization\"},\"image\":{\"@id\":\"https:\/\/institutos.ufrrj.br\/icbs\/2022\/09\/13\/professor-do-icbs-recebe-premio-crea\/#primaryimage\"},\"thumbnailUrl\":\"https:\/\/institutos.ufrrj.br\/icbs\/wp-content\/uploads\/sites\/6\/2022\/09\/Premio-CREA-Gerson.jpg\",\"articleSection\":[\"Noticias\"],\"inLanguage\":\"pt-BR\",\"potentialAction\":[{\"@type\":\"CommentAction\",\"name\":\"Comment\",\"target\":[\"https:\/\/institutos.ufrrj.br\/icbs\/2022\/09\/13\/professor-do-icbs-recebe-premio-crea\/#respond\"]}]},{\"@type\":\"WebPage\",\"@id\":\"https:\/\/institutos.ufrrj.br\/icbs\/2022\/09\/13\/professor-do-icbs-recebe-premio-crea\/\",\"url\":\"https:\/\/institutos.ufrrj.br\/icbs\/2022\/09\/13\/professor-do-icbs-recebe-premio-crea\/\",\"name\":\"Professor do ICBS recebe Pr\u00eamio CREA - Instituto de Ci\u00eancias Biol\u00f3gicas e da Sa\u00fade\",\"isPartOf\":{\"@id\":\"https:\/\/institutos.ufrrj.br\/icbs\/#website\"},\"primaryImageOfPage\":{\"@id\":\"https:\/\/institutos.ufrrj.br\/icbs\/2022\/09\/13\/professor-do-icbs-recebe-premio-crea\/#primaryimage\"},\"image\":{\"@id\":\"https:\/\/institutos.ufrrj.br\/icbs\/2022\/09\/13\/professor-do-icbs-recebe-premio-crea\/#primaryimage\"},\"thumbnailUrl\":\"https:\/\/institutos.ufrrj.br\/icbs\/wp-content\/uploads\/sites\/6\/2022\/09\/Premio-CREA-Gerson.jpg\",\"datePublished\":\"2022-09-13T12:42:00+00:00\",\"breadcrumb\":{\"@id\":\"https:\/\/institutos.ufrrj.br\/icbs\/2022\/09\/13\/professor-do-icbs-recebe-premio-crea\/#breadcrumb\"},\"inLanguage\":\"pt-BR\",\"potentialAction\":[{\"@type\":\"ReadAction\",\"target\":[\"https:\/\/institutos.ufrrj.br\/icbs\/2022\/09\/13\/professor-do-icbs-recebe-premio-crea\/\"]}]},{\"@type\":\"ImageObject\",\"inLanguage\":\"pt-BR\",\"@id\":\"https:\/\/institutos.ufrrj.br\/icbs\/2022\/09\/13\/professor-do-icbs-recebe-premio-crea\/#primaryimage\",\"url\":\"https:\/\/institutos.ufrrj.br\/icbs\/wp-content\/uploads\/sites\/6\/2022\/09\/Premio-CREA-Gerson.jpg\",\"contentUrl\":\"https:\/\/institutos.ufrrj.br\/icbs\/wp-content\/uploads\/sites\/6\/2022\/09\/Premio-CREA-Gerson.jpg\",\"width\":671,\"height\":585},{\"@type\":\"BreadcrumbList\",\"@id\":\"https:\/\/institutos.ufrrj.br\/icbs\/2022\/09\/13\/professor-do-icbs-recebe-premio-crea\/#breadcrumb\",\"itemListElement\":[{\"@type\":\"ListItem\",\"position\":1,\"name\":\"In\u00edcio\",\"item\":\"https:\/\/institutos.ufrrj.br\/icbs\/\"},{\"@type\":\"ListItem\",\"position\":2,\"name\":\"Professor do ICBS recebe Pr\u00eamio CREA\"}]},{\"@type\":\"WebSite\",\"@id\":\"https:\/\/institutos.ufrrj.br\/icbs\/#website\",\"url\":\"https:\/\/institutos.ufrrj.br\/icbs\/\",\"name\":\"ICBS - Instituto de Ci\u00eancias Biol\u00f3gicas e da Sa\u00fade\",\"description\":\"\",\"publisher\":{\"@id\":\"https:\/\/institutos.ufrrj.br\/icbs\/#organization\"},\"potentialAction\":[{\"@type\":\"SearchAction\",\"target\":{\"@type\":\"EntryPoint\",\"urlTemplate\":\"https:\/\/institutos.ufrrj.br\/icbs\/?s={search_term_string}\"},\"query-input\":{\"@type\":\"PropertyValueSpecification\",\"valueRequired\":true,\"valueName\":\"search_term_string\"}}],\"inLanguage\":\"pt-BR\"},{\"@type\":\"Organization\",\"@id\":\"https:\/\/institutos.ufrrj.br\/icbs\/#organization\",\"name\":\"UFRRJ - Universidade Federal Rural do Rio de Janeiro\",\"url\":\"https:\/\/institutos.ufrrj.br\/icbs\/\",\"logo\":{\"@type\":\"ImageObject\",\"inLanguage\":\"pt-BR\",\"@id\":\"https:\/\/institutos.ufrrj.br\/icbs\/#\/schema\/logo\/image\/\",\"url\":\"https:\/\/institutos.ufrrj.br\/icbs\/wp-content\/uploads\/sites\/6\/2022\/05\/Logo-ICBS.png\",\"contentUrl\":\"https:\/\/institutos.ufrrj.br\/icbs\/wp-content\/uploads\/sites\/6\/2022\/05\/Logo-ICBS.png\",\"width\":387,\"height\":371,\"caption\":\"UFRRJ - Universidade Federal Rural do Rio de Janeiro\"},\"image\":{\"@id\":\"https:\/\/institutos.ufrrj.br\/icbs\/#\/schema\/logo\/image\/\"}},{\"@type\":\"Person\",\"@id\":\"https:\/\/institutos.ufrrj.br\/icbs\/#\/schema\/person\/5cbec50e2c39006c8d83b4e60390aef7\",\"name\":\"chavesdsa\",\"image\":{\"@type\":\"ImageObject\",\"inLanguage\":\"pt-BR\",\"@id\":\"https:\/\/institutos.ufrrj.br\/icbs\/#\/schema\/person\/image\/\",\"url\":\"https:\/\/secure.gravatar.com\/avatar\/3ca8a9f5cff23b9106d50e09ab2eacdb89b5f44d25ba3dbf138b510de7c4f3ba?s=96&d=mm&r=g\",\"contentUrl\":\"https:\/\/secure.gravatar.com\/avatar\/3ca8a9f5cff23b9106d50e09ab2eacdb89b5f44d25ba3dbf138b510de7c4f3ba?s=96&d=mm&r=g\",\"caption\":\"chavesdsa\"},\"url\":\"https:\/\/institutos.ufrrj.br\/icbs\/author\/chavesdsa1\/\"}]}<\/script>\n<!-- \/ Yoast SEO plugin. -->","yoast_head_json":{"title":"Professor do ICBS recebe Pr\u00eamio CREA - Instituto de Ci\u00eancias Biol\u00f3gicas e da Sa\u00fade","robots":{"index":"index","follow":"follow","max-snippet":"max-snippet:-1","max-image-preview":"max-image-preview:large","max-video-preview":"max-video-preview:-1"},"canonical":"https:\/\/institutos.ufrrj.br\/icbs\/2022\/09\/13\/professor-do-icbs-recebe-premio-crea\/","og_locale":"pt_BR","og_type":"article","og_title":"Professor do ICBS recebe Pr\u00eamio CREA - Instituto de Ci\u00eancias Biol\u00f3gicas e da Sa\u00fade","og_description":"O professor Francisco Gerson Ara\u00fajo receber\u00e1 o pr\u00eamio CREA-RJ de Meio Ambiente. O PR\u00caMIO CREA-RJ DE MEIO AMBIENTE \u00e9 concedido anualmente com [&hellip;]","og_url":"https:\/\/institutos.ufrrj.br\/icbs\/2022\/09\/13\/professor-do-icbs-recebe-premio-crea\/","og_site_name":"Instituto de Ci\u00eancias Biol\u00f3gicas e da Sa\u00fade","article_published_time":"2022-09-13T12:42:00+00:00","og_image":[{"width":671,"height":585,"url":"https:\/\/institutos.ufrrj.br\/icbs\/wp-content\/uploads\/sites\/6\/2022\/09\/Premio-CREA-Gerson.jpg","type":"image\/jpeg"}],"author":"chavesdsa","twitter_card":"summary_large_image","twitter_misc":{"Escrito por":"chavesdsa"},"schema":{"@context":"https:\/\/schema.org","@graph":[{"@type":"Article","@id":"https:\/\/institutos.ufrrj.br\/icbs\/2022\/09\/13\/professor-do-icbs-recebe-premio-crea\/#article","isPartOf":{"@id":"https:\/\/institutos.ufrrj.br\/icbs\/2022\/09\/13\/professor-do-icbs-recebe-premio-crea\/"},"author":{"name":"chavesdsa","@id":"https:\/\/institutos.ufrrj.br\/icbs\/#\/schema\/person\/5cbec50e2c39006c8d83b4e60390aef7"},"headline":"Professor do ICBS recebe Pr\u00eamio CREA","datePublished":"2022-09-13T12:42:00+00:00","mainEntityOfPage":{"@id":"https:\/\/institutos.ufrrj.br\/icbs\/2022\/09\/13\/professor-do-icbs-recebe-premio-crea\/"},"wordCount":78,"commentCount":0,"publisher":{"@id":"https:\/\/institutos.ufrrj.br\/icbs\/#organization"},"image":{"@id":"https:\/\/institutos.ufrrj.br\/icbs\/2022\/09\/13\/professor-do-icbs-recebe-premio-crea\/#primaryimage"},"thumbnailUrl":"https:\/\/institutos.ufrrj.br\/icbs\/wp-content\/uploads\/sites\/6\/2022\/09\/Premio-CREA-Gerson.jpg","articleSection":["Noticias"],"inLanguage":"pt-BR","potentialAction":[{"@type":"CommentAction","name":"Comment","target":["https:\/\/institutos.ufrrj.br\/icbs\/2022\/09\/13\/professor-do-icbs-recebe-premio-crea\/#respond"]}]},{"@type":"WebPage","@id":"https:\/\/institutos.ufrrj.br\/icbs\/2022\/09\/13\/professor-do-icbs-recebe-premio-crea\/","url":"https:\/\/institutos.ufrrj.br\/icbs\/2022\/09\/13\/professor-do-icbs-recebe-premio-crea\/","name":"Professor do ICBS recebe Pr\u00eamio CREA - Instituto de Ci\u00eancias Biol\u00f3gicas e da Sa\u00fade","isPartOf":{"@id":"https:\/\/institutos.ufrrj.br\/icbs\/#website"},"primaryImageOfPage":{"@id":"https:\/\/institutos.ufrrj.br\/icbs\/2022\/09\/13\/professor-do-icbs-recebe-premio-crea\/#primaryimage"},"image":{"@id":"https:\/\/institutos.ufrrj.br\/icbs\/2022\/09\/13\/professor-do-icbs-recebe-premio-crea\/#primaryimage"},"thumbnailUrl":"https:\/\/institutos.ufrrj.br\/icbs\/wp-content\/uploads\/sites\/6\/2022\/09\/Premio-CREA-Gerson.jpg","datePublished":"2022-09-13T12:42:00+00:00","breadcrumb":{"@id":"https:\/\/institutos.ufrrj.br\/icbs\/2022\/09\/13\/professor-do-icbs-recebe-premio-crea\/#breadcrumb"},"inLanguage":"pt-BR","potentialAction":[{"@type":"ReadAction","target":["https:\/\/institutos.ufrrj.br\/icbs\/2022\/09\/13\/professor-do-icbs-recebe-premio-crea\/"]}]},{"@type":"ImageObject","inLanguage":"pt-BR","@id":"https:\/\/institutos.ufrrj.br\/icbs\/2022\/09\/13\/professor-do-icbs-recebe-premio-crea\/#primaryimage","url":"https:\/\/institutos.ufrrj.br\/icbs\/wp-content\/uploads\/sites\/6\/2022\/09\/Premio-CREA-Gerson.jpg","contentUrl":"https:\/\/institutos.ufrrj.br\/icbs\/wp-content\/uploads\/sites\/6\/2022\/09\/Premio-CREA-Gerson.jpg","width":671,"height":585},{"@type":"BreadcrumbList","@id":"https:\/\/institutos.ufrrj.br\/icbs\/2022\/09\/13\/professor-do-icbs-recebe-premio-crea\/#breadcrumb","itemListElement":[{"@type":"ListItem","position":1,"name":"In\u00edcio","item":"https:\/\/institutos.ufrrj.br\/icbs\/"},{"@type":"ListItem","position":2,"name":"Professor do ICBS recebe Pr\u00eamio CREA"}]},{"@type":"WebSite","@id":"https:\/\/institutos.ufrrj.br\/icbs\/#website","url":"https:\/\/institutos.ufrrj.br\/icbs\/","name":"ICBS - Instituto de Ci\u00eancias Biol\u00f3gicas e da Sa\u00fade","description":"","publisher":{"@id":"https:\/\/institutos.ufrrj.br\/icbs\/#organization"},"potentialAction":[{"@type":"SearchAction","target":{"@type":"EntryPoint","urlTemplate":"https:\/\/institutos.ufrrj.br\/icbs\/?s={search_term_string}"},"query-input":{"@type":"PropertyValueSpecification","valueRequired":true,"valueName":"search_term_string"}}],"inLanguage":"pt-BR"},{"@type":"Organization","@id":"https:\/\/institutos.ufrrj.br\/icbs\/#organization","name":"UFRRJ - Universidade Federal Rural do Rio de Janeiro","url":"https:\/\/institutos.ufrrj.br\/icbs\/","logo":{"@type":"ImageObject","inLanguage":"pt-BR","@id":"https:\/\/institutos.ufrrj.br\/icbs\/#\/schema\/logo\/image\/","url":"https:\/\/institutos.ufrrj.br\/icbs\/wp-content\/uploads\/sites\/6\/2022\/05\/Logo-ICBS.png","contentUrl":"https:\/\/institutos.ufrrj.br\/icbs\/wp-content\/uploads\/sites\/6\/2022\/05\/Logo-ICBS.png","width":387,"height":371,"caption":"UFRRJ - Universidade Federal Rural do Rio de Janeiro"},"image":{"@id":"https:\/\/institutos.ufrrj.br\/icbs\/#\/schema\/logo\/image\/"}},{"@type":"Person","@id":"https:\/\/institutos.ufrrj.br\/icbs\/#\/schema\/person\/5cbec50e2c39006c8d83b4e60390aef7","name":"chavesdsa","image":{"@type":"ImageObject","inLanguage":"pt-BR","@id":"https:\/\/institutos.ufrrj.br\/icbs\/#\/schema\/person\/image\/","url":"https:\/\/secure.gravatar.com\/avatar\/3ca8a9f5cff23b9106d50e09ab2eacdb89b5f44d25ba3dbf138b510de7c4f3ba?s=96&d=mm&r=g","contentUrl":"https:\/\/secure.gravatar.com\/avatar\/3ca8a9f5cff23b9106d50e09ab2eacdb89b5f44d25ba3dbf138b510de7c4f3ba?s=96&d=mm&r=g","caption":"chavesdsa"},"url":"https:\/\/institutos.ufrrj.br\/icbs\/author\/chavesdsa1\/"}]}},"_links":{"self":[{"href":"https:\/\/institutos.ufrrj.br\/icbs\/wp-json\/wp\/v2\/posts\/2090","targetHints":{"allow":["GET"]}}],"collection":[{"href":"https:\/\/institutos.ufrrj.br\/icbs\/wp-json\/wp\/v2\/posts"}],"about":[{"href":"https:\/\/institutos.ufrrj.br\/icbs\/wp-json\/wp\/v2\/types\/post"}],"author":[{"embeddable":true,"href":"https:\/\/institutos.ufrrj.br\/icbs\/wp-json\/wp\/v2\/users\/63"}],"replies":[{"embeddable":true,"href":"https:\/\/institutos.ufrrj.br\/icbs\/wp-json\/wp\/v2\/comments?post=2090"}],"version-history":[{"count":1,"href":"https:\/\/institutos.ufrrj.br\/icbs\/wp-json\/wp\/v2\/posts\/2090\/revisions"}],"predecessor-version":[{"id":2092,"href":"https:\/\/institutos.ufrrj.br\/icbs\/wp-json\/wp\/v2\/posts\/2090\/revisions\/2092"}],"wp:featuredmedia":[{"embeddable":true,"href":"https:\/\/institutos.ufrrj.br\/icbs\/wp-json\/wp\/v2\/media\/2091"}],"wp:attachment":[{"href":"https:\/\/institutos.ufrrj.br\/icbs\/wp-json\/wp\/v2\/media?parent=2090"}],"wp:term":[{"taxonomy":"category","embeddable":true,"href":"https:\/\/institutos.ufrrj.br\/icbs\/wp-json\/wp\/v2\/categories?post=2090"},{"taxonomy":"post_tag","embeddable":true,"href":"https:\/\/institutos.ufrrj.br\/icbs\/wp-json\/wp\/v2\/tags?post=2090"}],"curies":[{"name":"wp","href":"https:\/\/api.w.org\/{rel}","templated":true}]}}