{"id":1888,"date":"2025-11-19T19:21:42","date_gmt":"2025-11-19T22:21:42","guid":{"rendered":"https:\/\/institutos.ufrrj.br\/ice\/?p=1888"},"modified":"2026-04-05T13:32:20","modified_gmt":"2026-04-05T16:32:20","slug":"nota-de-pesar","status":"publish","type":"post","link":"https:\/\/institutos.ufrrj.br\/ice\/nota-de-pesar\/","title":{"rendered":"Nota de Pesar"},"content":{"rendered":"\n<figure class=\"wp-block-image size-large is-resized\"><a href=\"https:\/\/institutos.ufrrj.br\/ice\/wp-content\/uploads\/sites\/2\/2025\/11\/WhatsApp-Image-2025-11-17-at-12.37.05.jpeg\"><img loading=\"lazy\" decoding=\"async\" width=\"819\" height=\"1024\" src=\"https:\/\/institutos.ufrrj.br\/ice\/wp-content\/uploads\/sites\/2\/2025\/11\/WhatsApp-Image-2025-11-17-at-12.37.05-819x1024.jpeg\" alt=\"\" class=\"wp-image-1889\" style=\"width:415px;height:auto\" srcset=\"https:\/\/institutos.ufrrj.br\/ice\/wp-content\/uploads\/sites\/2\/2025\/11\/WhatsApp-Image-2025-11-17-at-12.37.05-819x1024.jpeg 819w, https:\/\/institutos.ufrrj.br\/ice\/wp-content\/uploads\/sites\/2\/2025\/11\/WhatsApp-Image-2025-11-17-at-12.37.05-240x300.jpeg 240w, https:\/\/institutos.ufrrj.br\/ice\/wp-content\/uploads\/sites\/2\/2025\/11\/WhatsApp-Image-2025-11-17-at-12.37.05-768x960.jpeg 768w, https:\/\/institutos.ufrrj.br\/ice\/wp-content\/uploads\/sites\/2\/2025\/11\/WhatsApp-Image-2025-11-17-at-12.37.05.jpeg 1080w\" sizes=\"auto, (max-width: 819px) 100vw, 819px\" \/><\/a><\/figure>\n\n\n\n<p>\u00c9 com pesar que vimos informar sobre o falecimento de Jer\u00f4nimo Jos\u00e9 Fernandes, o nosso muito querido Seu Jer\u00ea, ocorrido na data de hoje, 17 de novembro de 2025, pela manh\u00e3. Seu Jer\u00ea \u00e9 servidor na UFRRJ desde 18 de julho de 1980, tendo exercido suas fun\u00e7\u00f5es nos \u00faltimos anos junto ao Instituto de Ci\u00eancias Exatas. Sempre muito querido, gentil e atencioso, Seu Jer\u00ea atendia a todos com gentileza e carinho.<br>Que seu caminho siga iluminado, Seu Jer\u00ea!<br>Nossas condol\u00eancias aos familiares.<\/p>\n\n\n\n<p><a href=\"https:\/\/www.instagram.com\/p\/DRKZbJ-EeCR\/?igsh=bjB2enIzcmo1MzRx\">Publica\u00e7\u00e3o no Instagram<\/a>.<\/p>\n","protected":false},"excerpt":{"rendered":"<p>\u00c9 com pesar que vimos informar sobre o falecimento de Jer\u00f4nimo Jos\u00e9 Fernandes, o nosso muito querido Seu Jer\u00ea, ocorrido na data [&hellip;]<\/p>\n","protected":false},"author":97,"featured_media":1934,"comment_status":"closed","ping_status":"open","sticky":false,"template":"","format":"standard","meta":{"_acf_changed":false,"ngg_post_thumbnail":0,"_themeisle_gutenberg_block_has_review":false,"footnotes":""},"categories":[9],"tags":[],"class_list":["post-1888","post","type-post","status-publish","format-standard","has-post-thumbnail","hentry","category-noticias"],"acf":[],"yoast_head":"<!-- This site is optimized with the Yoast SEO plugin v26.8 - https:\/\/yoast.com\/product\/yoast-seo-wordpress\/ -->\n<title>Nota de Pesar - Institutos de Ci\u00eancias Exatas - ICE<\/title>\n<meta name=\"description\" content=\"Nota de pesar sobre o falecimento de Jer\u00f4nimo Jos\u00e9 Fernandes, seu Jer\u00ea \u00e9 servidor na UFRRJ. Confira.\" \/>\n<meta name=\"robots\" content=\"index, follow, max-snippet:-1, max-image-preview:large, max-video-preview:-1\" \/>\n<link rel=\"canonical\" href=\"https:\/\/institutos.ufrrj.br\/ice\/nota-de-pesar\/\" \/>\n<meta property=\"og:locale\" content=\"pt_BR\" \/>\n<meta property=\"og:type\" content=\"article\" \/>\n<meta property=\"og:title\" content=\"Nota de Pesar - Institutos de Ci\u00eancias Exatas - ICE\" \/>\n<meta property=\"og:description\" content=\"Nota de pesar sobre o falecimento de Jer\u00f4nimo Jos\u00e9 Fernandes, seu Jer\u00ea \u00e9 servidor na UFRRJ. Confira.\" \/>\n<meta property=\"og:url\" content=\"https:\/\/institutos.ufrrj.br\/ice\/nota-de-pesar\/\" \/>\n<meta property=\"og:site_name\" content=\"Institutos de Ci\u00eancias Exatas - ICE\" \/>\n<meta property=\"article:published_time\" content=\"2025-11-19T22:21:42+00:00\" \/>\n<meta property=\"article:modified_time\" content=\"2026-04-05T16:32:20+00:00\" \/>\n<meta property=\"og:image\" content=\"https:\/\/institutos.ufrrj.br\/ice\/wp-content\/uploads\/sites\/2\/2025\/10\/PESAR-1024x577.png\" \/>\n\t<meta property=\"og:image:width\" content=\"1024\" \/>\n\t<meta property=\"og:image:height\" content=\"577\" \/>\n\t<meta property=\"og:image:type\" content=\"image\/png\" \/>\n<meta name=\"author\" content=\"Gisela Maria\" \/>\n<meta name=\"twitter:card\" content=\"summary_large_image\" \/>\n<meta name=\"twitter:label1\" content=\"Escrito por\" \/>\n\t<meta name=\"twitter:data1\" content=\"Gisela Maria\" \/>\n\t<meta name=\"twitter:label2\" content=\"Est. tempo de leitura\" \/>\n\t<meta name=\"twitter:data2\" content=\"1 minuto\" \/>\n<script type=\"application\/ld+json\" class=\"yoast-schema-graph\">{\"@context\":\"https:\/\/schema.org\",\"@graph\":[{\"@type\":\"Article\",\"@id\":\"https:\/\/institutos.ufrrj.br\/ice\/nota-de-pesar\/#article\",\"isPartOf\":{\"@id\":\"https:\/\/institutos.ufrrj.br\/ice\/nota-de-pesar\/\"},\"author\":{\"name\":\"Gisela Maria\",\"@id\":\"https:\/\/institutos.ufrrj.br\/ice\/#\/schema\/person\/e55fe7a7ad2dcf7c4584f39e9cef90c4\"},\"headline\":\"Nota de Pesar\",\"datePublished\":\"2025-11-19T22:21:42+00:00\",\"dateModified\":\"2026-04-05T16:32:20+00:00\",\"mainEntityOfPage\":{\"@id\":\"https:\/\/institutos.ufrrj.br\/ice\/nota-de-pesar\/\"},\"wordCount\":87,\"image\":{\"@id\":\"https:\/\/institutos.ufrrj.br\/ice\/nota-de-pesar\/#primaryimage\"},\"thumbnailUrl\":\"https:\/\/institutos.ufrrj.br\/ice\/wp-content\/uploads\/sites\/2\/2025\/10\/PESAR.png\",\"articleSection\":[\"Not\u00edcias\"],\"inLanguage\":\"pt-BR\"},{\"@type\":\"WebPage\",\"@id\":\"https:\/\/institutos.ufrrj.br\/ice\/nota-de-pesar\/\",\"url\":\"https:\/\/institutos.ufrrj.br\/ice\/nota-de-pesar\/\",\"name\":\"Nota de Pesar - Institutos de Ci\u00eancias Exatas - ICE\",\"isPartOf\":{\"@id\":\"https:\/\/institutos.ufrrj.br\/ice\/#website\"},\"primaryImageOfPage\":{\"@id\":\"https:\/\/institutos.ufrrj.br\/ice\/nota-de-pesar\/#primaryimage\"},\"image\":{\"@id\":\"https:\/\/institutos.ufrrj.br\/ice\/nota-de-pesar\/#primaryimage\"},\"thumbnailUrl\":\"https:\/\/institutos.ufrrj.br\/ice\/wp-content\/uploads\/sites\/2\/2025\/10\/PESAR.png\",\"datePublished\":\"2025-11-19T22:21:42+00:00\",\"dateModified\":\"2026-04-05T16:32:20+00:00\",\"author\":{\"@id\":\"https:\/\/institutos.ufrrj.br\/ice\/#\/schema\/person\/e55fe7a7ad2dcf7c4584f39e9cef90c4\"},\"description\":\"Nota de pesar sobre o falecimento de Jer\u00f4nimo Jos\u00e9 Fernandes, seu Jer\u00ea \u00e9 servidor na UFRRJ. Confira.\",\"breadcrumb\":{\"@id\":\"https:\/\/institutos.ufrrj.br\/ice\/nota-de-pesar\/#breadcrumb\"},\"inLanguage\":\"pt-BR\",\"potentialAction\":[{\"@type\":\"ReadAction\",\"target\":[\"https:\/\/institutos.ufrrj.br\/ice\/nota-de-pesar\/\"]}]},{\"@type\":\"ImageObject\",\"inLanguage\":\"pt-BR\",\"@id\":\"https:\/\/institutos.ufrrj.br\/ice\/nota-de-pesar\/#primaryimage\",\"url\":\"https:\/\/institutos.ufrrj.br\/ice\/wp-content\/uploads\/sites\/2\/2025\/10\/PESAR.png\",\"contentUrl\":\"https:\/\/institutos.ufrrj.br\/ice\/wp-content\/uploads\/sites\/2\/2025\/10\/PESAR.png\",\"width\":1640,\"height\":924},{\"@type\":\"BreadcrumbList\",\"@id\":\"https:\/\/institutos.ufrrj.br\/ice\/nota-de-pesar\/#breadcrumb\",\"itemListElement\":[{\"@type\":\"ListItem\",\"position\":1,\"name\":\"In\u00edcio\",\"item\":\"https:\/\/institutos.ufrrj.br\/ice\/\"},{\"@type\":\"ListItem\",\"position\":2,\"name\":\"Nota de Pesar\"}]},{\"@type\":\"WebSite\",\"@id\":\"https:\/\/institutos.ufrrj.br\/ice\/#website\",\"url\":\"https:\/\/institutos.ufrrj.br\/ice\/\",\"name\":\"Institutos de Ci\u00eancias Exatas - ICE\",\"description\":\"CAMPUS SEROP\u00c9DICA - UFRRJ\",\"potentialAction\":[{\"@type\":\"SearchAction\",\"target\":{\"@type\":\"EntryPoint\",\"urlTemplate\":\"https:\/\/institutos.ufrrj.br\/ice\/?s={search_term_string}\"},\"query-input\":{\"@type\":\"PropertyValueSpecification\",\"valueRequired\":true,\"valueName\":\"search_term_string\"}}],\"inLanguage\":\"pt-BR\"},{\"@type\":\"Person\",\"@id\":\"https:\/\/institutos.ufrrj.br\/ice\/#\/schema\/person\/e55fe7a7ad2dcf7c4584f39e9cef90c4\",\"name\":\"Gisela Maria\",\"image\":{\"@type\":\"ImageObject\",\"inLanguage\":\"pt-BR\",\"@id\":\"https:\/\/institutos.ufrrj.br\/ice\/#\/schema\/person\/image\/\",\"url\":\"https:\/\/secure.gravatar.com\/avatar\/d7ddd81bfa7638ea8bd1df9a330faf1f9446b60fcfc40aa3d699960afb27dac6?s=96&d=mm&r=g\",\"contentUrl\":\"https:\/\/secure.gravatar.com\/avatar\/d7ddd81bfa7638ea8bd1df9a330faf1f9446b60fcfc40aa3d699960afb27dac6?s=96&d=mm&r=g\",\"caption\":\"Gisela Maria\"},\"description\":\"GLPI 36404\",\"url\":\"https:\/\/institutos.ufrrj.br\/ice\/author\/giselamaria\/\"}]}<\/script>\n<!-- \/ Yoast SEO plugin. -->","yoast_head_json":{"title":"Nota de Pesar - Institutos de Ci\u00eancias Exatas - ICE","description":"Nota de pesar sobre o falecimento de Jer\u00f4nimo Jos\u00e9 Fernandes, seu Jer\u00ea \u00e9 servidor na UFRRJ. Confira.","robots":{"index":"index","follow":"follow","max-snippet":"max-snippet:-1","max-image-preview":"max-image-preview:large","max-video-preview":"max-video-preview:-1"},"canonical":"https:\/\/institutos.ufrrj.br\/ice\/nota-de-pesar\/","og_locale":"pt_BR","og_type":"article","og_title":"Nota de Pesar - Institutos de Ci\u00eancias Exatas - ICE","og_description":"Nota de pesar sobre o falecimento de Jer\u00f4nimo Jos\u00e9 Fernandes, seu Jer\u00ea \u00e9 servidor na UFRRJ. Confira.","og_url":"https:\/\/institutos.ufrrj.br\/ice\/nota-de-pesar\/","og_site_name":"Institutos de Ci\u00eancias Exatas - ICE","article_published_time":"2025-11-19T22:21:42+00:00","article_modified_time":"2026-04-05T16:32:20+00:00","og_image":[{"width":1024,"height":577,"url":"https:\/\/institutos.ufrrj.br\/ice\/wp-content\/uploads\/sites\/2\/2025\/10\/PESAR-1024x577.png","type":"image\/png"}],"author":"Gisela Maria","twitter_card":"summary_large_image","twitter_misc":{"Escrito por":"Gisela Maria","Est. tempo de leitura":"1 minuto"},"schema":{"@context":"https:\/\/schema.org","@graph":[{"@type":"Article","@id":"https:\/\/institutos.ufrrj.br\/ice\/nota-de-pesar\/#article","isPartOf":{"@id":"https:\/\/institutos.ufrrj.br\/ice\/nota-de-pesar\/"},"author":{"name":"Gisela Maria","@id":"https:\/\/institutos.ufrrj.br\/ice\/#\/schema\/person\/e55fe7a7ad2dcf7c4584f39e9cef90c4"},"headline":"Nota de Pesar","datePublished":"2025-11-19T22:21:42+00:00","dateModified":"2026-04-05T16:32:20+00:00","mainEntityOfPage":{"@id":"https:\/\/institutos.ufrrj.br\/ice\/nota-de-pesar\/"},"wordCount":87,"image":{"@id":"https:\/\/institutos.ufrrj.br\/ice\/nota-de-pesar\/#primaryimage"},"thumbnailUrl":"https:\/\/institutos.ufrrj.br\/ice\/wp-content\/uploads\/sites\/2\/2025\/10\/PESAR.png","articleSection":["Not\u00edcias"],"inLanguage":"pt-BR"},{"@type":"WebPage","@id":"https:\/\/institutos.ufrrj.br\/ice\/nota-de-pesar\/","url":"https:\/\/institutos.ufrrj.br\/ice\/nota-de-pesar\/","name":"Nota de Pesar - Institutos de Ci\u00eancias Exatas - ICE","isPartOf":{"@id":"https:\/\/institutos.ufrrj.br\/ice\/#website"},"primaryImageOfPage":{"@id":"https:\/\/institutos.ufrrj.br\/ice\/nota-de-pesar\/#primaryimage"},"image":{"@id":"https:\/\/institutos.ufrrj.br\/ice\/nota-de-pesar\/#primaryimage"},"thumbnailUrl":"https:\/\/institutos.ufrrj.br\/ice\/wp-content\/uploads\/sites\/2\/2025\/10\/PESAR.png","datePublished":"2025-11-19T22:21:42+00:00","dateModified":"2026-04-05T16:32:20+00:00","author":{"@id":"https:\/\/institutos.ufrrj.br\/ice\/#\/schema\/person\/e55fe7a7ad2dcf7c4584f39e9cef90c4"},"description":"Nota de pesar sobre o falecimento de Jer\u00f4nimo Jos\u00e9 Fernandes, seu Jer\u00ea \u00e9 servidor na UFRRJ. Confira.","breadcrumb":{"@id":"https:\/\/institutos.ufrrj.br\/ice\/nota-de-pesar\/#breadcrumb"},"inLanguage":"pt-BR","potentialAction":[{"@type":"ReadAction","target":["https:\/\/institutos.ufrrj.br\/ice\/nota-de-pesar\/"]}]},{"@type":"ImageObject","inLanguage":"pt-BR","@id":"https:\/\/institutos.ufrrj.br\/ice\/nota-de-pesar\/#primaryimage","url":"https:\/\/institutos.ufrrj.br\/ice\/wp-content\/uploads\/sites\/2\/2025\/10\/PESAR.png","contentUrl":"https:\/\/institutos.ufrrj.br\/ice\/wp-content\/uploads\/sites\/2\/2025\/10\/PESAR.png","width":1640,"height":924},{"@type":"BreadcrumbList","@id":"https:\/\/institutos.ufrrj.br\/ice\/nota-de-pesar\/#breadcrumb","itemListElement":[{"@type":"ListItem","position":1,"name":"In\u00edcio","item":"https:\/\/institutos.ufrrj.br\/ice\/"},{"@type":"ListItem","position":2,"name":"Nota de Pesar"}]},{"@type":"WebSite","@id":"https:\/\/institutos.ufrrj.br\/ice\/#website","url":"https:\/\/institutos.ufrrj.br\/ice\/","name":"Institutos de Ci\u00eancias Exatas - ICE","description":"CAMPUS SEROP\u00c9DICA - UFRRJ","potentialAction":[{"@type":"SearchAction","target":{"@type":"EntryPoint","urlTemplate":"https:\/\/institutos.ufrrj.br\/ice\/?s={search_term_string}"},"query-input":{"@type":"PropertyValueSpecification","valueRequired":true,"valueName":"search_term_string"}}],"inLanguage":"pt-BR"},{"@type":"Person","@id":"https:\/\/institutos.ufrrj.br\/ice\/#\/schema\/person\/e55fe7a7ad2dcf7c4584f39e9cef90c4","name":"Gisela Maria","image":{"@type":"ImageObject","inLanguage":"pt-BR","@id":"https:\/\/institutos.ufrrj.br\/ice\/#\/schema\/person\/image\/","url":"https:\/\/secure.gravatar.com\/avatar\/d7ddd81bfa7638ea8bd1df9a330faf1f9446b60fcfc40aa3d699960afb27dac6?s=96&d=mm&r=g","contentUrl":"https:\/\/secure.gravatar.com\/avatar\/d7ddd81bfa7638ea8bd1df9a330faf1f9446b60fcfc40aa3d699960afb27dac6?s=96&d=mm&r=g","caption":"Gisela Maria"},"description":"GLPI 36404","url":"https:\/\/institutos.ufrrj.br\/ice\/author\/giselamaria\/"}]}},"_links":{"self":[{"href":"https:\/\/institutos.ufrrj.br\/ice\/wp-json\/wp\/v2\/posts\/1888","targetHints":{"allow":["GET"]}}],"collection":[{"href":"https:\/\/institutos.ufrrj.br\/ice\/wp-json\/wp\/v2\/posts"}],"about":[{"href":"https:\/\/institutos.ufrrj.br\/ice\/wp-json\/wp\/v2\/types\/post"}],"author":[{"embeddable":true,"href":"https:\/\/institutos.ufrrj.br\/ice\/wp-json\/wp\/v2\/users\/97"}],"replies":[{"embeddable":true,"href":"https:\/\/institutos.ufrrj.br\/ice\/wp-json\/wp\/v2\/comments?post=1888"}],"version-history":[{"count":1,"href":"https:\/\/institutos.ufrrj.br\/ice\/wp-json\/wp\/v2\/posts\/1888\/revisions"}],"predecessor-version":[{"id":1890,"href":"https:\/\/institutos.ufrrj.br\/ice\/wp-json\/wp\/v2\/posts\/1888\/revisions\/1890"}],"wp:featuredmedia":[{"embeddable":true,"href":"https:\/\/institutos.ufrrj.br\/ice\/wp-json\/wp\/v2\/media\/1934"}],"wp:attachment":[{"href":"https:\/\/institutos.ufrrj.br\/ice\/wp-json\/wp\/v2\/media?parent=1888"}],"wp:term":[{"taxonomy":"category","embeddable":true,"href":"https:\/\/institutos.ufrrj.br\/ice\/wp-json\/wp\/v2\/categories?post=1888"},{"taxonomy":"post_tag","embeddable":true,"href":"https:\/\/institutos.ufrrj.br\/ice\/wp-json\/wp\/v2\/tags?post=1888"}],"curies":[{"name":"wp","href":"https:\/\/api.w.org\/{rel}","templated":true}]}}