{"id":1924,"date":"2026-03-29T19:01:42","date_gmt":"2026-03-29T22:01:42","guid":{"rendered":"https:\/\/institutos.ufrrj.br\/ice\/?p=1924"},"modified":"2026-03-29T19:02:45","modified_gmt":"2026-03-29T22:02:45","slug":"editais-para-selecao-de-representantes-docentes-e-tecnicos-no-consuni","status":"publish","type":"post","link":"https:\/\/institutos.ufrrj.br\/ice\/editais-para-selecao-de-representantes-docentes-e-tecnicos-no-consuni\/","title":{"rendered":"EDITAIS PARA SELE\u00c7\u00c3O DE REPRESENTANTES DOCENTES E T\u00c9CNICOS NO CONSUNI"},"content":{"rendered":"\n<p>Tornamos p\u00fablicos o Editais N\u00ba 01 \/ 2026 &#8211; ICE e N\u00ba 02 \/ 2026 &#8211; ICE para sele\u00e7\u00e3o de representantes t\u00e9cnicos e docentes no Conselho da Unidade (CONSUNI).<\/p>\n\n\n\n<p>Entendemos a import\u00e2ncia da  transpar\u00eancia quanto ao processo e tamb\u00e9m convidamos a todos \u00e0 participa\u00e7\u00e3o respons\u00e1vel pelo futuro da nossa universidade, uma vez que o CONSUNI \u00e9 o \u00f3rg\u00e3o m\u00e1ximo de consulta e delibera\u00e7\u00e3o coletiva dentro dos Institutos, respons\u00e1vel por decis\u00f5es acad\u00eamicas, administrativas e disciplinares.<\/p>\n\n\n\n<p>Edital N\u00ba 01 \/ 2026 &#8211; ICE | T\u00e9cnicos:<\/p>\n\n\n\n<div data-wp-interactive=\"core\/file\" class=\"wp-block-file\"><object data-wp-bind--hidden=\"!state.hasPdfPreview\" hidden class=\"wp-block-file__embed\" data=\"https:\/\/institutos.ufrrj.br\/ice\/wp-content\/uploads\/sites\/2\/2026\/03\/Edital-tecnicos-CONSUNI.pdf\" type=\"application\/pdf\" style=\"width:100%;height:600px\" aria-label=\"Incorporado de Edital te\u0301cnicos CONSUNI.\"><\/object><a id=\"wp-block-file--media-564f9272-f3cf-4406-8173-cff31cf19705\" href=\"https:\/\/institutos.ufrrj.br\/ice\/wp-content\/uploads\/sites\/2\/2026\/03\/Edital-tecnicos-CONSUNI.pdf\">Edital te\u0301cnicos CONSUNI<\/a><a href=\"https:\/\/institutos.ufrrj.br\/ice\/wp-content\/uploads\/sites\/2\/2026\/03\/Edital-tecnicos-CONSUNI.pdf\" class=\"wp-block-file__button wp-element-button\" download aria-describedby=\"wp-block-file--media-564f9272-f3cf-4406-8173-cff31cf19705\">Baixar<\/a><\/div>\n\n\n\n<p>Edital N\u00ba 02 \/ 2026 &#8211; ICE | Docentes:<\/p>\n\n\n\n<div data-wp-interactive=\"core\/file\" class=\"wp-block-file\"><object data-wp-bind--hidden=\"!state.hasPdfPreview\" hidden class=\"wp-block-file__embed\" data=\"https:\/\/institutos.ufrrj.br\/ice\/wp-content\/uploads\/sites\/2\/2026\/03\/Edital-docentes-CONSUNI.pdf\" type=\"application\/pdf\" style=\"width:100%;height:600px\" aria-label=\"Incorporado de Edital docentes CONSUNI.\"><\/object><a id=\"wp-block-file--media-5d025f18-f997-423f-90a1-ea85d9eec702\" href=\"https:\/\/institutos.ufrrj.br\/ice\/wp-content\/uploads\/sites\/2\/2026\/03\/Edital-docentes-CONSUNI.pdf\">Edital docentes CONSUNI<\/a><a href=\"https:\/\/institutos.ufrrj.br\/ice\/wp-content\/uploads\/sites\/2\/2026\/03\/Edital-docentes-CONSUNI.pdf\" class=\"wp-block-file__button wp-element-button\" download aria-describedby=\"wp-block-file--media-5d025f18-f997-423f-90a1-ea85d9eec702\">Baixar<\/a><\/div>\n","protected":false},"excerpt":{"rendered":"<p>Tornamos p\u00fablicos o Editais N\u00ba 01 \/ 2026 &#8211; ICE e N\u00ba 02 \/ 2026 &#8211; ICE para sele\u00e7\u00e3o de representantes t\u00e9cnicos [&hellip;]<\/p>\n","protected":false},"author":97,"featured_media":1785,"comment_status":"closed","ping_status":"open","sticky":false,"template":"","format":"standard","meta":{"_acf_changed":false,"ngg_post_thumbnail":0,"_themeisle_gutenberg_block_has_review":false,"footnotes":""},"categories":[9],"tags":[],"class_list":["post-1924","post","type-post","status-publish","format-standard","has-post-thumbnail","hentry","category-noticias"],"acf":[],"yoast_head":"<!-- This site is optimized with the Yoast SEO plugin v26.8 - https:\/\/yoast.com\/product\/yoast-seo-wordpress\/ -->\n<title>EDITAIS PARA SELE\u00c7\u00c3O DE REPRESENTANTES DOCENTES E T\u00c9CNICOS NO CONSUNI - Institutos de Ci\u00eancias Exatas - ICE<\/title>\n<meta name=\"description\" content=\"Acesse aqui os Editais para sele\u00e7\u00e3o de representa\u00e7\u00e3o t\u00e9cnica e docente no CONSUNI.\" \/>\n<meta name=\"robots\" content=\"index, follow, max-snippet:-1, max-image-preview:large, max-video-preview:-1\" \/>\n<link rel=\"canonical\" href=\"https:\/\/institutos.ufrrj.br\/ice\/editais-para-selecao-de-representantes-docentes-e-tecnicos-no-consuni\/\" \/>\n<meta property=\"og:locale\" content=\"pt_BR\" \/>\n<meta property=\"og:type\" content=\"article\" \/>\n<meta property=\"og:title\" content=\"EDITAIS PARA SELE\u00c7\u00c3O DE REPRESENTANTES DOCENTES E T\u00c9CNICOS NO CONSUNI - Institutos de Ci\u00eancias Exatas - ICE\" \/>\n<meta property=\"og:description\" content=\"Acesse aqui os Editais para sele\u00e7\u00e3o de representa\u00e7\u00e3o t\u00e9cnica e docente no CONSUNI.\" \/>\n<meta property=\"og:url\" content=\"https:\/\/institutos.ufrrj.br\/ice\/editais-para-selecao-de-representantes-docentes-e-tecnicos-no-consuni\/\" \/>\n<meta property=\"og:site_name\" content=\"Institutos de Ci\u00eancias Exatas - ICE\" \/>\n<meta property=\"article:published_time\" content=\"2026-03-29T22:01:42+00:00\" \/>\n<meta property=\"article:modified_time\" content=\"2026-03-29T22:02:45+00:00\" \/>\n<meta property=\"og:image\" content=\"https:\/\/institutos.ufrrj.br\/ice\/wp-content\/uploads\/sites\/2\/2025\/05\/Noti\u0301cia-do-tipo-Atenc\u0327a\u0303o-prazos-etc.jpg\" \/>\n\t<meta property=\"og:image:width\" content=\"1640\" \/>\n\t<meta property=\"og:image:height\" content=\"924\" \/>\n\t<meta property=\"og:image:type\" content=\"image\/jpeg\" \/>\n<meta name=\"author\" content=\"Gisela Maria\" \/>\n<meta name=\"twitter:card\" content=\"summary_large_image\" \/>\n<meta name=\"twitter:label1\" content=\"Escrito por\" \/>\n\t<meta name=\"twitter:data1\" content=\"Gisela Maria\" \/>\n\t<meta name=\"twitter:label2\" content=\"Est. tempo de leitura\" \/>\n\t<meta name=\"twitter:data2\" content=\"1 minuto\" \/>\n<script type=\"application\/ld+json\" class=\"yoast-schema-graph\">{\"@context\":\"https:\/\/schema.org\",\"@graph\":[{\"@type\":\"Article\",\"@id\":\"https:\/\/institutos.ufrrj.br\/ice\/editais-para-selecao-de-representantes-docentes-e-tecnicos-no-consuni\/#article\",\"isPartOf\":{\"@id\":\"https:\/\/institutos.ufrrj.br\/ice\/editais-para-selecao-de-representantes-docentes-e-tecnicos-no-consuni\/\"},\"author\":{\"name\":\"Gisela Maria\",\"@id\":\"https:\/\/institutos.ufrrj.br\/ice\/#\/schema\/person\/e55fe7a7ad2dcf7c4584f39e9cef90c4\"},\"headline\":\"EDITAIS PARA SELE\u00c7\u00c3O DE REPRESENTANTES DOCENTES E T\u00c9CNICOS NO CONSUNI\",\"datePublished\":\"2026-03-29T22:01:42+00:00\",\"dateModified\":\"2026-03-29T22:02:45+00:00\",\"mainEntityOfPage\":{\"@id\":\"https:\/\/institutos.ufrrj.br\/ice\/editais-para-selecao-de-representantes-docentes-e-tecnicos-no-consuni\/\"},\"wordCount\":112,\"image\":{\"@id\":\"https:\/\/institutos.ufrrj.br\/ice\/editais-para-selecao-de-representantes-docentes-e-tecnicos-no-consuni\/#primaryimage\"},\"thumbnailUrl\":\"https:\/\/institutos.ufrrj.br\/ice\/wp-content\/uploads\/sites\/2\/2025\/05\/Noti\u0301cia-do-tipo-Atenc\u0327a\u0303o-prazos-etc.jpg\",\"articleSection\":[\"Not\u00edcias\"],\"inLanguage\":\"pt-BR\"},{\"@type\":\"WebPage\",\"@id\":\"https:\/\/institutos.ufrrj.br\/ice\/editais-para-selecao-de-representantes-docentes-e-tecnicos-no-consuni\/\",\"url\":\"https:\/\/institutos.ufrrj.br\/ice\/editais-para-selecao-de-representantes-docentes-e-tecnicos-no-consuni\/\",\"name\":\"EDITAIS PARA SELE\u00c7\u00c3O DE REPRESENTANTES DOCENTES E T\u00c9CNICOS NO CONSUNI - Institutos de Ci\u00eancias Exatas - ICE\",\"isPartOf\":{\"@id\":\"https:\/\/institutos.ufrrj.br\/ice\/#website\"},\"primaryImageOfPage\":{\"@id\":\"https:\/\/institutos.ufrrj.br\/ice\/editais-para-selecao-de-representantes-docentes-e-tecnicos-no-consuni\/#primaryimage\"},\"image\":{\"@id\":\"https:\/\/institutos.ufrrj.br\/ice\/editais-para-selecao-de-representantes-docentes-e-tecnicos-no-consuni\/#primaryimage\"},\"thumbnailUrl\":\"https:\/\/institutos.ufrrj.br\/ice\/wp-content\/uploads\/sites\/2\/2025\/05\/Noti\u0301cia-do-tipo-Atenc\u0327a\u0303o-prazos-etc.jpg\",\"datePublished\":\"2026-03-29T22:01:42+00:00\",\"dateModified\":\"2026-03-29T22:02:45+00:00\",\"author\":{\"@id\":\"https:\/\/institutos.ufrrj.br\/ice\/#\/schema\/person\/e55fe7a7ad2dcf7c4584f39e9cef90c4\"},\"description\":\"Acesse aqui os Editais para sele\u00e7\u00e3o de representa\u00e7\u00e3o t\u00e9cnica e docente no CONSUNI.\",\"breadcrumb\":{\"@id\":\"https:\/\/institutos.ufrrj.br\/ice\/editais-para-selecao-de-representantes-docentes-e-tecnicos-no-consuni\/#breadcrumb\"},\"inLanguage\":\"pt-BR\",\"potentialAction\":[{\"@type\":\"ReadAction\",\"target\":[\"https:\/\/institutos.ufrrj.br\/ice\/editais-para-selecao-de-representantes-docentes-e-tecnicos-no-consuni\/\"]}]},{\"@type\":\"ImageObject\",\"inLanguage\":\"pt-BR\",\"@id\":\"https:\/\/institutos.ufrrj.br\/ice\/editais-para-selecao-de-representantes-docentes-e-tecnicos-no-consuni\/#primaryimage\",\"url\":\"https:\/\/institutos.ufrrj.br\/ice\/wp-content\/uploads\/sites\/2\/2025\/05\/Noti\u0301cia-do-tipo-Atenc\u0327a\u0303o-prazos-etc.jpg\",\"contentUrl\":\"https:\/\/institutos.ufrrj.br\/ice\/wp-content\/uploads\/sites\/2\/2025\/05\/Noti\u0301cia-do-tipo-Atenc\u0327a\u0303o-prazos-etc.jpg\",\"width\":1640,\"height\":924},{\"@type\":\"BreadcrumbList\",\"@id\":\"https:\/\/institutos.ufrrj.br\/ice\/editais-para-selecao-de-representantes-docentes-e-tecnicos-no-consuni\/#breadcrumb\",\"itemListElement\":[{\"@type\":\"ListItem\",\"position\":1,\"name\":\"In\u00edcio\",\"item\":\"https:\/\/institutos.ufrrj.br\/ice\/\"},{\"@type\":\"ListItem\",\"position\":2,\"name\":\"EDITAIS PARA SELE\u00c7\u00c3O DE REPRESENTANTES DOCENTES E T\u00c9CNICOS NO CONSUNI\"}]},{\"@type\":\"WebSite\",\"@id\":\"https:\/\/institutos.ufrrj.br\/ice\/#website\",\"url\":\"https:\/\/institutos.ufrrj.br\/ice\/\",\"name\":\"Institutos de Ci\u00eancias Exatas - ICE\",\"description\":\"CAMPUS SEROP\u00c9DICA - UFRRJ\",\"potentialAction\":[{\"@type\":\"SearchAction\",\"target\":{\"@type\":\"EntryPoint\",\"urlTemplate\":\"https:\/\/institutos.ufrrj.br\/ice\/?s={search_term_string}\"},\"query-input\":{\"@type\":\"PropertyValueSpecification\",\"valueRequired\":true,\"valueName\":\"search_term_string\"}}],\"inLanguage\":\"pt-BR\"},{\"@type\":\"Person\",\"@id\":\"https:\/\/institutos.ufrrj.br\/ice\/#\/schema\/person\/e55fe7a7ad2dcf7c4584f39e9cef90c4\",\"name\":\"Gisela Maria\",\"image\":{\"@type\":\"ImageObject\",\"inLanguage\":\"pt-BR\",\"@id\":\"https:\/\/institutos.ufrrj.br\/ice\/#\/schema\/person\/image\/\",\"url\":\"https:\/\/secure.gravatar.com\/avatar\/d7ddd81bfa7638ea8bd1df9a330faf1f9446b60fcfc40aa3d699960afb27dac6?s=96&d=mm&r=g\",\"contentUrl\":\"https:\/\/secure.gravatar.com\/avatar\/d7ddd81bfa7638ea8bd1df9a330faf1f9446b60fcfc40aa3d699960afb27dac6?s=96&d=mm&r=g\",\"caption\":\"Gisela Maria\"},\"description\":\"GLPI 36404\",\"url\":\"https:\/\/institutos.ufrrj.br\/ice\/author\/giselamaria\/\"}]}<\/script>\n<!-- \/ Yoast SEO plugin. -->","yoast_head_json":{"title":"EDITAIS PARA SELE\u00c7\u00c3O DE REPRESENTANTES DOCENTES E T\u00c9CNICOS NO CONSUNI - Institutos de Ci\u00eancias Exatas - ICE","description":"Acesse aqui os Editais para sele\u00e7\u00e3o de representa\u00e7\u00e3o t\u00e9cnica e docente no CONSUNI.","robots":{"index":"index","follow":"follow","max-snippet":"max-snippet:-1","max-image-preview":"max-image-preview:large","max-video-preview":"max-video-preview:-1"},"canonical":"https:\/\/institutos.ufrrj.br\/ice\/editais-para-selecao-de-representantes-docentes-e-tecnicos-no-consuni\/","og_locale":"pt_BR","og_type":"article","og_title":"EDITAIS PARA SELE\u00c7\u00c3O DE REPRESENTANTES DOCENTES E T\u00c9CNICOS NO CONSUNI - Institutos de Ci\u00eancias Exatas - ICE","og_description":"Acesse aqui os Editais para sele\u00e7\u00e3o de representa\u00e7\u00e3o t\u00e9cnica e docente no CONSUNI.","og_url":"https:\/\/institutos.ufrrj.br\/ice\/editais-para-selecao-de-representantes-docentes-e-tecnicos-no-consuni\/","og_site_name":"Institutos de Ci\u00eancias Exatas - ICE","article_published_time":"2026-03-29T22:01:42+00:00","article_modified_time":"2026-03-29T22:02:45+00:00","og_image":[{"width":1640,"height":924,"url":"https:\/\/institutos.ufrrj.br\/ice\/wp-content\/uploads\/sites\/2\/2025\/05\/Noti\u0301cia-do-tipo-Atenc\u0327a\u0303o-prazos-etc.jpg","type":"image\/jpeg"}],"author":"Gisela Maria","twitter_card":"summary_large_image","twitter_misc":{"Escrito por":"Gisela Maria","Est. tempo de leitura":"1 minuto"},"schema":{"@context":"https:\/\/schema.org","@graph":[{"@type":"Article","@id":"https:\/\/institutos.ufrrj.br\/ice\/editais-para-selecao-de-representantes-docentes-e-tecnicos-no-consuni\/#article","isPartOf":{"@id":"https:\/\/institutos.ufrrj.br\/ice\/editais-para-selecao-de-representantes-docentes-e-tecnicos-no-consuni\/"},"author":{"name":"Gisela Maria","@id":"https:\/\/institutos.ufrrj.br\/ice\/#\/schema\/person\/e55fe7a7ad2dcf7c4584f39e9cef90c4"},"headline":"EDITAIS PARA SELE\u00c7\u00c3O DE REPRESENTANTES DOCENTES E T\u00c9CNICOS NO CONSUNI","datePublished":"2026-03-29T22:01:42+00:00","dateModified":"2026-03-29T22:02:45+00:00","mainEntityOfPage":{"@id":"https:\/\/institutos.ufrrj.br\/ice\/editais-para-selecao-de-representantes-docentes-e-tecnicos-no-consuni\/"},"wordCount":112,"image":{"@id":"https:\/\/institutos.ufrrj.br\/ice\/editais-para-selecao-de-representantes-docentes-e-tecnicos-no-consuni\/#primaryimage"},"thumbnailUrl":"https:\/\/institutos.ufrrj.br\/ice\/wp-content\/uploads\/sites\/2\/2025\/05\/Noti\u0301cia-do-tipo-Atenc\u0327a\u0303o-prazos-etc.jpg","articleSection":["Not\u00edcias"],"inLanguage":"pt-BR"},{"@type":"WebPage","@id":"https:\/\/institutos.ufrrj.br\/ice\/editais-para-selecao-de-representantes-docentes-e-tecnicos-no-consuni\/","url":"https:\/\/institutos.ufrrj.br\/ice\/editais-para-selecao-de-representantes-docentes-e-tecnicos-no-consuni\/","name":"EDITAIS PARA SELE\u00c7\u00c3O DE REPRESENTANTES DOCENTES E T\u00c9CNICOS NO CONSUNI - Institutos de Ci\u00eancias Exatas - ICE","isPartOf":{"@id":"https:\/\/institutos.ufrrj.br\/ice\/#website"},"primaryImageOfPage":{"@id":"https:\/\/institutos.ufrrj.br\/ice\/editais-para-selecao-de-representantes-docentes-e-tecnicos-no-consuni\/#primaryimage"},"image":{"@id":"https:\/\/institutos.ufrrj.br\/ice\/editais-para-selecao-de-representantes-docentes-e-tecnicos-no-consuni\/#primaryimage"},"thumbnailUrl":"https:\/\/institutos.ufrrj.br\/ice\/wp-content\/uploads\/sites\/2\/2025\/05\/Noti\u0301cia-do-tipo-Atenc\u0327a\u0303o-prazos-etc.jpg","datePublished":"2026-03-29T22:01:42+00:00","dateModified":"2026-03-29T22:02:45+00:00","author":{"@id":"https:\/\/institutos.ufrrj.br\/ice\/#\/schema\/person\/e55fe7a7ad2dcf7c4584f39e9cef90c4"},"description":"Acesse aqui os Editais para sele\u00e7\u00e3o de representa\u00e7\u00e3o t\u00e9cnica e docente no CONSUNI.","breadcrumb":{"@id":"https:\/\/institutos.ufrrj.br\/ice\/editais-para-selecao-de-representantes-docentes-e-tecnicos-no-consuni\/#breadcrumb"},"inLanguage":"pt-BR","potentialAction":[{"@type":"ReadAction","target":["https:\/\/institutos.ufrrj.br\/ice\/editais-para-selecao-de-representantes-docentes-e-tecnicos-no-consuni\/"]}]},{"@type":"ImageObject","inLanguage":"pt-BR","@id":"https:\/\/institutos.ufrrj.br\/ice\/editais-para-selecao-de-representantes-docentes-e-tecnicos-no-consuni\/#primaryimage","url":"https:\/\/institutos.ufrrj.br\/ice\/wp-content\/uploads\/sites\/2\/2025\/05\/Noti\u0301cia-do-tipo-Atenc\u0327a\u0303o-prazos-etc.jpg","contentUrl":"https:\/\/institutos.ufrrj.br\/ice\/wp-content\/uploads\/sites\/2\/2025\/05\/Noti\u0301cia-do-tipo-Atenc\u0327a\u0303o-prazos-etc.jpg","width":1640,"height":924},{"@type":"BreadcrumbList","@id":"https:\/\/institutos.ufrrj.br\/ice\/editais-para-selecao-de-representantes-docentes-e-tecnicos-no-consuni\/#breadcrumb","itemListElement":[{"@type":"ListItem","position":1,"name":"In\u00edcio","item":"https:\/\/institutos.ufrrj.br\/ice\/"},{"@type":"ListItem","position":2,"name":"EDITAIS PARA SELE\u00c7\u00c3O DE REPRESENTANTES DOCENTES E T\u00c9CNICOS NO CONSUNI"}]},{"@type":"WebSite","@id":"https:\/\/institutos.ufrrj.br\/ice\/#website","url":"https:\/\/institutos.ufrrj.br\/ice\/","name":"Institutos de Ci\u00eancias Exatas - ICE","description":"CAMPUS SEROP\u00c9DICA - UFRRJ","potentialAction":[{"@type":"SearchAction","target":{"@type":"EntryPoint","urlTemplate":"https:\/\/institutos.ufrrj.br\/ice\/?s={search_term_string}"},"query-input":{"@type":"PropertyValueSpecification","valueRequired":true,"valueName":"search_term_string"}}],"inLanguage":"pt-BR"},{"@type":"Person","@id":"https:\/\/institutos.ufrrj.br\/ice\/#\/schema\/person\/e55fe7a7ad2dcf7c4584f39e9cef90c4","name":"Gisela Maria","image":{"@type":"ImageObject","inLanguage":"pt-BR","@id":"https:\/\/institutos.ufrrj.br\/ice\/#\/schema\/person\/image\/","url":"https:\/\/secure.gravatar.com\/avatar\/d7ddd81bfa7638ea8bd1df9a330faf1f9446b60fcfc40aa3d699960afb27dac6?s=96&d=mm&r=g","contentUrl":"https:\/\/secure.gravatar.com\/avatar\/d7ddd81bfa7638ea8bd1df9a330faf1f9446b60fcfc40aa3d699960afb27dac6?s=96&d=mm&r=g","caption":"Gisela Maria"},"description":"GLPI 36404","url":"https:\/\/institutos.ufrrj.br\/ice\/author\/giselamaria\/"}]}},"_links":{"self":[{"href":"https:\/\/institutos.ufrrj.br\/ice\/wp-json\/wp\/v2\/posts\/1924","targetHints":{"allow":["GET"]}}],"collection":[{"href":"https:\/\/institutos.ufrrj.br\/ice\/wp-json\/wp\/v2\/posts"}],"about":[{"href":"https:\/\/institutos.ufrrj.br\/ice\/wp-json\/wp\/v2\/types\/post"}],"author":[{"embeddable":true,"href":"https:\/\/institutos.ufrrj.br\/ice\/wp-json\/wp\/v2\/users\/97"}],"replies":[{"embeddable":true,"href":"https:\/\/institutos.ufrrj.br\/ice\/wp-json\/wp\/v2\/comments?post=1924"}],"version-history":[{"count":1,"href":"https:\/\/institutos.ufrrj.br\/ice\/wp-json\/wp\/v2\/posts\/1924\/revisions"}],"predecessor-version":[{"id":1927,"href":"https:\/\/institutos.ufrrj.br\/ice\/wp-json\/wp\/v2\/posts\/1924\/revisions\/1927"}],"wp:featuredmedia":[{"embeddable":true,"href":"https:\/\/institutos.ufrrj.br\/ice\/wp-json\/wp\/v2\/media\/1785"}],"wp:attachment":[{"href":"https:\/\/institutos.ufrrj.br\/ice\/wp-json\/wp\/v2\/media?parent=1924"}],"wp:term":[{"taxonomy":"category","embeddable":true,"href":"https:\/\/institutos.ufrrj.br\/ice\/wp-json\/wp\/v2\/categories?post=1924"},{"taxonomy":"post_tag","embeddable":true,"href":"https:\/\/institutos.ufrrj.br\/ice\/wp-json\/wp\/v2\/tags?post=1924"}],"curies":[{"name":"wp","href":"https:\/\/api.w.org\/{rel}","templated":true}]}}