{"id":2108,"date":"2026-04-24T21:00:25","date_gmt":"2026-04-25T00:00:25","guid":{"rendered":"https:\/\/institutos.ufrrj.br\/ice\/?p=2108"},"modified":"2026-04-25T11:03:59","modified_gmt":"2026-04-25T14:03:59","slug":"processo-seletivo-para-o-ppgfis-mestrado-em-fisica-2026-2","status":"publish","type":"post","link":"https:\/\/institutos.ufrrj.br\/ice\/processo-seletivo-para-o-ppgfis-mestrado-em-fisica-2026-2\/","title":{"rendered":"Processo Seletivo para o PPGFIS &#8211; Mestrado em F\u00edsica &#8211; 2026.2"},"content":{"rendered":"\n<p>O Instituto de Ci\u00eancias Exatas comunica a abertura do Processo Seletivo para o Programa de P\u00f3s-Gradua\u00e7\u00e3o <em>Stricto Sens<\/em>o em F\u00edsica &#8211; Mestrado em F\u00edsica, para a turma de 2026.2.<\/p>\n\n\n\n<p>Edital completo abaixo.<\/p>\n\n\n\n<div data-wp-interactive=\"core\/file\" class=\"wp-block-file\"><object data-wp-bind--hidden=\"!state.hasPdfPreview\" hidden class=\"wp-block-file__embed\" data=\"https:\/\/institutos.ufrrj.br\/ice\/wp-content\/uploads\/sites\/2\/2026\/04\/Edital-Mestrado-2026.pdf\" type=\"application\/pdf\" style=\"width:100%;height:600px\" aria-label=\"Incorporado de Edital-Mestrado-2026.\"><\/object><a id=\"wp-block-file--media-84bcb842-a532-41c0-878d-50bfde280fb2\" href=\"https:\/\/institutos.ufrrj.br\/ice\/wp-content\/uploads\/sites\/2\/2026\/04\/Edital-Mestrado-2026.pdf\">Edital-Mestrado-2026<\/a><a href=\"https:\/\/institutos.ufrrj.br\/ice\/wp-content\/uploads\/sites\/2\/2026\/04\/Edital-Mestrado-2026.pdf\" class=\"wp-block-file__button wp-element-button\" download aria-describedby=\"wp-block-file--media-84bcb842-a532-41c0-878d-50bfde280fb2\">Baixar<\/a><\/div>\n","protected":false},"excerpt":{"rendered":"<p>O Instituto de Ci\u00eancias Exatas comunica a abertura do Processo Seletivo para o Programa de P\u00f3s-Gradua\u00e7\u00e3o Stricto Senso em F\u00edsica &#8211; Mestrado [&hellip;]<\/p>\n","protected":false},"author":97,"featured_media":2115,"comment_status":"closed","ping_status":"open","sticky":false,"template":"","format":"standard","meta":{"_acf_changed":false,"ngg_post_thumbnail":0,"_themeisle_gutenberg_block_has_review":false,"footnotes":""},"categories":[4,9],"tags":[],"class_list":["post-2108","post","type-post","status-publish","format-standard","has-post-thumbnail","hentry","category-editais","category-noticias"],"acf":[],"yoast_head":"<!-- This site is optimized with the Yoast SEO plugin v26.8 - https:\/\/yoast.com\/product\/yoast-seo-wordpress\/ -->\n<title>Processo Seletivo para o PPGFIS - Mestrado em F\u00edsica - 2026.2 - Institutos de Ci\u00eancias Exatas - ICE<\/title>\n<meta name=\"description\" content=\"Comunicamos a abertura do Processo Seletivo para o Programa de P\u00f3s-Gradua\u00e7\u00e3o - Mestrado em F\u00edsica, para a turma de 2026.2. Confira!\" \/>\n<meta name=\"robots\" content=\"index, follow, max-snippet:-1, max-image-preview:large, max-video-preview:-1\" \/>\n<link rel=\"canonical\" href=\"https:\/\/institutos.ufrrj.br\/ice\/processo-seletivo-para-o-ppgfis-mestrado-em-fisica-2026-2\/\" \/>\n<meta property=\"og:locale\" content=\"pt_BR\" \/>\n<meta property=\"og:type\" content=\"article\" \/>\n<meta property=\"og:title\" content=\"Processo Seletivo para o PPGFIS - Mestrado em F\u00edsica - 2026.2 - Institutos de Ci\u00eancias Exatas - ICE\" \/>\n<meta property=\"og:description\" content=\"Comunicamos a abertura do Processo Seletivo para o Programa de P\u00f3s-Gradua\u00e7\u00e3o - Mestrado em F\u00edsica, para a turma de 2026.2. Confira!\" \/>\n<meta property=\"og:url\" content=\"https:\/\/institutos.ufrrj.br\/ice\/processo-seletivo-para-o-ppgfis-mestrado-em-fisica-2026-2\/\" \/>\n<meta property=\"og:site_name\" content=\"Institutos de Ci\u00eancias Exatas - ICE\" \/>\n<meta property=\"article:published_time\" content=\"2026-04-25T00:00:25+00:00\" \/>\n<meta property=\"article:modified_time\" content=\"2026-04-25T14:03:59+00:00\" \/>\n<meta property=\"og:image\" content=\"https:\/\/institutos.ufrrj.br\/ice\/wp-content\/uploads\/sites\/2\/2026\/04\/CAPA-PARA-EVENTO-OU-CONQUISTA.jpeg\" \/>\n\t<meta property=\"og:image:width\" content=\"1640\" \/>\n\t<meta property=\"og:image:height\" content=\"924\" \/>\n\t<meta property=\"og:image:type\" content=\"image\/jpeg\" \/>\n<meta name=\"author\" content=\"Gisela Maria\" \/>\n<meta name=\"twitter:card\" content=\"summary_large_image\" \/>\n<meta name=\"twitter:label1\" content=\"Escrito por\" \/>\n\t<meta name=\"twitter:data1\" content=\"Gisela Maria\" \/>\n\t<meta name=\"twitter:label2\" content=\"Est. tempo de leitura\" \/>\n\t<meta name=\"twitter:data2\" content=\"1 minuto\" \/>\n<script type=\"application\/ld+json\" class=\"yoast-schema-graph\">{\"@context\":\"https:\/\/schema.org\",\"@graph\":[{\"@type\":\"Article\",\"@id\":\"https:\/\/institutos.ufrrj.br\/ice\/processo-seletivo-para-o-ppgfis-mestrado-em-fisica-2026-2\/#article\",\"isPartOf\":{\"@id\":\"https:\/\/institutos.ufrrj.br\/ice\/processo-seletivo-para-o-ppgfis-mestrado-em-fisica-2026-2\/\"},\"author\":{\"name\":\"Gisela Maria\",\"@id\":\"https:\/\/institutos.ufrrj.br\/ice\/#\/schema\/person\/e55fe7a7ad2dcf7c4584f39e9cef90c4\"},\"headline\":\"Processo Seletivo para o PPGFIS &#8211; Mestrado em F\u00edsica &#8211; 2026.2\",\"datePublished\":\"2026-04-25T00:00:25+00:00\",\"dateModified\":\"2026-04-25T14:03:59+00:00\",\"mainEntityOfPage\":{\"@id\":\"https:\/\/institutos.ufrrj.br\/ice\/processo-seletivo-para-o-ppgfis-mestrado-em-fisica-2026-2\/\"},\"wordCount\":49,\"image\":{\"@id\":\"https:\/\/institutos.ufrrj.br\/ice\/processo-seletivo-para-o-ppgfis-mestrado-em-fisica-2026-2\/#primaryimage\"},\"thumbnailUrl\":\"https:\/\/institutos.ufrrj.br\/ice\/wp-content\/uploads\/sites\/2\/2026\/04\/CAPA-PARA-EVENTO-OU-CONQUISTA.jpeg\",\"articleSection\":[\"Editais\",\"Not\u00edcias\"],\"inLanguage\":\"pt-BR\"},{\"@type\":\"WebPage\",\"@id\":\"https:\/\/institutos.ufrrj.br\/ice\/processo-seletivo-para-o-ppgfis-mestrado-em-fisica-2026-2\/\",\"url\":\"https:\/\/institutos.ufrrj.br\/ice\/processo-seletivo-para-o-ppgfis-mestrado-em-fisica-2026-2\/\",\"name\":\"Processo Seletivo para o PPGFIS - Mestrado em F\u00edsica - 2026.2 - Institutos de Ci\u00eancias Exatas - ICE\",\"isPartOf\":{\"@id\":\"https:\/\/institutos.ufrrj.br\/ice\/#website\"},\"primaryImageOfPage\":{\"@id\":\"https:\/\/institutos.ufrrj.br\/ice\/processo-seletivo-para-o-ppgfis-mestrado-em-fisica-2026-2\/#primaryimage\"},\"image\":{\"@id\":\"https:\/\/institutos.ufrrj.br\/ice\/processo-seletivo-para-o-ppgfis-mestrado-em-fisica-2026-2\/#primaryimage\"},\"thumbnailUrl\":\"https:\/\/institutos.ufrrj.br\/ice\/wp-content\/uploads\/sites\/2\/2026\/04\/CAPA-PARA-EVENTO-OU-CONQUISTA.jpeg\",\"datePublished\":\"2026-04-25T00:00:25+00:00\",\"dateModified\":\"2026-04-25T14:03:59+00:00\",\"author\":{\"@id\":\"https:\/\/institutos.ufrrj.br\/ice\/#\/schema\/person\/e55fe7a7ad2dcf7c4584f39e9cef90c4\"},\"description\":\"Comunicamos a abertura do Processo Seletivo para o Programa de P\u00f3s-Gradua\u00e7\u00e3o - Mestrado em F\u00edsica, para a turma de 2026.2. Confira!\",\"breadcrumb\":{\"@id\":\"https:\/\/institutos.ufrrj.br\/ice\/processo-seletivo-para-o-ppgfis-mestrado-em-fisica-2026-2\/#breadcrumb\"},\"inLanguage\":\"pt-BR\",\"potentialAction\":[{\"@type\":\"ReadAction\",\"target\":[\"https:\/\/institutos.ufrrj.br\/ice\/processo-seletivo-para-o-ppgfis-mestrado-em-fisica-2026-2\/\"]}]},{\"@type\":\"ImageObject\",\"inLanguage\":\"pt-BR\",\"@id\":\"https:\/\/institutos.ufrrj.br\/ice\/processo-seletivo-para-o-ppgfis-mestrado-em-fisica-2026-2\/#primaryimage\",\"url\":\"https:\/\/institutos.ufrrj.br\/ice\/wp-content\/uploads\/sites\/2\/2026\/04\/CAPA-PARA-EVENTO-OU-CONQUISTA.jpeg\",\"contentUrl\":\"https:\/\/institutos.ufrrj.br\/ice\/wp-content\/uploads\/sites\/2\/2026\/04\/CAPA-PARA-EVENTO-OU-CONQUISTA.jpeg\",\"width\":1640,\"height\":924},{\"@type\":\"BreadcrumbList\",\"@id\":\"https:\/\/institutos.ufrrj.br\/ice\/processo-seletivo-para-o-ppgfis-mestrado-em-fisica-2026-2\/#breadcrumb\",\"itemListElement\":[{\"@type\":\"ListItem\",\"position\":1,\"name\":\"In\u00edcio\",\"item\":\"https:\/\/institutos.ufrrj.br\/ice\/\"},{\"@type\":\"ListItem\",\"position\":2,\"name\":\"Processo Seletivo para o PPGFIS &#8211; Mestrado em F\u00edsica &#8211; 2026.2\"}]},{\"@type\":\"WebSite\",\"@id\":\"https:\/\/institutos.ufrrj.br\/ice\/#website\",\"url\":\"https:\/\/institutos.ufrrj.br\/ice\/\",\"name\":\"Institutos de Ci\u00eancias Exatas - ICE\",\"description\":\"CAMPUS SEROP\u00c9DICA - UFRRJ\",\"potentialAction\":[{\"@type\":\"SearchAction\",\"target\":{\"@type\":\"EntryPoint\",\"urlTemplate\":\"https:\/\/institutos.ufrrj.br\/ice\/?s={search_term_string}\"},\"query-input\":{\"@type\":\"PropertyValueSpecification\",\"valueRequired\":true,\"valueName\":\"search_term_string\"}}],\"inLanguage\":\"pt-BR\"},{\"@type\":\"Person\",\"@id\":\"https:\/\/institutos.ufrrj.br\/ice\/#\/schema\/person\/e55fe7a7ad2dcf7c4584f39e9cef90c4\",\"name\":\"Gisela Maria\",\"image\":{\"@type\":\"ImageObject\",\"inLanguage\":\"pt-BR\",\"@id\":\"https:\/\/institutos.ufrrj.br\/ice\/#\/schema\/person\/image\/\",\"url\":\"https:\/\/secure.gravatar.com\/avatar\/d7ddd81bfa7638ea8bd1df9a330faf1f9446b60fcfc40aa3d699960afb27dac6?s=96&d=mm&r=g\",\"contentUrl\":\"https:\/\/secure.gravatar.com\/avatar\/d7ddd81bfa7638ea8bd1df9a330faf1f9446b60fcfc40aa3d699960afb27dac6?s=96&d=mm&r=g\",\"caption\":\"Gisela Maria\"},\"description\":\"GLPI 36404\",\"url\":\"https:\/\/institutos.ufrrj.br\/ice\/author\/giselamaria\/\"}]}<\/script>\n<!-- \/ Yoast SEO plugin. -->","yoast_head_json":{"title":"Processo Seletivo para o PPGFIS - Mestrado em F\u00edsica - 2026.2 - Institutos de Ci\u00eancias Exatas - ICE","description":"Comunicamos a abertura do Processo Seletivo para o Programa de P\u00f3s-Gradua\u00e7\u00e3o - Mestrado em F\u00edsica, para a turma de 2026.2. Confira!","robots":{"index":"index","follow":"follow","max-snippet":"max-snippet:-1","max-image-preview":"max-image-preview:large","max-video-preview":"max-video-preview:-1"},"canonical":"https:\/\/institutos.ufrrj.br\/ice\/processo-seletivo-para-o-ppgfis-mestrado-em-fisica-2026-2\/","og_locale":"pt_BR","og_type":"article","og_title":"Processo Seletivo para o PPGFIS - Mestrado em F\u00edsica - 2026.2 - Institutos de Ci\u00eancias Exatas - ICE","og_description":"Comunicamos a abertura do Processo Seletivo para o Programa de P\u00f3s-Gradua\u00e7\u00e3o - Mestrado em F\u00edsica, para a turma de 2026.2. Confira!","og_url":"https:\/\/institutos.ufrrj.br\/ice\/processo-seletivo-para-o-ppgfis-mestrado-em-fisica-2026-2\/","og_site_name":"Institutos de Ci\u00eancias Exatas - ICE","article_published_time":"2026-04-25T00:00:25+00:00","article_modified_time":"2026-04-25T14:03:59+00:00","og_image":[{"width":1640,"height":924,"url":"https:\/\/institutos.ufrrj.br\/ice\/wp-content\/uploads\/sites\/2\/2026\/04\/CAPA-PARA-EVENTO-OU-CONQUISTA.jpeg","type":"image\/jpeg"}],"author":"Gisela Maria","twitter_card":"summary_large_image","twitter_misc":{"Escrito por":"Gisela Maria","Est. tempo de leitura":"1 minuto"},"schema":{"@context":"https:\/\/schema.org","@graph":[{"@type":"Article","@id":"https:\/\/institutos.ufrrj.br\/ice\/processo-seletivo-para-o-ppgfis-mestrado-em-fisica-2026-2\/#article","isPartOf":{"@id":"https:\/\/institutos.ufrrj.br\/ice\/processo-seletivo-para-o-ppgfis-mestrado-em-fisica-2026-2\/"},"author":{"name":"Gisela Maria","@id":"https:\/\/institutos.ufrrj.br\/ice\/#\/schema\/person\/e55fe7a7ad2dcf7c4584f39e9cef90c4"},"headline":"Processo Seletivo para o PPGFIS &#8211; Mestrado em F\u00edsica &#8211; 2026.2","datePublished":"2026-04-25T00:00:25+00:00","dateModified":"2026-04-25T14:03:59+00:00","mainEntityOfPage":{"@id":"https:\/\/institutos.ufrrj.br\/ice\/processo-seletivo-para-o-ppgfis-mestrado-em-fisica-2026-2\/"},"wordCount":49,"image":{"@id":"https:\/\/institutos.ufrrj.br\/ice\/processo-seletivo-para-o-ppgfis-mestrado-em-fisica-2026-2\/#primaryimage"},"thumbnailUrl":"https:\/\/institutos.ufrrj.br\/ice\/wp-content\/uploads\/sites\/2\/2026\/04\/CAPA-PARA-EVENTO-OU-CONQUISTA.jpeg","articleSection":["Editais","Not\u00edcias"],"inLanguage":"pt-BR"},{"@type":"WebPage","@id":"https:\/\/institutos.ufrrj.br\/ice\/processo-seletivo-para-o-ppgfis-mestrado-em-fisica-2026-2\/","url":"https:\/\/institutos.ufrrj.br\/ice\/processo-seletivo-para-o-ppgfis-mestrado-em-fisica-2026-2\/","name":"Processo Seletivo para o PPGFIS - Mestrado em F\u00edsica - 2026.2 - Institutos de Ci\u00eancias Exatas - ICE","isPartOf":{"@id":"https:\/\/institutos.ufrrj.br\/ice\/#website"},"primaryImageOfPage":{"@id":"https:\/\/institutos.ufrrj.br\/ice\/processo-seletivo-para-o-ppgfis-mestrado-em-fisica-2026-2\/#primaryimage"},"image":{"@id":"https:\/\/institutos.ufrrj.br\/ice\/processo-seletivo-para-o-ppgfis-mestrado-em-fisica-2026-2\/#primaryimage"},"thumbnailUrl":"https:\/\/institutos.ufrrj.br\/ice\/wp-content\/uploads\/sites\/2\/2026\/04\/CAPA-PARA-EVENTO-OU-CONQUISTA.jpeg","datePublished":"2026-04-25T00:00:25+00:00","dateModified":"2026-04-25T14:03:59+00:00","author":{"@id":"https:\/\/institutos.ufrrj.br\/ice\/#\/schema\/person\/e55fe7a7ad2dcf7c4584f39e9cef90c4"},"description":"Comunicamos a abertura do Processo Seletivo para o Programa de P\u00f3s-Gradua\u00e7\u00e3o - Mestrado em F\u00edsica, para a turma de 2026.2. Confira!","breadcrumb":{"@id":"https:\/\/institutos.ufrrj.br\/ice\/processo-seletivo-para-o-ppgfis-mestrado-em-fisica-2026-2\/#breadcrumb"},"inLanguage":"pt-BR","potentialAction":[{"@type":"ReadAction","target":["https:\/\/institutos.ufrrj.br\/ice\/processo-seletivo-para-o-ppgfis-mestrado-em-fisica-2026-2\/"]}]},{"@type":"ImageObject","inLanguage":"pt-BR","@id":"https:\/\/institutos.ufrrj.br\/ice\/processo-seletivo-para-o-ppgfis-mestrado-em-fisica-2026-2\/#primaryimage","url":"https:\/\/institutos.ufrrj.br\/ice\/wp-content\/uploads\/sites\/2\/2026\/04\/CAPA-PARA-EVENTO-OU-CONQUISTA.jpeg","contentUrl":"https:\/\/institutos.ufrrj.br\/ice\/wp-content\/uploads\/sites\/2\/2026\/04\/CAPA-PARA-EVENTO-OU-CONQUISTA.jpeg","width":1640,"height":924},{"@type":"BreadcrumbList","@id":"https:\/\/institutos.ufrrj.br\/ice\/processo-seletivo-para-o-ppgfis-mestrado-em-fisica-2026-2\/#breadcrumb","itemListElement":[{"@type":"ListItem","position":1,"name":"In\u00edcio","item":"https:\/\/institutos.ufrrj.br\/ice\/"},{"@type":"ListItem","position":2,"name":"Processo Seletivo para o PPGFIS &#8211; Mestrado em F\u00edsica &#8211; 2026.2"}]},{"@type":"WebSite","@id":"https:\/\/institutos.ufrrj.br\/ice\/#website","url":"https:\/\/institutos.ufrrj.br\/ice\/","name":"Institutos de Ci\u00eancias Exatas - ICE","description":"CAMPUS SEROP\u00c9DICA - UFRRJ","potentialAction":[{"@type":"SearchAction","target":{"@type":"EntryPoint","urlTemplate":"https:\/\/institutos.ufrrj.br\/ice\/?s={search_term_string}"},"query-input":{"@type":"PropertyValueSpecification","valueRequired":true,"valueName":"search_term_string"}}],"inLanguage":"pt-BR"},{"@type":"Person","@id":"https:\/\/institutos.ufrrj.br\/ice\/#\/schema\/person\/e55fe7a7ad2dcf7c4584f39e9cef90c4","name":"Gisela Maria","image":{"@type":"ImageObject","inLanguage":"pt-BR","@id":"https:\/\/institutos.ufrrj.br\/ice\/#\/schema\/person\/image\/","url":"https:\/\/secure.gravatar.com\/avatar\/d7ddd81bfa7638ea8bd1df9a330faf1f9446b60fcfc40aa3d699960afb27dac6?s=96&d=mm&r=g","contentUrl":"https:\/\/secure.gravatar.com\/avatar\/d7ddd81bfa7638ea8bd1df9a330faf1f9446b60fcfc40aa3d699960afb27dac6?s=96&d=mm&r=g","caption":"Gisela Maria"},"description":"GLPI 36404","url":"https:\/\/institutos.ufrrj.br\/ice\/author\/giselamaria\/"}]}},"_links":{"self":[{"href":"https:\/\/institutos.ufrrj.br\/ice\/wp-json\/wp\/v2\/posts\/2108","targetHints":{"allow":["GET"]}}],"collection":[{"href":"https:\/\/institutos.ufrrj.br\/ice\/wp-json\/wp\/v2\/posts"}],"about":[{"href":"https:\/\/institutos.ufrrj.br\/ice\/wp-json\/wp\/v2\/types\/post"}],"author":[{"embeddable":true,"href":"https:\/\/institutos.ufrrj.br\/ice\/wp-json\/wp\/v2\/users\/97"}],"replies":[{"embeddable":true,"href":"https:\/\/institutos.ufrrj.br\/ice\/wp-json\/wp\/v2\/comments?post=2108"}],"version-history":[{"count":4,"href":"https:\/\/institutos.ufrrj.br\/ice\/wp-json\/wp\/v2\/posts\/2108\/revisions"}],"predecessor-version":[{"id":2114,"href":"https:\/\/institutos.ufrrj.br\/ice\/wp-json\/wp\/v2\/posts\/2108\/revisions\/2114"}],"wp:featuredmedia":[{"embeddable":true,"href":"https:\/\/institutos.ufrrj.br\/ice\/wp-json\/wp\/v2\/media\/2115"}],"wp:attachment":[{"href":"https:\/\/institutos.ufrrj.br\/ice\/wp-json\/wp\/v2\/media?parent=2108"}],"wp:term":[{"taxonomy":"category","embeddable":true,"href":"https:\/\/institutos.ufrrj.br\/ice\/wp-json\/wp\/v2\/categories?post=2108"},{"taxonomy":"post_tag","embeddable":true,"href":"https:\/\/institutos.ufrrj.br\/ice\/wp-json\/wp\/v2\/tags?post=2108"}],"curies":[{"name":"wp","href":"https:\/\/api.w.org\/{rel}","templated":true}]}}