{"id":2117,"date":"2026-04-27T16:47:52","date_gmt":"2026-04-27T19:47:52","guid":{"rendered":"https:\/\/institutos.ufrrj.br\/ice\/?p=2117"},"modified":"2026-04-27T17:18:15","modified_gmt":"2026-04-27T20:18:15","slug":"eleicao-para-representantes-docentes-no-consuni-ce-conheca-os-candidatos","status":"publish","type":"post","link":"https:\/\/institutos.ufrrj.br\/ice\/eleicao-para-representantes-docentes-no-consuni-ce-conheca-os-candidatos\/","title":{"rendered":"Conhe\u00e7a os candidatos da Elei\u00e7\u00e3o para representantes docentes no CONSUNI-ICE"},"content":{"rendered":"\n<p>Conhe\u00e7a os candidatos para representantes docentes no CONSUNI-ICE e suas propostas de atua\u00e7\u00e3o e se prepare para a vota\u00e7\u00e3o <strong>nos dias 14 e 15 de maio<\/strong> no <a href=\"https:\/\/sigeleicao.ufrrj.br\/sigeleicao\/\u2060\">SigElei\u00e7\u00e3o<\/a>: Elei\u00e7\u00e3o para representante docente CONSUNI-ICE.<\/p>\n\n\n\n<p><\/p>\n\n\n\n<p><strong>Prof. Jo\u00e3o Jos\u00e9 dos Santos Alves &#8211; DEFIS\/ICE<\/strong><\/p>\n\n\n\n<p><\/p>\n\n\n\n<figure class=\"wp-block-image size-full is-resized\"><a href=\"https:\/\/institutos.ufrrj.br\/ice\/wp-content\/uploads\/sites\/2\/2026\/04\/WhatsApp-Image-2026-04-27-at-16.18.00.jpeg\"><img loading=\"lazy\" decoding=\"async\" width=\"667\" height=\"576\" src=\"https:\/\/institutos.ufrrj.br\/ice\/wp-content\/uploads\/sites\/2\/2026\/04\/WhatsApp-Image-2026-04-27-at-16.18.00.jpeg\" alt=\"\" class=\"wp-image-2118\" style=\"aspect-ratio:1.1579957765406028;width:349px;height:auto\" srcset=\"https:\/\/institutos.ufrrj.br\/ice\/wp-content\/uploads\/sites\/2\/2026\/04\/WhatsApp-Image-2026-04-27-at-16.18.00.jpeg 667w, https:\/\/institutos.ufrrj.br\/ice\/wp-content\/uploads\/sites\/2\/2026\/04\/WhatsApp-Image-2026-04-27-at-16.18.00-300x259.jpeg 300w, https:\/\/institutos.ufrrj.br\/ice\/wp-content\/uploads\/sites\/2\/2026\/04\/WhatsApp-Image-2026-04-27-at-16.18.00-81x70.jpeg 81w\" sizes=\"auto, (max-width: 667px) 100vw, 667px\" \/><\/a><\/figure>\n\n\n\n<p><\/p>\n\n\n\n<p>Professor da UFRRJ, vinculado \u00e0 Licenciatura em F\u00edsica. Doutor em F\u00edsica pela UFF, atua em ensino, pesquisa e extens\u00e3o, com foco na forma\u00e7\u00e3o de professores, Teorias de Aprendizagem e Est\u00e1gio Supervisionado, al\u00e9m de pesquisas em Ensino de F\u00edsica e em F\u00edsica Nuclear.<\/p>\n\n\n\n<p><\/p>\n\n\n\n<p>Proposta: Representa\u00e7\u00e3o e Compromisso na Defesa dos interesses Docentes no CONSUNI-ICE: &#8220;Candidato-me \u00e0 representa\u00e7\u00e3o docente no CONSUNI-ICE com o compromisso de fortalecer uma universidade p\u00fablica, democr\u00e1tica e socialmente referenciada. Pretendo atuar na qualifica\u00e7\u00e3o do di\u00e1logo institucional, na defesa das condi\u00e7\u00f5es de trabalho docente e no fortalecimento do ensino, da pesquisa e da extens\u00e3o no ICE&#8221;.<\/p>\n\n\n\n<p><\/p>\n\n\n\n<p><strong>Prof. Wilian Jeronimo dos Santos &#8211; Demat\/ICE<\/strong><\/p>\n\n\n\n<p><\/p>\n\n\n\n<figure class=\"wp-block-image size-full is-resized\"><a href=\"https:\/\/institutos.ufrrj.br\/ice\/wp-content\/uploads\/sites\/2\/2026\/04\/WhatsApp-Image-2026-04-27-at-16.18.01.jpeg\"><img loading=\"lazy\" decoding=\"async\" width=\"984\" height=\"925\" src=\"https:\/\/institutos.ufrrj.br\/ice\/wp-content\/uploads\/sites\/2\/2026\/04\/WhatsApp-Image-2026-04-27-at-16.18.01.jpeg\" alt=\"\" class=\"wp-image-2119\" style=\"aspect-ratio:1.0637961057463987;width:337px;height:auto\" srcset=\"https:\/\/institutos.ufrrj.br\/ice\/wp-content\/uploads\/sites\/2\/2026\/04\/WhatsApp-Image-2026-04-27-at-16.18.01.jpeg 984w, https:\/\/institutos.ufrrj.br\/ice\/wp-content\/uploads\/sites\/2\/2026\/04\/WhatsApp-Image-2026-04-27-at-16.18.01-300x282.jpeg 300w, https:\/\/institutos.ufrrj.br\/ice\/wp-content\/uploads\/sites\/2\/2026\/04\/WhatsApp-Image-2026-04-27-at-16.18.01-768x722.jpeg 768w, https:\/\/institutos.ufrrj.br\/ice\/wp-content\/uploads\/sites\/2\/2026\/04\/WhatsApp-Image-2026-04-27-at-16.18.01-74x70.jpeg 74w\" sizes=\"auto, (max-width: 984px) 100vw, 984px\" \/><\/a><\/figure>\n\n\n\n<p><\/p>\n\n\n\n<p>Docente da UFRRJ desde 2017, egresso da institui\u00e7\u00e3o (Licenciatura e Bacharelado em Matem\u00e1tica). Doutor em Engenharia Civil pela COPPE\/UFRJ, com experi\u00eancia em coordena\u00e7\u00e3o de curso (2019 a 2023), programas institucionais (coordena\u00e7\u00e3o do Programa de Tutoria em Matem\u00e1tica B\u00e1sica &#8211; PROGRAD) e divulga\u00e7\u00e3o cient\u00edfica) e representa\u00e7\u00e3o docente em colegiado e NDE.<\/p>\n\n\n\n<p><br>&#8220;Candidato-me \u00e0 representa\u00e7\u00e3o no ICE com o compromisso de fortalecer a integra\u00e7\u00e3o entre os cursos, ampliar a visibilidade das a\u00e7\u00f5es do Instituto e qualificar o di\u00e1logo institucional. Pretendo atuar na defesa das demandas docentes e no aprimoramento dos fluxos acad\u00eamicos e administrativos&#8221;.<\/p>\n\n\n\n<p><\/p>\n\n\n\n<p><strong>Prof. Luciano Vianna F\u00e9lix &#8211; Demat\/ ICE<\/strong><\/p>\n\n\n\n<p><\/p>\n\n\n\n<figure class=\"wp-block-image size-large is-resized\"><a href=\"https:\/\/institutos.ufrrj.br\/ice\/wp-content\/uploads\/sites\/2\/2026\/04\/WhatsApp-Image-2026-04-27-at-16.18.02.jpeg\"><img loading=\"lazy\" decoding=\"async\" width=\"610\" height=\"610\" src=\"https:\/\/institutos.ufrrj.br\/ice\/wp-content\/uploads\/sites\/2\/2026\/04\/WhatsApp-Image-2026-04-27-at-16.18.02-edited.jpeg\" alt=\"\" class=\"wp-image-2121\" style=\"width:319px;height:auto\" srcset=\"https:\/\/institutos.ufrrj.br\/ice\/wp-content\/uploads\/sites\/2\/2026\/04\/WhatsApp-Image-2026-04-27-at-16.18.02-edited.jpeg 610w, https:\/\/institutos.ufrrj.br\/ice\/wp-content\/uploads\/sites\/2\/2026\/04\/WhatsApp-Image-2026-04-27-at-16.18.02-edited-300x300.jpeg 300w, https:\/\/institutos.ufrrj.br\/ice\/wp-content\/uploads\/sites\/2\/2026\/04\/WhatsApp-Image-2026-04-27-at-16.18.02-edited-150x150.jpeg 150w, https:\/\/institutos.ufrrj.br\/ice\/wp-content\/uploads\/sites\/2\/2026\/04\/WhatsApp-Image-2026-04-27-at-16.18.02-edited-200x200.jpeg 200w, https:\/\/institutos.ufrrj.br\/ice\/wp-content\/uploads\/sites\/2\/2026\/04\/WhatsApp-Image-2026-04-27-at-16.18.02-edited-70x70.jpeg 70w\" sizes=\"auto, (max-width: 610px) 100vw, 610px\" \/><\/a><\/figure>\n\n\n\n<p><br>Professor da UFRRJ desde 2010, com experi\u00eancia em gest\u00e3o acad\u00eamica e atua\u00e7\u00e3o institucional. Exerceu a vice-coordena\u00e7\u00e3o do curso de Matem\u00e1tica (2015\u20132016) e a chefia de departamento (2016\u20132020). Desde 2022, atua como coordenador pedag\u00f3gico do Pr\u00e9-Enem UFRRJ, contribuindo para pol\u00edticas de acesso \u00e0 universidade.<\/p>\n\n\n\n<p><br>&#8220;Candidato-me \u00e0 representa\u00e7\u00e3o docente no ICE com o compromisso de contribuir para a qualifica\u00e7\u00e3o da gest\u00e3o acad\u00eamica e a defesa das condi\u00e7\u00f5es de trabalho docente. Pretendo atuar no fortalecimento dos fluxos institucionais e no apoio \u00e0s atividades de ensino, pesquisa e extens\u00e3o, al\u00e9m de contribuir para iniciativas de acesso e perman\u00eancia estudantil a partir da experi\u00eancia no Pr\u00e9-Enem UFRRJ&#8221;.<\/p>\n\n\n\n<p><\/p>\n\n\n\n<p><strong>Prof. Nilton Jos\u00e9 Rizzo &#8211; DCOMP\/ICE<\/strong><\/p>\n\n\n\n<p><\/p>\n\n\n\n<figure class=\"wp-block-image size-full is-resized\"><a href=\"https:\/\/institutos.ufrrj.br\/ice\/wp-content\/uploads\/sites\/2\/2026\/04\/image.png\"><img loading=\"lazy\" decoding=\"async\" width=\"319\" height=\"319\" src=\"https:\/\/institutos.ufrrj.br\/ice\/wp-content\/uploads\/sites\/2\/2026\/04\/image-edited.png\" alt=\"\" class=\"wp-image-2123\" style=\"width:319px;height:auto\" srcset=\"https:\/\/institutos.ufrrj.br\/ice\/wp-content\/uploads\/sites\/2\/2026\/04\/image-edited.png 319w, https:\/\/institutos.ufrrj.br\/ice\/wp-content\/uploads\/sites\/2\/2026\/04\/image-edited-300x300.png 300w, https:\/\/institutos.ufrrj.br\/ice\/wp-content\/uploads\/sites\/2\/2026\/04\/image-edited-150x150.png 150w, https:\/\/institutos.ufrrj.br\/ice\/wp-content\/uploads\/sites\/2\/2026\/04\/image-edited-200x200.png 200w, https:\/\/institutos.ufrrj.br\/ice\/wp-content\/uploads\/sites\/2\/2026\/04\/image-edited-70x70.png 70w\" sizes=\"auto, (max-width: 319px) 100vw, 319px\" \/><\/a><\/figure>\n\n\n\n<p><\/p>\n\n\n\n<p>Professor da UFRRJ, atuando no Departamento de Computa\u00e7\u00e3o. Doutor em Engenharia de Sistema e Computa\u00e7\u00e3o pela COPPE\/UFRJ. Foi coordenador do curso de Bacharelado em Sistemas de Informa\u00e7\u00e3o nos \u00faltimos dois anos, com forte atua\u00e7\u00e3o em divulga\u00e7\u00e3o cient\u00edfica e projetos de extens\u00e3o. Atualmente, coordena a implanta\u00e7\u00e3o do Museu de Tecnologia da UFRRJ.<\/p>\n\n\n\n<p><br>&#8220;Candidato-me \u00e0 representa\u00e7\u00e3o docente no ICE com o compromisso de fortalecer a integra\u00e7\u00e3o entre ensino, pesquisa e extens\u00e3o, ampliar a visibilidade das a\u00e7\u00f5es do Instituto e contribuir para a qualifica\u00e7\u00e3o da gest\u00e3o acad\u00eamica. Pretendo atuar na defesa das demandas docentes e no apoio a iniciativas institucionais inovadoras&#8221;.<\/p>\n\n\n\n<p><\/p>\n\n\n\n<p><strong>Participe deste processo importante!<\/strong><\/p>\n\n\n\n<p><br><br><br><\/p>\n","protected":false},"excerpt":{"rendered":"<p>Conhe\u00e7a os candidatos para representantes docentes no CONSUNI-ICE e suas propostas de atua\u00e7\u00e3o e se prepare para a vota\u00e7\u00e3o nos dias 14 [&hellip;]<\/p>\n","protected":false},"author":97,"featured_media":2004,"comment_status":"closed","ping_status":"open","sticky":false,"template":"","format":"standard","meta":{"_acf_changed":false,"ngg_post_thumbnail":0,"_themeisle_gutenberg_block_has_review":false,"footnotes":""},"categories":[9],"tags":[],"class_list":["post-2117","post","type-post","status-publish","format-standard","has-post-thumbnail","hentry","category-noticias"],"acf":[],"yoast_head":"<!-- This site is optimized with the Yoast SEO plugin v26.8 - https:\/\/yoast.com\/product\/yoast-seo-wordpress\/ -->\n<title>Conhe\u00e7a os candidatos da Elei\u00e7\u00e3o para representantes docentes no CONSUNI-ICE - Institutos de Ci\u00eancias Exatas - ICE<\/title>\n<meta name=\"description\" content=\"Conhe\u00e7a aqui os candidatos para representantes docentes no CONSUNI-ICE e suas propostas de atua\u00e7\u00e3o!\" \/>\n<meta name=\"robots\" content=\"index, follow, max-snippet:-1, max-image-preview:large, max-video-preview:-1\" \/>\n<link rel=\"canonical\" href=\"https:\/\/institutos.ufrrj.br\/ice\/eleicao-para-representantes-docentes-no-consuni-ce-conheca-os-candidatos\/\" \/>\n<meta property=\"og:locale\" content=\"pt_BR\" \/>\n<meta property=\"og:type\" content=\"article\" \/>\n<meta property=\"og:title\" content=\"Conhe\u00e7a os candidatos da Elei\u00e7\u00e3o para representantes docentes no CONSUNI-ICE - Institutos de Ci\u00eancias Exatas - ICE\" \/>\n<meta property=\"og:description\" content=\"Conhe\u00e7a aqui os candidatos para representantes docentes no CONSUNI-ICE e suas propostas de atua\u00e7\u00e3o!\" \/>\n<meta property=\"og:url\" content=\"https:\/\/institutos.ufrrj.br\/ice\/eleicao-para-representantes-docentes-no-consuni-ce-conheca-os-candidatos\/\" \/>\n<meta property=\"og:site_name\" content=\"Institutos de Ci\u00eancias Exatas - ICE\" \/>\n<meta property=\"article:published_time\" content=\"2026-04-27T19:47:52+00:00\" \/>\n<meta property=\"article:modified_time\" content=\"2026-04-27T20:18:15+00:00\" \/>\n<meta property=\"og:image\" content=\"https:\/\/institutos.ufrrj.br\/ice\/wp-content\/uploads\/sites\/2\/2026\/03\/CAPA-PARA-EVENTO-OU-CONQUISTA-1024x577.png\" \/>\n\t<meta property=\"og:image:width\" content=\"1024\" \/>\n\t<meta property=\"og:image:height\" content=\"577\" \/>\n\t<meta property=\"og:image:type\" content=\"image\/png\" \/>\n<meta name=\"author\" content=\"Gisela Maria\" \/>\n<meta name=\"twitter:card\" content=\"summary_large_image\" \/>\n<meta name=\"twitter:label1\" content=\"Escrito por\" \/>\n\t<meta name=\"twitter:data1\" content=\"Gisela Maria\" \/>\n\t<meta name=\"twitter:label2\" content=\"Est. tempo de leitura\" \/>\n\t<meta name=\"twitter:data2\" content=\"4 minutos\" \/>\n<script type=\"application\/ld+json\" class=\"yoast-schema-graph\">{\"@context\":\"https:\/\/schema.org\",\"@graph\":[{\"@type\":\"Article\",\"@id\":\"https:\/\/institutos.ufrrj.br\/ice\/eleicao-para-representantes-docentes-no-consuni-ce-conheca-os-candidatos\/#article\",\"isPartOf\":{\"@id\":\"https:\/\/institutos.ufrrj.br\/ice\/eleicao-para-representantes-docentes-no-consuni-ce-conheca-os-candidatos\/\"},\"author\":{\"name\":\"Gisela Maria\",\"@id\":\"https:\/\/institutos.ufrrj.br\/ice\/#\/schema\/person\/e55fe7a7ad2dcf7c4584f39e9cef90c4\"},\"headline\":\"Conhe\u00e7a os candidatos da Elei\u00e7\u00e3o para representantes docentes no CONSUNI-ICE\",\"datePublished\":\"2026-04-27T19:47:52+00:00\",\"dateModified\":\"2026-04-27T20:18:15+00:00\",\"mainEntityOfPage\":{\"@id\":\"https:\/\/institutos.ufrrj.br\/ice\/eleicao-para-representantes-docentes-no-consuni-ce-conheca-os-candidatos\/\"},\"wordCount\":528,\"image\":{\"@id\":\"https:\/\/institutos.ufrrj.br\/ice\/eleicao-para-representantes-docentes-no-consuni-ce-conheca-os-candidatos\/#primaryimage\"},\"thumbnailUrl\":\"https:\/\/institutos.ufrrj.br\/ice\/wp-content\/uploads\/sites\/2\/2026\/03\/CAPA-PARA-EVENTO-OU-CONQUISTA.png\",\"articleSection\":[\"Not\u00edcias\"],\"inLanguage\":\"pt-BR\"},{\"@type\":\"WebPage\",\"@id\":\"https:\/\/institutos.ufrrj.br\/ice\/eleicao-para-representantes-docentes-no-consuni-ce-conheca-os-candidatos\/\",\"url\":\"https:\/\/institutos.ufrrj.br\/ice\/eleicao-para-representantes-docentes-no-consuni-ce-conheca-os-candidatos\/\",\"name\":\"Conhe\u00e7a os candidatos da Elei\u00e7\u00e3o para representantes docentes no CONSUNI-ICE - Institutos de Ci\u00eancias Exatas - ICE\",\"isPartOf\":{\"@id\":\"https:\/\/institutos.ufrrj.br\/ice\/#website\"},\"primaryImageOfPage\":{\"@id\":\"https:\/\/institutos.ufrrj.br\/ice\/eleicao-para-representantes-docentes-no-consuni-ce-conheca-os-candidatos\/#primaryimage\"},\"image\":{\"@id\":\"https:\/\/institutos.ufrrj.br\/ice\/eleicao-para-representantes-docentes-no-consuni-ce-conheca-os-candidatos\/#primaryimage\"},\"thumbnailUrl\":\"https:\/\/institutos.ufrrj.br\/ice\/wp-content\/uploads\/sites\/2\/2026\/03\/CAPA-PARA-EVENTO-OU-CONQUISTA.png\",\"datePublished\":\"2026-04-27T19:47:52+00:00\",\"dateModified\":\"2026-04-27T20:18:15+00:00\",\"author\":{\"@id\":\"https:\/\/institutos.ufrrj.br\/ice\/#\/schema\/person\/e55fe7a7ad2dcf7c4584f39e9cef90c4\"},\"description\":\"Conhe\u00e7a aqui os candidatos para representantes docentes no CONSUNI-ICE e suas propostas de atua\u00e7\u00e3o!\",\"breadcrumb\":{\"@id\":\"https:\/\/institutos.ufrrj.br\/ice\/eleicao-para-representantes-docentes-no-consuni-ce-conheca-os-candidatos\/#breadcrumb\"},\"inLanguage\":\"pt-BR\",\"potentialAction\":[{\"@type\":\"ReadAction\",\"target\":[\"https:\/\/institutos.ufrrj.br\/ice\/eleicao-para-representantes-docentes-no-consuni-ce-conheca-os-candidatos\/\"]}]},{\"@type\":\"ImageObject\",\"inLanguage\":\"pt-BR\",\"@id\":\"https:\/\/institutos.ufrrj.br\/ice\/eleicao-para-representantes-docentes-no-consuni-ce-conheca-os-candidatos\/#primaryimage\",\"url\":\"https:\/\/institutos.ufrrj.br\/ice\/wp-content\/uploads\/sites\/2\/2026\/03\/CAPA-PARA-EVENTO-OU-CONQUISTA.png\",\"contentUrl\":\"https:\/\/institutos.ufrrj.br\/ice\/wp-content\/uploads\/sites\/2\/2026\/03\/CAPA-PARA-EVENTO-OU-CONQUISTA.png\",\"width\":1640,\"height\":924},{\"@type\":\"BreadcrumbList\",\"@id\":\"https:\/\/institutos.ufrrj.br\/ice\/eleicao-para-representantes-docentes-no-consuni-ce-conheca-os-candidatos\/#breadcrumb\",\"itemListElement\":[{\"@type\":\"ListItem\",\"position\":1,\"name\":\"In\u00edcio\",\"item\":\"https:\/\/institutos.ufrrj.br\/ice\/\"},{\"@type\":\"ListItem\",\"position\":2,\"name\":\"Conhe\u00e7a os candidatos da Elei\u00e7\u00e3o para representantes docentes no CONSUNI-ICE\"}]},{\"@type\":\"WebSite\",\"@id\":\"https:\/\/institutos.ufrrj.br\/ice\/#website\",\"url\":\"https:\/\/institutos.ufrrj.br\/ice\/\",\"name\":\"Institutos de Ci\u00eancias Exatas - ICE\",\"description\":\"CAMPUS SEROP\u00c9DICA - UFRRJ\",\"potentialAction\":[{\"@type\":\"SearchAction\",\"target\":{\"@type\":\"EntryPoint\",\"urlTemplate\":\"https:\/\/institutos.ufrrj.br\/ice\/?s={search_term_string}\"},\"query-input\":{\"@type\":\"PropertyValueSpecification\",\"valueRequired\":true,\"valueName\":\"search_term_string\"}}],\"inLanguage\":\"pt-BR\"},{\"@type\":\"Person\",\"@id\":\"https:\/\/institutos.ufrrj.br\/ice\/#\/schema\/person\/e55fe7a7ad2dcf7c4584f39e9cef90c4\",\"name\":\"Gisela Maria\",\"image\":{\"@type\":\"ImageObject\",\"inLanguage\":\"pt-BR\",\"@id\":\"https:\/\/institutos.ufrrj.br\/ice\/#\/schema\/person\/image\/\",\"url\":\"https:\/\/secure.gravatar.com\/avatar\/d7ddd81bfa7638ea8bd1df9a330faf1f9446b60fcfc40aa3d699960afb27dac6?s=96&d=mm&r=g\",\"contentUrl\":\"https:\/\/secure.gravatar.com\/avatar\/d7ddd81bfa7638ea8bd1df9a330faf1f9446b60fcfc40aa3d699960afb27dac6?s=96&d=mm&r=g\",\"caption\":\"Gisela Maria\"},\"description\":\"GLPI 36404\",\"url\":\"https:\/\/institutos.ufrrj.br\/ice\/author\/giselamaria\/\"}]}<\/script>\n<!-- \/ Yoast SEO plugin. -->","yoast_head_json":{"title":"Conhe\u00e7a os candidatos da Elei\u00e7\u00e3o para representantes docentes no CONSUNI-ICE - Institutos de Ci\u00eancias Exatas - ICE","description":"Conhe\u00e7a aqui os candidatos para representantes docentes no CONSUNI-ICE e suas propostas de atua\u00e7\u00e3o!","robots":{"index":"index","follow":"follow","max-snippet":"max-snippet:-1","max-image-preview":"max-image-preview:large","max-video-preview":"max-video-preview:-1"},"canonical":"https:\/\/institutos.ufrrj.br\/ice\/eleicao-para-representantes-docentes-no-consuni-ce-conheca-os-candidatos\/","og_locale":"pt_BR","og_type":"article","og_title":"Conhe\u00e7a os candidatos da Elei\u00e7\u00e3o para representantes docentes no CONSUNI-ICE - Institutos de Ci\u00eancias Exatas - ICE","og_description":"Conhe\u00e7a aqui os candidatos para representantes docentes no CONSUNI-ICE e suas propostas de atua\u00e7\u00e3o!","og_url":"https:\/\/institutos.ufrrj.br\/ice\/eleicao-para-representantes-docentes-no-consuni-ce-conheca-os-candidatos\/","og_site_name":"Institutos de Ci\u00eancias Exatas - ICE","article_published_time":"2026-04-27T19:47:52+00:00","article_modified_time":"2026-04-27T20:18:15+00:00","og_image":[{"width":1024,"height":577,"url":"https:\/\/institutos.ufrrj.br\/ice\/wp-content\/uploads\/sites\/2\/2026\/03\/CAPA-PARA-EVENTO-OU-CONQUISTA-1024x577.png","type":"image\/png"}],"author":"Gisela Maria","twitter_card":"summary_large_image","twitter_misc":{"Escrito por":"Gisela Maria","Est. tempo de leitura":"4 minutos"},"schema":{"@context":"https:\/\/schema.org","@graph":[{"@type":"Article","@id":"https:\/\/institutos.ufrrj.br\/ice\/eleicao-para-representantes-docentes-no-consuni-ce-conheca-os-candidatos\/#article","isPartOf":{"@id":"https:\/\/institutos.ufrrj.br\/ice\/eleicao-para-representantes-docentes-no-consuni-ce-conheca-os-candidatos\/"},"author":{"name":"Gisela Maria","@id":"https:\/\/institutos.ufrrj.br\/ice\/#\/schema\/person\/e55fe7a7ad2dcf7c4584f39e9cef90c4"},"headline":"Conhe\u00e7a os candidatos da Elei\u00e7\u00e3o para representantes docentes no CONSUNI-ICE","datePublished":"2026-04-27T19:47:52+00:00","dateModified":"2026-04-27T20:18:15+00:00","mainEntityOfPage":{"@id":"https:\/\/institutos.ufrrj.br\/ice\/eleicao-para-representantes-docentes-no-consuni-ce-conheca-os-candidatos\/"},"wordCount":528,"image":{"@id":"https:\/\/institutos.ufrrj.br\/ice\/eleicao-para-representantes-docentes-no-consuni-ce-conheca-os-candidatos\/#primaryimage"},"thumbnailUrl":"https:\/\/institutos.ufrrj.br\/ice\/wp-content\/uploads\/sites\/2\/2026\/03\/CAPA-PARA-EVENTO-OU-CONQUISTA.png","articleSection":["Not\u00edcias"],"inLanguage":"pt-BR"},{"@type":"WebPage","@id":"https:\/\/institutos.ufrrj.br\/ice\/eleicao-para-representantes-docentes-no-consuni-ce-conheca-os-candidatos\/","url":"https:\/\/institutos.ufrrj.br\/ice\/eleicao-para-representantes-docentes-no-consuni-ce-conheca-os-candidatos\/","name":"Conhe\u00e7a os candidatos da Elei\u00e7\u00e3o para representantes docentes no CONSUNI-ICE - Institutos de Ci\u00eancias Exatas - ICE","isPartOf":{"@id":"https:\/\/institutos.ufrrj.br\/ice\/#website"},"primaryImageOfPage":{"@id":"https:\/\/institutos.ufrrj.br\/ice\/eleicao-para-representantes-docentes-no-consuni-ce-conheca-os-candidatos\/#primaryimage"},"image":{"@id":"https:\/\/institutos.ufrrj.br\/ice\/eleicao-para-representantes-docentes-no-consuni-ce-conheca-os-candidatos\/#primaryimage"},"thumbnailUrl":"https:\/\/institutos.ufrrj.br\/ice\/wp-content\/uploads\/sites\/2\/2026\/03\/CAPA-PARA-EVENTO-OU-CONQUISTA.png","datePublished":"2026-04-27T19:47:52+00:00","dateModified":"2026-04-27T20:18:15+00:00","author":{"@id":"https:\/\/institutos.ufrrj.br\/ice\/#\/schema\/person\/e55fe7a7ad2dcf7c4584f39e9cef90c4"},"description":"Conhe\u00e7a aqui os candidatos para representantes docentes no CONSUNI-ICE e suas propostas de atua\u00e7\u00e3o!","breadcrumb":{"@id":"https:\/\/institutos.ufrrj.br\/ice\/eleicao-para-representantes-docentes-no-consuni-ce-conheca-os-candidatos\/#breadcrumb"},"inLanguage":"pt-BR","potentialAction":[{"@type":"ReadAction","target":["https:\/\/institutos.ufrrj.br\/ice\/eleicao-para-representantes-docentes-no-consuni-ce-conheca-os-candidatos\/"]}]},{"@type":"ImageObject","inLanguage":"pt-BR","@id":"https:\/\/institutos.ufrrj.br\/ice\/eleicao-para-representantes-docentes-no-consuni-ce-conheca-os-candidatos\/#primaryimage","url":"https:\/\/institutos.ufrrj.br\/ice\/wp-content\/uploads\/sites\/2\/2026\/03\/CAPA-PARA-EVENTO-OU-CONQUISTA.png","contentUrl":"https:\/\/institutos.ufrrj.br\/ice\/wp-content\/uploads\/sites\/2\/2026\/03\/CAPA-PARA-EVENTO-OU-CONQUISTA.png","width":1640,"height":924},{"@type":"BreadcrumbList","@id":"https:\/\/institutos.ufrrj.br\/ice\/eleicao-para-representantes-docentes-no-consuni-ce-conheca-os-candidatos\/#breadcrumb","itemListElement":[{"@type":"ListItem","position":1,"name":"In\u00edcio","item":"https:\/\/institutos.ufrrj.br\/ice\/"},{"@type":"ListItem","position":2,"name":"Conhe\u00e7a os candidatos da Elei\u00e7\u00e3o para representantes docentes no CONSUNI-ICE"}]},{"@type":"WebSite","@id":"https:\/\/institutos.ufrrj.br\/ice\/#website","url":"https:\/\/institutos.ufrrj.br\/ice\/","name":"Institutos de Ci\u00eancias Exatas - ICE","description":"CAMPUS SEROP\u00c9DICA - UFRRJ","potentialAction":[{"@type":"SearchAction","target":{"@type":"EntryPoint","urlTemplate":"https:\/\/institutos.ufrrj.br\/ice\/?s={search_term_string}"},"query-input":{"@type":"PropertyValueSpecification","valueRequired":true,"valueName":"search_term_string"}}],"inLanguage":"pt-BR"},{"@type":"Person","@id":"https:\/\/institutos.ufrrj.br\/ice\/#\/schema\/person\/e55fe7a7ad2dcf7c4584f39e9cef90c4","name":"Gisela Maria","image":{"@type":"ImageObject","inLanguage":"pt-BR","@id":"https:\/\/institutos.ufrrj.br\/ice\/#\/schema\/person\/image\/","url":"https:\/\/secure.gravatar.com\/avatar\/d7ddd81bfa7638ea8bd1df9a330faf1f9446b60fcfc40aa3d699960afb27dac6?s=96&d=mm&r=g","contentUrl":"https:\/\/secure.gravatar.com\/avatar\/d7ddd81bfa7638ea8bd1df9a330faf1f9446b60fcfc40aa3d699960afb27dac6?s=96&d=mm&r=g","caption":"Gisela Maria"},"description":"GLPI 36404","url":"https:\/\/institutos.ufrrj.br\/ice\/author\/giselamaria\/"}]}},"_links":{"self":[{"href":"https:\/\/institutos.ufrrj.br\/ice\/wp-json\/wp\/v2\/posts\/2117","targetHints":{"allow":["GET"]}}],"collection":[{"href":"https:\/\/institutos.ufrrj.br\/ice\/wp-json\/wp\/v2\/posts"}],"about":[{"href":"https:\/\/institutos.ufrrj.br\/ice\/wp-json\/wp\/v2\/types\/post"}],"author":[{"embeddable":true,"href":"https:\/\/institutos.ufrrj.br\/ice\/wp-json\/wp\/v2\/users\/97"}],"replies":[{"embeddable":true,"href":"https:\/\/institutos.ufrrj.br\/ice\/wp-json\/wp\/v2\/comments?post=2117"}],"version-history":[{"count":5,"href":"https:\/\/institutos.ufrrj.br\/ice\/wp-json\/wp\/v2\/posts\/2117\/revisions"}],"predecessor-version":[{"id":2130,"href":"https:\/\/institutos.ufrrj.br\/ice\/wp-json\/wp\/v2\/posts\/2117\/revisions\/2130"}],"wp:featuredmedia":[{"embeddable":true,"href":"https:\/\/institutos.ufrrj.br\/ice\/wp-json\/wp\/v2\/media\/2004"}],"wp:attachment":[{"href":"https:\/\/institutos.ufrrj.br\/ice\/wp-json\/wp\/v2\/media?parent=2117"}],"wp:term":[{"taxonomy":"category","embeddable":true,"href":"https:\/\/institutos.ufrrj.br\/ice\/wp-json\/wp\/v2\/categories?post=2117"},{"taxonomy":"post_tag","embeddable":true,"href":"https:\/\/institutos.ufrrj.br\/ice\/wp-json\/wp\/v2\/tags?post=2117"}],"curies":[{"name":"wp","href":"https:\/\/api.w.org\/{rel}","templated":true}]}}