{"id":1372,"date":"2021-04-05T23:13:23","date_gmt":"2021-04-06T02:13:23","guid":{"rendered":"http:\/\/institutos.ufrrj.br\/ichs\/?p=1372"},"modified":"2026-01-23T16:22:53","modified_gmt":"2026-01-23T19:22:53","slug":"debate-sobre-literatura-e-favela","status":"publish","type":"post","link":"https:\/\/institutos.ufrrj.br\/ichs\/debate-sobre-literatura-e-favela\/","title":{"rendered":"Debate sobre Literatura e Favela"},"content":{"rendered":"<p>Os professores Marcos Pasche (DLC) e Felipe Magalh\u00e3es (DHist) debatem sobre literatura e favela com Jos\u00e9 Falero, autor do livro &#8220;Os Supridores&#8221;. O evento ocorre no dia 06 de abril \u00e0s 19 h no Instagram da Livraria Lima Barreto.<\/p>\n<p>&nbsp;<\/p>\n<p><a href=\"http:\/\/institutos.ufrrj.br\/ichs\/wp-content\/uploads\/sites\/100\/2021\/04\/supridores.jpg\"><img loading=\"lazy\" decoding=\"async\" class=\"alignnone size-medium wp-image-1373\" src=\"http:\/\/institutos.ufrrj.br\/ichs\/wp-content\/uploads\/sites\/100\/2021\/04\/supridores-300x300.jpg\" alt=\"\" width=\"300\" height=\"300\" srcset=\"https:\/\/institutos.ufrrj.br\/ichs\/wp-content\/uploads\/sites\/100\/2021\/04\/supridores-300x300.jpg 300w, https:\/\/institutos.ufrrj.br\/ichs\/wp-content\/uploads\/sites\/100\/2021\/04\/supridores-150x150.jpg 150w, https:\/\/institutos.ufrrj.br\/ichs\/wp-content\/uploads\/sites\/100\/2021\/04\/supridores-75x75.jpg 75w, https:\/\/institutos.ufrrj.br\/ichs\/wp-content\/uploads\/sites\/100\/2021\/04\/supridores-100x100.jpg 100w, https:\/\/institutos.ufrrj.br\/ichs\/wp-content\/uploads\/sites\/100\/2021\/04\/supridores.jpg 476w\" sizes=\"auto, (max-width: 300px) 100vw, 300px\" \/><\/a><\/p>\n","protected":false},"excerpt":{"rendered":"<p>Os professores Marcos Pasche (DLC) e Felipe Magalh\u00e3es (DHist) debatem sobre literatura e favela com Jos\u00e9 Falero, autor do livro &#8220;Os Supridores&#8221;. [&hellip;]<\/p>\n","protected":false},"author":58,"featured_media":1373,"comment_status":"closed","ping_status":"closed","sticky":false,"template":"","format":"standard","meta":{"_acf_changed":false,"_themeisle_gutenberg_block_has_review":false,"footnotes":"","_links_to":"","_links_to_target":""},"categories":[6],"tags":[],"class_list":["post-1372","post","type-post","status-publish","format-standard","has-post-thumbnail","hentry","category-noticias"],"acf":[],"yoast_head":"<!-- This site is optimized with the Yoast SEO plugin v26.8 - https:\/\/yoast.com\/product\/yoast-seo-wordpress\/ -->\n<title>Debate sobre Literatura e Favela - ICHS - Instituto de Ci\u00eancias Humanas e Sociais<\/title>\n<meta name=\"robots\" content=\"index, follow, max-snippet:-1, max-image-preview:large, max-video-preview:-1\" \/>\n<link rel=\"canonical\" href=\"https:\/\/institutos.ufrrj.br\/ichs\/debate-sobre-literatura-e-favela\/\" \/>\n<meta property=\"og:locale\" content=\"pt_BR\" \/>\n<meta property=\"og:type\" content=\"article\" \/>\n<meta property=\"og:title\" content=\"Debate sobre Literatura e Favela - ICHS - Instituto de Ci\u00eancias Humanas e Sociais\" \/>\n<meta property=\"og:description\" content=\"Os professores Marcos Pasche (DLC) e Felipe Magalh\u00e3es (DHist) debatem sobre literatura e favela com Jos\u00e9 Falero, autor do livro &#8220;Os Supridores&#8221;. [&hellip;]\" \/>\n<meta property=\"og:url\" content=\"https:\/\/institutos.ufrrj.br\/ichs\/debate-sobre-literatura-e-favela\/\" \/>\n<meta property=\"og:site_name\" content=\"ICHS - Instituto de Ci\u00eancias Humanas e Sociais\" \/>\n<meta property=\"article:publisher\" content=\"https:\/\/www.facebook.com\/people\/Instituto-de-Cincias-Humanas-e-Sociais-ichsufrrj\/100064717788841\/\" \/>\n<meta property=\"article:published_time\" content=\"2021-04-06T02:13:23+00:00\" \/>\n<meta property=\"article:modified_time\" content=\"2026-01-23T19:22:53+00:00\" \/>\n<meta property=\"og:image\" content=\"https:\/\/institutos.ufrrj.br\/ichs\/wp-content\/uploads\/sites\/100\/2021\/04\/supridores.jpg\" \/>\n\t<meta property=\"og:image:width\" content=\"476\" \/>\n\t<meta property=\"og:image:height\" content=\"476\" \/>\n\t<meta property=\"og:image:type\" content=\"image\/jpeg\" \/>\n<meta name=\"author\" content=\"flaviabv\" \/>\n<meta name=\"twitter:card\" content=\"summary_large_image\" \/>\n<meta name=\"twitter:label1\" content=\"Escrito por\" \/>\n\t<meta name=\"twitter:data1\" content=\"flaviabv\" \/>\n<script type=\"application\/ld+json\" class=\"yoast-schema-graph\">{\"@context\":\"https:\/\/schema.org\",\"@graph\":[{\"@type\":\"Article\",\"@id\":\"https:\/\/institutos.ufrrj.br\/ichs\/debate-sobre-literatura-e-favela\/#article\",\"isPartOf\":{\"@id\":\"https:\/\/institutos.ufrrj.br\/ichs\/debate-sobre-literatura-e-favela\/\"},\"author\":{\"name\":\"flaviabv\",\"@id\":\"https:\/\/institutos.ufrrj.br\/ichs\/#\/schema\/person\/2a306990a051984752c617c77df6e037\"},\"headline\":\"Debate sobre Literatura e Favela\",\"datePublished\":\"2021-04-06T02:13:23+00:00\",\"dateModified\":\"2026-01-23T19:22:53+00:00\",\"mainEntityOfPage\":{\"@id\":\"https:\/\/institutos.ufrrj.br\/ichs\/debate-sobre-literatura-e-favela\/\"},\"wordCount\":44,\"publisher\":{\"@id\":\"https:\/\/institutos.ufrrj.br\/ichs\/#organization\"},\"image\":{\"@id\":\"https:\/\/institutos.ufrrj.br\/ichs\/debate-sobre-literatura-e-favela\/#primaryimage\"},\"thumbnailUrl\":\"https:\/\/institutos.ufrrj.br\/ichs\/wp-content\/uploads\/sites\/100\/2021\/04\/supridores.jpg\",\"articleSection\":[\"Not\u00edcias\"],\"inLanguage\":\"pt-BR\"},{\"@type\":\"WebPage\",\"@id\":\"https:\/\/institutos.ufrrj.br\/ichs\/debate-sobre-literatura-e-favela\/\",\"url\":\"https:\/\/institutos.ufrrj.br\/ichs\/debate-sobre-literatura-e-favela\/\",\"name\":\"Debate sobre Literatura e Favela - ICHS - Instituto de Ci\u00eancias Humanas e Sociais\",\"isPartOf\":{\"@id\":\"https:\/\/institutos.ufrrj.br\/ichs\/#website\"},\"primaryImageOfPage\":{\"@id\":\"https:\/\/institutos.ufrrj.br\/ichs\/debate-sobre-literatura-e-favela\/#primaryimage\"},\"image\":{\"@id\":\"https:\/\/institutos.ufrrj.br\/ichs\/debate-sobre-literatura-e-favela\/#primaryimage\"},\"thumbnailUrl\":\"https:\/\/institutos.ufrrj.br\/ichs\/wp-content\/uploads\/sites\/100\/2021\/04\/supridores.jpg\",\"datePublished\":\"2021-04-06T02:13:23+00:00\",\"dateModified\":\"2026-01-23T19:22:53+00:00\",\"breadcrumb\":{\"@id\":\"https:\/\/institutos.ufrrj.br\/ichs\/debate-sobre-literatura-e-favela\/#breadcrumb\"},\"inLanguage\":\"pt-BR\",\"potentialAction\":[{\"@type\":\"ReadAction\",\"target\":[\"https:\/\/institutos.ufrrj.br\/ichs\/debate-sobre-literatura-e-favela\/\"]}]},{\"@type\":\"ImageObject\",\"inLanguage\":\"pt-BR\",\"@id\":\"https:\/\/institutos.ufrrj.br\/ichs\/debate-sobre-literatura-e-favela\/#primaryimage\",\"url\":\"https:\/\/institutos.ufrrj.br\/ichs\/wp-content\/uploads\/sites\/100\/2021\/04\/supridores.jpg\",\"contentUrl\":\"https:\/\/institutos.ufrrj.br\/ichs\/wp-content\/uploads\/sites\/100\/2021\/04\/supridores.jpg\",\"width\":476,\"height\":476},{\"@type\":\"BreadcrumbList\",\"@id\":\"https:\/\/institutos.ufrrj.br\/ichs\/debate-sobre-literatura-e-favela\/#breadcrumb\",\"itemListElement\":[{\"@type\":\"ListItem\",\"position\":1,\"name\":\"In\u00edcio\",\"item\":\"https:\/\/institutos.ufrrj.br\/ichs\/\"},{\"@type\":\"ListItem\",\"position\":2,\"name\":\"Debate sobre Literatura e Favela\"}]},{\"@type\":\"WebSite\",\"@id\":\"https:\/\/institutos.ufrrj.br\/ichs\/#website\",\"url\":\"https:\/\/institutos.ufrrj.br\/ichs\/\",\"name\":\"ICHS - Instituto de Ci\u00eancias Humanas e Sociais\",\"description\":\"UFRRJ\",\"publisher\":{\"@id\":\"https:\/\/institutos.ufrrj.br\/ichs\/#organization\"},\"potentialAction\":[{\"@type\":\"SearchAction\",\"target\":{\"@type\":\"EntryPoint\",\"urlTemplate\":\"https:\/\/institutos.ufrrj.br\/ichs\/?s={search_term_string}\"},\"query-input\":{\"@type\":\"PropertyValueSpecification\",\"valueRequired\":true,\"valueName\":\"search_term_string\"}}],\"inLanguage\":\"pt-BR\"},{\"@type\":\"Organization\",\"@id\":\"https:\/\/institutos.ufrrj.br\/ichs\/#organization\",\"name\":\"UFRRJ - Universidade Federal Rural do Rio de Janeiro\",\"url\":\"https:\/\/institutos.ufrrj.br\/ichs\/\",\"logo\":{\"@type\":\"ImageObject\",\"inLanguage\":\"pt-BR\",\"@id\":\"https:\/\/institutos.ufrrj.br\/ichs\/#\/schema\/logo\/image\/\",\"url\":\"https:\/\/institutos.ufrrj.br\/ichs\/wp-content\/uploads\/sites\/100\/2026\/01\/ichs-removebg-preview.png\",\"contentUrl\":\"https:\/\/institutos.ufrrj.br\/ichs\/wp-content\/uploads\/sites\/100\/2026\/01\/ichs-removebg-preview.png\",\"width\":500,\"height\":500,\"caption\":\"UFRRJ - Universidade Federal Rural do Rio de Janeiro\"},\"image\":{\"@id\":\"https:\/\/institutos.ufrrj.br\/ichs\/#\/schema\/logo\/image\/\"},\"sameAs\":[\"https:\/\/www.facebook.com\/people\/Instituto-de-Cincias-Humanas-e-Sociais-ichsufrrj\/100064717788841\/\"]},{\"@type\":\"Person\",\"@id\":\"https:\/\/institutos.ufrrj.br\/ichs\/#\/schema\/person\/2a306990a051984752c617c77df6e037\",\"name\":\"flaviabv\",\"image\":{\"@type\":\"ImageObject\",\"inLanguage\":\"pt-BR\",\"@id\":\"https:\/\/institutos.ufrrj.br\/ichs\/#\/schema\/person\/image\/\",\"url\":\"https:\/\/secure.gravatar.com\/avatar\/4b61b6b77b7be383bf2f022c8ee9d2f1454c4907e4e8624e3d95b39b303e2739?s=96&d=mm&r=g\",\"contentUrl\":\"https:\/\/secure.gravatar.com\/avatar\/4b61b6b77b7be383bf2f022c8ee9d2f1454c4907e4e8624e3d95b39b303e2739?s=96&d=mm&r=g\",\"caption\":\"flaviabv\"},\"url\":\"https:\/\/institutos.ufrrj.br\/ichs\/author\/flaviabv1\/\"}]}<\/script>\n<!-- \/ Yoast SEO plugin. -->","yoast_head_json":{"title":"Debate sobre Literatura e Favela - ICHS - Instituto de Ci\u00eancias Humanas e Sociais","robots":{"index":"index","follow":"follow","max-snippet":"max-snippet:-1","max-image-preview":"max-image-preview:large","max-video-preview":"max-video-preview:-1"},"canonical":"https:\/\/institutos.ufrrj.br\/ichs\/debate-sobre-literatura-e-favela\/","og_locale":"pt_BR","og_type":"article","og_title":"Debate sobre Literatura e Favela - ICHS - Instituto de Ci\u00eancias Humanas e Sociais","og_description":"Os professores Marcos Pasche (DLC) e Felipe Magalh\u00e3es (DHist) debatem sobre literatura e favela com Jos\u00e9 Falero, autor do livro &#8220;Os Supridores&#8221;. [&hellip;]","og_url":"https:\/\/institutos.ufrrj.br\/ichs\/debate-sobre-literatura-e-favela\/","og_site_name":"ICHS - Instituto de Ci\u00eancias Humanas e Sociais","article_publisher":"https:\/\/www.facebook.com\/people\/Instituto-de-Cincias-Humanas-e-Sociais-ichsufrrj\/100064717788841\/","article_published_time":"2021-04-06T02:13:23+00:00","article_modified_time":"2026-01-23T19:22:53+00:00","og_image":[{"width":476,"height":476,"url":"https:\/\/institutos.ufrrj.br\/ichs\/wp-content\/uploads\/sites\/100\/2021\/04\/supridores.jpg","type":"image\/jpeg"}],"author":"flaviabv","twitter_card":"summary_large_image","twitter_misc":{"Escrito por":"flaviabv"},"schema":{"@context":"https:\/\/schema.org","@graph":[{"@type":"Article","@id":"https:\/\/institutos.ufrrj.br\/ichs\/debate-sobre-literatura-e-favela\/#article","isPartOf":{"@id":"https:\/\/institutos.ufrrj.br\/ichs\/debate-sobre-literatura-e-favela\/"},"author":{"name":"flaviabv","@id":"https:\/\/institutos.ufrrj.br\/ichs\/#\/schema\/person\/2a306990a051984752c617c77df6e037"},"headline":"Debate sobre Literatura e Favela","datePublished":"2021-04-06T02:13:23+00:00","dateModified":"2026-01-23T19:22:53+00:00","mainEntityOfPage":{"@id":"https:\/\/institutos.ufrrj.br\/ichs\/debate-sobre-literatura-e-favela\/"},"wordCount":44,"publisher":{"@id":"https:\/\/institutos.ufrrj.br\/ichs\/#organization"},"image":{"@id":"https:\/\/institutos.ufrrj.br\/ichs\/debate-sobre-literatura-e-favela\/#primaryimage"},"thumbnailUrl":"https:\/\/institutos.ufrrj.br\/ichs\/wp-content\/uploads\/sites\/100\/2021\/04\/supridores.jpg","articleSection":["Not\u00edcias"],"inLanguage":"pt-BR"},{"@type":"WebPage","@id":"https:\/\/institutos.ufrrj.br\/ichs\/debate-sobre-literatura-e-favela\/","url":"https:\/\/institutos.ufrrj.br\/ichs\/debate-sobre-literatura-e-favela\/","name":"Debate sobre Literatura e Favela - ICHS - Instituto de Ci\u00eancias Humanas e Sociais","isPartOf":{"@id":"https:\/\/institutos.ufrrj.br\/ichs\/#website"},"primaryImageOfPage":{"@id":"https:\/\/institutos.ufrrj.br\/ichs\/debate-sobre-literatura-e-favela\/#primaryimage"},"image":{"@id":"https:\/\/institutos.ufrrj.br\/ichs\/debate-sobre-literatura-e-favela\/#primaryimage"},"thumbnailUrl":"https:\/\/institutos.ufrrj.br\/ichs\/wp-content\/uploads\/sites\/100\/2021\/04\/supridores.jpg","datePublished":"2021-04-06T02:13:23+00:00","dateModified":"2026-01-23T19:22:53+00:00","breadcrumb":{"@id":"https:\/\/institutos.ufrrj.br\/ichs\/debate-sobre-literatura-e-favela\/#breadcrumb"},"inLanguage":"pt-BR","potentialAction":[{"@type":"ReadAction","target":["https:\/\/institutos.ufrrj.br\/ichs\/debate-sobre-literatura-e-favela\/"]}]},{"@type":"ImageObject","inLanguage":"pt-BR","@id":"https:\/\/institutos.ufrrj.br\/ichs\/debate-sobre-literatura-e-favela\/#primaryimage","url":"https:\/\/institutos.ufrrj.br\/ichs\/wp-content\/uploads\/sites\/100\/2021\/04\/supridores.jpg","contentUrl":"https:\/\/institutos.ufrrj.br\/ichs\/wp-content\/uploads\/sites\/100\/2021\/04\/supridores.jpg","width":476,"height":476},{"@type":"BreadcrumbList","@id":"https:\/\/institutos.ufrrj.br\/ichs\/debate-sobre-literatura-e-favela\/#breadcrumb","itemListElement":[{"@type":"ListItem","position":1,"name":"In\u00edcio","item":"https:\/\/institutos.ufrrj.br\/ichs\/"},{"@type":"ListItem","position":2,"name":"Debate sobre Literatura e Favela"}]},{"@type":"WebSite","@id":"https:\/\/institutos.ufrrj.br\/ichs\/#website","url":"https:\/\/institutos.ufrrj.br\/ichs\/","name":"ICHS - Instituto de Ci\u00eancias Humanas e Sociais","description":"UFRRJ","publisher":{"@id":"https:\/\/institutos.ufrrj.br\/ichs\/#organization"},"potentialAction":[{"@type":"SearchAction","target":{"@type":"EntryPoint","urlTemplate":"https:\/\/institutos.ufrrj.br\/ichs\/?s={search_term_string}"},"query-input":{"@type":"PropertyValueSpecification","valueRequired":true,"valueName":"search_term_string"}}],"inLanguage":"pt-BR"},{"@type":"Organization","@id":"https:\/\/institutos.ufrrj.br\/ichs\/#organization","name":"UFRRJ - Universidade Federal Rural do Rio de Janeiro","url":"https:\/\/institutos.ufrrj.br\/ichs\/","logo":{"@type":"ImageObject","inLanguage":"pt-BR","@id":"https:\/\/institutos.ufrrj.br\/ichs\/#\/schema\/logo\/image\/","url":"https:\/\/institutos.ufrrj.br\/ichs\/wp-content\/uploads\/sites\/100\/2026\/01\/ichs-removebg-preview.png","contentUrl":"https:\/\/institutos.ufrrj.br\/ichs\/wp-content\/uploads\/sites\/100\/2026\/01\/ichs-removebg-preview.png","width":500,"height":500,"caption":"UFRRJ - Universidade Federal Rural do Rio de Janeiro"},"image":{"@id":"https:\/\/institutos.ufrrj.br\/ichs\/#\/schema\/logo\/image\/"},"sameAs":["https:\/\/www.facebook.com\/people\/Instituto-de-Cincias-Humanas-e-Sociais-ichsufrrj\/100064717788841\/"]},{"@type":"Person","@id":"https:\/\/institutos.ufrrj.br\/ichs\/#\/schema\/person\/2a306990a051984752c617c77df6e037","name":"flaviabv","image":{"@type":"ImageObject","inLanguage":"pt-BR","@id":"https:\/\/institutos.ufrrj.br\/ichs\/#\/schema\/person\/image\/","url":"https:\/\/secure.gravatar.com\/avatar\/4b61b6b77b7be383bf2f022c8ee9d2f1454c4907e4e8624e3d95b39b303e2739?s=96&d=mm&r=g","contentUrl":"https:\/\/secure.gravatar.com\/avatar\/4b61b6b77b7be383bf2f022c8ee9d2f1454c4907e4e8624e3d95b39b303e2739?s=96&d=mm&r=g","caption":"flaviabv"},"url":"https:\/\/institutos.ufrrj.br\/ichs\/author\/flaviabv1\/"}]}},"_links":{"self":[{"href":"https:\/\/institutos.ufrrj.br\/ichs\/wp-json\/wp\/v2\/posts\/1372","targetHints":{"allow":["GET"]}}],"collection":[{"href":"https:\/\/institutos.ufrrj.br\/ichs\/wp-json\/wp\/v2\/posts"}],"about":[{"href":"https:\/\/institutos.ufrrj.br\/ichs\/wp-json\/wp\/v2\/types\/post"}],"author":[{"embeddable":true,"href":"https:\/\/institutos.ufrrj.br\/ichs\/wp-json\/wp\/v2\/users\/58"}],"replies":[{"embeddable":true,"href":"https:\/\/institutos.ufrrj.br\/ichs\/wp-json\/wp\/v2\/comments?post=1372"}],"version-history":[{"count":1,"href":"https:\/\/institutos.ufrrj.br\/ichs\/wp-json\/wp\/v2\/posts\/1372\/revisions"}],"predecessor-version":[{"id":1374,"href":"https:\/\/institutos.ufrrj.br\/ichs\/wp-json\/wp\/v2\/posts\/1372\/revisions\/1374"}],"wp:featuredmedia":[{"embeddable":true,"href":"https:\/\/institutos.ufrrj.br\/ichs\/wp-json\/wp\/v2\/media\/1373"}],"wp:attachment":[{"href":"https:\/\/institutos.ufrrj.br\/ichs\/wp-json\/wp\/v2\/media?parent=1372"}],"wp:term":[{"taxonomy":"category","embeddable":true,"href":"https:\/\/institutos.ufrrj.br\/ichs\/wp-json\/wp\/v2\/categories?post=1372"},{"taxonomy":"post_tag","embeddable":true,"href":"https:\/\/institutos.ufrrj.br\/ichs\/wp-json\/wp\/v2\/tags?post=1372"}],"curies":[{"name":"wp","href":"https:\/\/api.w.org\/{rel}","templated":true}]}}