{"id":1831,"date":"2021-10-04T11:50:02","date_gmt":"2021-10-04T14:50:02","guid":{"rendered":"http:\/\/institutos.ufrrj.br\/ichs\/?p=1831"},"modified":"2026-01-23T16:22:58","modified_gmt":"2026-01-23T19:22:58","slug":"revista-estudos-sociedade-e-agricultura-v-29-n-3-outubro-de-2021-a-janeiro-de-2022","status":"publish","type":"post","link":"https:\/\/institutos.ufrrj.br\/ichs\/revista-estudos-sociedade-e-agricultura-v-29-n-3-outubro-de-2021-a-janeiro-de-2022\/","title":{"rendered":"Revista Estudos Sociedade e Agricultura (v. 29, n. 3 \u2013 outubro de 2021 a janeiro de 2022)"},"content":{"rendered":"<p>Estudos Sociedade e Agricultura, revista quadrimestral de Ci\u00eancias Sociais do CPDA\/UFRRJ e que tem as profas. Maria Jos\u00e9 Carneiro (editora-chefe), Carmen Andriolli e Leonilde Servolo de Medeiros (editoras adjuntas) formando seu comit\u00ea editorial, acaba de publicar seu mais recente n\u00famero (<b>v. 29, n. 3 \u2013 outubro de 2021 a janeiro de 2022<\/b>), composto pela Se\u00e7\u00e3o Tem\u00e1tica &#8220;Entre continuidades e descontinuidades das pol\u00edticas p\u00fablicas para a agricultura brasileira&#8221; (organizada pelos profs. Sergio Pereira Leite e Eric Sabourin, com introdu\u00e7\u00e3o e sete artigos) e mais dois artigos do fluxo cont\u00ednuo que contemplam temas como movimentos sociais rurais e inven\u00e7\u00e3o da tradi\u00e7\u00e3o.<\/p>\n<p>Por favor, n\u00e3o deixe de divulgar junto a seus pares e de convidar\u00a0todas e todos \u00e0 leitura da nova edi\u00e7\u00e3o em nosso site, onde tamb\u00e9m est\u00e3o dispon\u00edveis todos os n\u00fameros anteriores.<\/p>\n<p><b><br \/>\n<a href=\"https:\/\/revistaesa.com\/ojs\/index.php\/esa\/issue\/view\/esa29-3\" target=\"_blank\" rel=\"noopener noreferrer\" data-saferedirecturl=\"https:\/\/www.google.com\/url?q=https:\/\/revistaesa.com\/ojs\/index.php\/esa\/issue\/view\/esa29-3&amp;source=gmail&amp;ust=1633444746448000&amp;usg=AFQjCNHtiJ-1u4l4zsNA6b753DfD0Te0ng\"><span style=\"font-size: large\">https:\/\/revistaesa.com\/ojs\/index.php\/esa\/issue\/view\/esa29-3<\/span><\/a><\/b><\/p>\n<div dir=\"ltr\" data-smartmail=\"gmail_signature\">\n<div dir=\"ltr\">\n<div dir=\"ltr\">\n<div dir=\"ltr\">\n<div dir=\"ltr\">\n<div dir=\"ltr\">\n<div dir=\"ltr\"><\/div>\n<div>Revista Estudos Sociedade e Agricultura<br \/>\n<a href=\"https:\/\/www.revistaesa.com\/\" target=\"_blank\" rel=\"noopener\" data-saferedirecturl=\"https:\/\/www.google.com\/url?q=https:\/\/www.revistaesa.com\/&amp;source=gmail&amp;ust=1633444746448000&amp;usg=AFQjCNFlKCowcHU-agNSVIEGAoKrIvVowg\">https:\/\/www.revistaesa.com\/<\/a><\/p>\n<p><a href=\"https:\/\/www.instagram.com\/esacpda\/\" target=\"_blank\" rel=\"noopener\" data-saferedirecturl=\"https:\/\/www.google.com\/url?q=https:\/\/www.instagram.com\/esacpda\/&amp;source=gmail&amp;ust=1633444746448000&amp;usg=AFQjCNELUxqGKiyS80d4gkyOXJg1YFckcA\">https:\/\/www.instagram.com\/esacpda\/<\/a><\/div>\n<div><a href=\"https:\/\/www.facebook.com\/esacpda\" target=\"_blank\" rel=\"noopener\" data-saferedirecturl=\"https:\/\/www.google.com\/url?q=https:\/\/www.facebook.com\/esacpda&amp;source=gmail&amp;ust=1633444746448000&amp;usg=AFQjCNGAAF9dA33cSB4frkLsucrDD1mwyw\">https:\/\/www.facebook.com\/esacpda<\/a><\/div>\n<\/div>\n<\/div>\n<\/div>\n<\/div>\n<\/div>\n<\/div>\n","protected":false},"excerpt":{"rendered":"<p>Estudos Sociedade e Agricultura, revista quadrimestral de Ci\u00eancias Sociais do CPDA\/UFRRJ e que tem as profas. Maria Jos\u00e9 Carneiro (editora-chefe), Carmen Andriolli [&hellip;]<\/p>\n","protected":false},"author":57,"featured_media":1832,"comment_status":"closed","ping_status":"closed","sticky":false,"template":"","format":"standard","meta":{"_acf_changed":false,"_themeisle_gutenberg_block_has_review":false,"footnotes":"","_links_to":"","_links_to_target":""},"categories":[6],"tags":[],"class_list":["post-1831","post","type-post","status-publish","format-standard","has-post-thumbnail","hentry","category-noticias"],"acf":[],"yoast_head":"<!-- This site is optimized with the Yoast SEO plugin v26.8 - https:\/\/yoast.com\/product\/yoast-seo-wordpress\/ -->\n<title>Revista Estudos Sociedade e Agricultura (v. 29, n. 3 \u2013 outubro de 2021 a janeiro de 2022) - ICHS - Instituto de Ci\u00eancias Humanas e Sociais<\/title>\n<meta name=\"robots\" content=\"index, follow, max-snippet:-1, max-image-preview:large, max-video-preview:-1\" \/>\n<link rel=\"canonical\" href=\"https:\/\/institutos.ufrrj.br\/ichs\/revista-estudos-sociedade-e-agricultura-v-29-n-3-outubro-de-2021-a-janeiro-de-2022\/\" \/>\n<meta property=\"og:locale\" content=\"pt_BR\" \/>\n<meta property=\"og:type\" content=\"article\" \/>\n<meta property=\"og:title\" content=\"Revista Estudos Sociedade e Agricultura (v. 29, n. 3 \u2013 outubro de 2021 a janeiro de 2022) - ICHS - Instituto de Ci\u00eancias Humanas e Sociais\" \/>\n<meta property=\"og:description\" content=\"Estudos Sociedade e Agricultura, revista quadrimestral de Ci\u00eancias Sociais do CPDA\/UFRRJ e que tem as profas. Maria Jos\u00e9 Carneiro (editora-chefe), Carmen Andriolli [&hellip;]\" \/>\n<meta property=\"og:url\" content=\"https:\/\/institutos.ufrrj.br\/ichs\/revista-estudos-sociedade-e-agricultura-v-29-n-3-outubro-de-2021-a-janeiro-de-2022\/\" \/>\n<meta property=\"og:site_name\" content=\"ICHS - Instituto de Ci\u00eancias Humanas e Sociais\" \/>\n<meta property=\"article:publisher\" content=\"https:\/\/www.facebook.com\/people\/Instituto-de-Cincias-Humanas-e-Sociais-ichsufrrj\/100064717788841\/\" \/>\n<meta property=\"article:published_time\" content=\"2021-10-04T14:50:02+00:00\" \/>\n<meta property=\"article:modified_time\" content=\"2026-01-23T19:22:58+00:00\" \/>\n<meta property=\"og:image\" content=\"https:\/\/institutos.ufrrj.br\/ichs\/wp-content\/uploads\/sites\/100\/2021\/10\/banner_ESA_29-3-1.png\" \/>\n\t<meta property=\"og:image:width\" content=\"692\" \/>\n\t<meta property=\"og:image:height\" content=\"412\" \/>\n\t<meta property=\"og:image:type\" content=\"image\/png\" \/>\n<meta name=\"author\" content=\"andrezacrf2\" \/>\n<meta name=\"twitter:card\" content=\"summary_large_image\" \/>\n<meta name=\"twitter:label1\" content=\"Escrito por\" \/>\n\t<meta name=\"twitter:data1\" content=\"andrezacrf2\" \/>\n\t<meta name=\"twitter:label2\" content=\"Est. tempo de leitura\" \/>\n\t<meta name=\"twitter:data2\" content=\"1 minuto\" \/>\n<script type=\"application\/ld+json\" class=\"yoast-schema-graph\">{\"@context\":\"https:\/\/schema.org\",\"@graph\":[{\"@type\":\"Article\",\"@id\":\"https:\/\/institutos.ufrrj.br\/ichs\/revista-estudos-sociedade-e-agricultura-v-29-n-3-outubro-de-2021-a-janeiro-de-2022\/#article\",\"isPartOf\":{\"@id\":\"https:\/\/institutos.ufrrj.br\/ichs\/revista-estudos-sociedade-e-agricultura-v-29-n-3-outubro-de-2021-a-janeiro-de-2022\/\"},\"author\":{\"name\":\"andrezacrf2\",\"@id\":\"https:\/\/institutos.ufrrj.br\/ichs\/#\/schema\/person\/01232fd42563c8b366a3128cde2b0b9a\"},\"headline\":\"Revista Estudos Sociedade e Agricultura (v. 29, n. 3 \u2013 outubro de 2021 a janeiro de 2022)\",\"datePublished\":\"2021-10-04T14:50:02+00:00\",\"dateModified\":\"2026-01-23T19:22:58+00:00\",\"mainEntityOfPage\":{\"@id\":\"https:\/\/institutos.ufrrj.br\/ichs\/revista-estudos-sociedade-e-agricultura-v-29-n-3-outubro-de-2021-a-janeiro-de-2022\/\"},\"wordCount\":184,\"publisher\":{\"@id\":\"https:\/\/institutos.ufrrj.br\/ichs\/#organization\"},\"image\":{\"@id\":\"https:\/\/institutos.ufrrj.br\/ichs\/revista-estudos-sociedade-e-agricultura-v-29-n-3-outubro-de-2021-a-janeiro-de-2022\/#primaryimage\"},\"thumbnailUrl\":\"https:\/\/institutos.ufrrj.br\/ichs\/wp-content\/uploads\/sites\/100\/2021\/10\/banner_ESA_29-3-1.png\",\"articleSection\":[\"Not\u00edcias\"],\"inLanguage\":\"pt-BR\"},{\"@type\":\"WebPage\",\"@id\":\"https:\/\/institutos.ufrrj.br\/ichs\/revista-estudos-sociedade-e-agricultura-v-29-n-3-outubro-de-2021-a-janeiro-de-2022\/\",\"url\":\"https:\/\/institutos.ufrrj.br\/ichs\/revista-estudos-sociedade-e-agricultura-v-29-n-3-outubro-de-2021-a-janeiro-de-2022\/\",\"name\":\"Revista Estudos Sociedade e Agricultura (v. 29, n. 3 \u2013 outubro de 2021 a janeiro de 2022) - ICHS - Instituto de Ci\u00eancias Humanas e Sociais\",\"isPartOf\":{\"@id\":\"https:\/\/institutos.ufrrj.br\/ichs\/#website\"},\"primaryImageOfPage\":{\"@id\":\"https:\/\/institutos.ufrrj.br\/ichs\/revista-estudos-sociedade-e-agricultura-v-29-n-3-outubro-de-2021-a-janeiro-de-2022\/#primaryimage\"},\"image\":{\"@id\":\"https:\/\/institutos.ufrrj.br\/ichs\/revista-estudos-sociedade-e-agricultura-v-29-n-3-outubro-de-2021-a-janeiro-de-2022\/#primaryimage\"},\"thumbnailUrl\":\"https:\/\/institutos.ufrrj.br\/ichs\/wp-content\/uploads\/sites\/100\/2021\/10\/banner_ESA_29-3-1.png\",\"datePublished\":\"2021-10-04T14:50:02+00:00\",\"dateModified\":\"2026-01-23T19:22:58+00:00\",\"breadcrumb\":{\"@id\":\"https:\/\/institutos.ufrrj.br\/ichs\/revista-estudos-sociedade-e-agricultura-v-29-n-3-outubro-de-2021-a-janeiro-de-2022\/#breadcrumb\"},\"inLanguage\":\"pt-BR\",\"potentialAction\":[{\"@type\":\"ReadAction\",\"target\":[\"https:\/\/institutos.ufrrj.br\/ichs\/revista-estudos-sociedade-e-agricultura-v-29-n-3-outubro-de-2021-a-janeiro-de-2022\/\"]}]},{\"@type\":\"ImageObject\",\"inLanguage\":\"pt-BR\",\"@id\":\"https:\/\/institutos.ufrrj.br\/ichs\/revista-estudos-sociedade-e-agricultura-v-29-n-3-outubro-de-2021-a-janeiro-de-2022\/#primaryimage\",\"url\":\"https:\/\/institutos.ufrrj.br\/ichs\/wp-content\/uploads\/sites\/100\/2021\/10\/banner_ESA_29-3-1.png\",\"contentUrl\":\"https:\/\/institutos.ufrrj.br\/ichs\/wp-content\/uploads\/sites\/100\/2021\/10\/banner_ESA_29-3-1.png\",\"width\":692,\"height\":412},{\"@type\":\"BreadcrumbList\",\"@id\":\"https:\/\/institutos.ufrrj.br\/ichs\/revista-estudos-sociedade-e-agricultura-v-29-n-3-outubro-de-2021-a-janeiro-de-2022\/#breadcrumb\",\"itemListElement\":[{\"@type\":\"ListItem\",\"position\":1,\"name\":\"In\u00edcio\",\"item\":\"https:\/\/institutos.ufrrj.br\/ichs\/\"},{\"@type\":\"ListItem\",\"position\":2,\"name\":\"Revista Estudos Sociedade e Agricultura (v. 29, n. 3 \u2013 outubro de 2021 a janeiro de 2022)\"}]},{\"@type\":\"WebSite\",\"@id\":\"https:\/\/institutos.ufrrj.br\/ichs\/#website\",\"url\":\"https:\/\/institutos.ufrrj.br\/ichs\/\",\"name\":\"ICHS - Instituto de Ci\u00eancias Humanas e Sociais\",\"description\":\"UFRRJ\",\"publisher\":{\"@id\":\"https:\/\/institutos.ufrrj.br\/ichs\/#organization\"},\"potentialAction\":[{\"@type\":\"SearchAction\",\"target\":{\"@type\":\"EntryPoint\",\"urlTemplate\":\"https:\/\/institutos.ufrrj.br\/ichs\/?s={search_term_string}\"},\"query-input\":{\"@type\":\"PropertyValueSpecification\",\"valueRequired\":true,\"valueName\":\"search_term_string\"}}],\"inLanguage\":\"pt-BR\"},{\"@type\":\"Organization\",\"@id\":\"https:\/\/institutos.ufrrj.br\/ichs\/#organization\",\"name\":\"UFRRJ - Universidade Federal Rural do Rio de Janeiro\",\"url\":\"https:\/\/institutos.ufrrj.br\/ichs\/\",\"logo\":{\"@type\":\"ImageObject\",\"inLanguage\":\"pt-BR\",\"@id\":\"https:\/\/institutos.ufrrj.br\/ichs\/#\/schema\/logo\/image\/\",\"url\":\"https:\/\/institutos.ufrrj.br\/ichs\/wp-content\/uploads\/sites\/100\/2026\/01\/ichs-removebg-preview.png\",\"contentUrl\":\"https:\/\/institutos.ufrrj.br\/ichs\/wp-content\/uploads\/sites\/100\/2026\/01\/ichs-removebg-preview.png\",\"width\":500,\"height\":500,\"caption\":\"UFRRJ - Universidade Federal Rural do Rio de Janeiro\"},\"image\":{\"@id\":\"https:\/\/institutos.ufrrj.br\/ichs\/#\/schema\/logo\/image\/\"},\"sameAs\":[\"https:\/\/www.facebook.com\/people\/Instituto-de-Cincias-Humanas-e-Sociais-ichsufrrj\/100064717788841\/\"]},{\"@type\":\"Person\",\"@id\":\"https:\/\/institutos.ufrrj.br\/ichs\/#\/schema\/person\/01232fd42563c8b366a3128cde2b0b9a\",\"name\":\"andrezacrf2\",\"image\":{\"@type\":\"ImageObject\",\"inLanguage\":\"pt-BR\",\"@id\":\"https:\/\/institutos.ufrrj.br\/ichs\/#\/schema\/person\/image\/\",\"url\":\"https:\/\/secure.gravatar.com\/avatar\/d3a1570eee5fa2ab5d8c76b6b1e9621501723a02a13a772d88c638e3d89ccbfb?s=96&d=mm&r=g\",\"contentUrl\":\"https:\/\/secure.gravatar.com\/avatar\/d3a1570eee5fa2ab5d8c76b6b1e9621501723a02a13a772d88c638e3d89ccbfb?s=96&d=mm&r=g\",\"caption\":\"andrezacrf2\"},\"url\":\"https:\/\/institutos.ufrrj.br\/ichs\/author\/andrezacrf22\/\"}]}<\/script>\n<!-- \/ Yoast SEO plugin. -->","yoast_head_json":{"title":"Revista Estudos Sociedade e Agricultura (v. 29, n. 3 \u2013 outubro de 2021 a janeiro de 2022) - ICHS - Instituto de Ci\u00eancias Humanas e Sociais","robots":{"index":"index","follow":"follow","max-snippet":"max-snippet:-1","max-image-preview":"max-image-preview:large","max-video-preview":"max-video-preview:-1"},"canonical":"https:\/\/institutos.ufrrj.br\/ichs\/revista-estudos-sociedade-e-agricultura-v-29-n-3-outubro-de-2021-a-janeiro-de-2022\/","og_locale":"pt_BR","og_type":"article","og_title":"Revista Estudos Sociedade e Agricultura (v. 29, n. 3 \u2013 outubro de 2021 a janeiro de 2022) - ICHS - Instituto de Ci\u00eancias Humanas e Sociais","og_description":"Estudos Sociedade e Agricultura, revista quadrimestral de Ci\u00eancias Sociais do CPDA\/UFRRJ e que tem as profas. Maria Jos\u00e9 Carneiro (editora-chefe), Carmen Andriolli [&hellip;]","og_url":"https:\/\/institutos.ufrrj.br\/ichs\/revista-estudos-sociedade-e-agricultura-v-29-n-3-outubro-de-2021-a-janeiro-de-2022\/","og_site_name":"ICHS - Instituto de Ci\u00eancias Humanas e Sociais","article_publisher":"https:\/\/www.facebook.com\/people\/Instituto-de-Cincias-Humanas-e-Sociais-ichsufrrj\/100064717788841\/","article_published_time":"2021-10-04T14:50:02+00:00","article_modified_time":"2026-01-23T19:22:58+00:00","og_image":[{"width":692,"height":412,"url":"https:\/\/institutos.ufrrj.br\/ichs\/wp-content\/uploads\/sites\/100\/2021\/10\/banner_ESA_29-3-1.png","type":"image\/png"}],"author":"andrezacrf2","twitter_card":"summary_large_image","twitter_misc":{"Escrito por":"andrezacrf2","Est. tempo de leitura":"1 minuto"},"schema":{"@context":"https:\/\/schema.org","@graph":[{"@type":"Article","@id":"https:\/\/institutos.ufrrj.br\/ichs\/revista-estudos-sociedade-e-agricultura-v-29-n-3-outubro-de-2021-a-janeiro-de-2022\/#article","isPartOf":{"@id":"https:\/\/institutos.ufrrj.br\/ichs\/revista-estudos-sociedade-e-agricultura-v-29-n-3-outubro-de-2021-a-janeiro-de-2022\/"},"author":{"name":"andrezacrf2","@id":"https:\/\/institutos.ufrrj.br\/ichs\/#\/schema\/person\/01232fd42563c8b366a3128cde2b0b9a"},"headline":"Revista Estudos Sociedade e Agricultura (v. 29, n. 3 \u2013 outubro de 2021 a janeiro de 2022)","datePublished":"2021-10-04T14:50:02+00:00","dateModified":"2026-01-23T19:22:58+00:00","mainEntityOfPage":{"@id":"https:\/\/institutos.ufrrj.br\/ichs\/revista-estudos-sociedade-e-agricultura-v-29-n-3-outubro-de-2021-a-janeiro-de-2022\/"},"wordCount":184,"publisher":{"@id":"https:\/\/institutos.ufrrj.br\/ichs\/#organization"},"image":{"@id":"https:\/\/institutos.ufrrj.br\/ichs\/revista-estudos-sociedade-e-agricultura-v-29-n-3-outubro-de-2021-a-janeiro-de-2022\/#primaryimage"},"thumbnailUrl":"https:\/\/institutos.ufrrj.br\/ichs\/wp-content\/uploads\/sites\/100\/2021\/10\/banner_ESA_29-3-1.png","articleSection":["Not\u00edcias"],"inLanguage":"pt-BR"},{"@type":"WebPage","@id":"https:\/\/institutos.ufrrj.br\/ichs\/revista-estudos-sociedade-e-agricultura-v-29-n-3-outubro-de-2021-a-janeiro-de-2022\/","url":"https:\/\/institutos.ufrrj.br\/ichs\/revista-estudos-sociedade-e-agricultura-v-29-n-3-outubro-de-2021-a-janeiro-de-2022\/","name":"Revista Estudos Sociedade e Agricultura (v. 29, n. 3 \u2013 outubro de 2021 a janeiro de 2022) - ICHS - Instituto de Ci\u00eancias Humanas e Sociais","isPartOf":{"@id":"https:\/\/institutos.ufrrj.br\/ichs\/#website"},"primaryImageOfPage":{"@id":"https:\/\/institutos.ufrrj.br\/ichs\/revista-estudos-sociedade-e-agricultura-v-29-n-3-outubro-de-2021-a-janeiro-de-2022\/#primaryimage"},"image":{"@id":"https:\/\/institutos.ufrrj.br\/ichs\/revista-estudos-sociedade-e-agricultura-v-29-n-3-outubro-de-2021-a-janeiro-de-2022\/#primaryimage"},"thumbnailUrl":"https:\/\/institutos.ufrrj.br\/ichs\/wp-content\/uploads\/sites\/100\/2021\/10\/banner_ESA_29-3-1.png","datePublished":"2021-10-04T14:50:02+00:00","dateModified":"2026-01-23T19:22:58+00:00","breadcrumb":{"@id":"https:\/\/institutos.ufrrj.br\/ichs\/revista-estudos-sociedade-e-agricultura-v-29-n-3-outubro-de-2021-a-janeiro-de-2022\/#breadcrumb"},"inLanguage":"pt-BR","potentialAction":[{"@type":"ReadAction","target":["https:\/\/institutos.ufrrj.br\/ichs\/revista-estudos-sociedade-e-agricultura-v-29-n-3-outubro-de-2021-a-janeiro-de-2022\/"]}]},{"@type":"ImageObject","inLanguage":"pt-BR","@id":"https:\/\/institutos.ufrrj.br\/ichs\/revista-estudos-sociedade-e-agricultura-v-29-n-3-outubro-de-2021-a-janeiro-de-2022\/#primaryimage","url":"https:\/\/institutos.ufrrj.br\/ichs\/wp-content\/uploads\/sites\/100\/2021\/10\/banner_ESA_29-3-1.png","contentUrl":"https:\/\/institutos.ufrrj.br\/ichs\/wp-content\/uploads\/sites\/100\/2021\/10\/banner_ESA_29-3-1.png","width":692,"height":412},{"@type":"BreadcrumbList","@id":"https:\/\/institutos.ufrrj.br\/ichs\/revista-estudos-sociedade-e-agricultura-v-29-n-3-outubro-de-2021-a-janeiro-de-2022\/#breadcrumb","itemListElement":[{"@type":"ListItem","position":1,"name":"In\u00edcio","item":"https:\/\/institutos.ufrrj.br\/ichs\/"},{"@type":"ListItem","position":2,"name":"Revista Estudos Sociedade e Agricultura (v. 29, n. 3 \u2013 outubro de 2021 a janeiro de 2022)"}]},{"@type":"WebSite","@id":"https:\/\/institutos.ufrrj.br\/ichs\/#website","url":"https:\/\/institutos.ufrrj.br\/ichs\/","name":"ICHS - Instituto de Ci\u00eancias Humanas e Sociais","description":"UFRRJ","publisher":{"@id":"https:\/\/institutos.ufrrj.br\/ichs\/#organization"},"potentialAction":[{"@type":"SearchAction","target":{"@type":"EntryPoint","urlTemplate":"https:\/\/institutos.ufrrj.br\/ichs\/?s={search_term_string}"},"query-input":{"@type":"PropertyValueSpecification","valueRequired":true,"valueName":"search_term_string"}}],"inLanguage":"pt-BR"},{"@type":"Organization","@id":"https:\/\/institutos.ufrrj.br\/ichs\/#organization","name":"UFRRJ - Universidade Federal Rural do Rio de Janeiro","url":"https:\/\/institutos.ufrrj.br\/ichs\/","logo":{"@type":"ImageObject","inLanguage":"pt-BR","@id":"https:\/\/institutos.ufrrj.br\/ichs\/#\/schema\/logo\/image\/","url":"https:\/\/institutos.ufrrj.br\/ichs\/wp-content\/uploads\/sites\/100\/2026\/01\/ichs-removebg-preview.png","contentUrl":"https:\/\/institutos.ufrrj.br\/ichs\/wp-content\/uploads\/sites\/100\/2026\/01\/ichs-removebg-preview.png","width":500,"height":500,"caption":"UFRRJ - Universidade Federal Rural do Rio de Janeiro"},"image":{"@id":"https:\/\/institutos.ufrrj.br\/ichs\/#\/schema\/logo\/image\/"},"sameAs":["https:\/\/www.facebook.com\/people\/Instituto-de-Cincias-Humanas-e-Sociais-ichsufrrj\/100064717788841\/"]},{"@type":"Person","@id":"https:\/\/institutos.ufrrj.br\/ichs\/#\/schema\/person\/01232fd42563c8b366a3128cde2b0b9a","name":"andrezacrf2","image":{"@type":"ImageObject","inLanguage":"pt-BR","@id":"https:\/\/institutos.ufrrj.br\/ichs\/#\/schema\/person\/image\/","url":"https:\/\/secure.gravatar.com\/avatar\/d3a1570eee5fa2ab5d8c76b6b1e9621501723a02a13a772d88c638e3d89ccbfb?s=96&d=mm&r=g","contentUrl":"https:\/\/secure.gravatar.com\/avatar\/d3a1570eee5fa2ab5d8c76b6b1e9621501723a02a13a772d88c638e3d89ccbfb?s=96&d=mm&r=g","caption":"andrezacrf2"},"url":"https:\/\/institutos.ufrrj.br\/ichs\/author\/andrezacrf22\/"}]}},"_links":{"self":[{"href":"https:\/\/institutos.ufrrj.br\/ichs\/wp-json\/wp\/v2\/posts\/1831","targetHints":{"allow":["GET"]}}],"collection":[{"href":"https:\/\/institutos.ufrrj.br\/ichs\/wp-json\/wp\/v2\/posts"}],"about":[{"href":"https:\/\/institutos.ufrrj.br\/ichs\/wp-json\/wp\/v2\/types\/post"}],"author":[{"embeddable":true,"href":"https:\/\/institutos.ufrrj.br\/ichs\/wp-json\/wp\/v2\/users\/57"}],"replies":[{"embeddable":true,"href":"https:\/\/institutos.ufrrj.br\/ichs\/wp-json\/wp\/v2\/comments?post=1831"}],"version-history":[{"count":1,"href":"https:\/\/institutos.ufrrj.br\/ichs\/wp-json\/wp\/v2\/posts\/1831\/revisions"}],"predecessor-version":[{"id":1833,"href":"https:\/\/institutos.ufrrj.br\/ichs\/wp-json\/wp\/v2\/posts\/1831\/revisions\/1833"}],"wp:featuredmedia":[{"embeddable":true,"href":"https:\/\/institutos.ufrrj.br\/ichs\/wp-json\/wp\/v2\/media\/1832"}],"wp:attachment":[{"href":"https:\/\/institutos.ufrrj.br\/ichs\/wp-json\/wp\/v2\/media?parent=1831"}],"wp:term":[{"taxonomy":"category","embeddable":true,"href":"https:\/\/institutos.ufrrj.br\/ichs\/wp-json\/wp\/v2\/categories?post=1831"},{"taxonomy":"post_tag","embeddable":true,"href":"https:\/\/institutos.ufrrj.br\/ichs\/wp-json\/wp\/v2\/tags?post=1831"}],"curies":[{"name":"wp","href":"https:\/\/api.w.org\/{rel}","templated":true}]}}