{"id":1887,"date":"2021-11-16T18:57:54","date_gmt":"2021-11-16T21:57:54","guid":{"rendered":"http:\/\/institutos.ufrrj.br\/ichs\/?p=1887"},"modified":"2026-01-23T16:22:54","modified_gmt":"2026-01-23T19:22:54","slug":"ichs-e-representado-na-abertura-do-i-curso-de-pos-graduacao-lato-sensu-em-arborizacao-urbana-do-if-ufrrj-no-cpda-ichs","status":"publish","type":"post","link":"https:\/\/institutos.ufrrj.br\/ichs\/ichs-e-representado-na-abertura-do-i-curso-de-pos-graduacao-lato-sensu-em-arborizacao-urbana-do-if-ufrrj-no-cpda-ichs\/","title":{"rendered":"ICHS \u00e9 representado na abertura do I curso de p\u00f3s-gradua\u00e7\u00e3o lato sensu em Arboriza\u00e7\u00e3o Urbana do IF\/UFRRJ no CPDA\/ICHS"},"content":{"rendered":"<p>O Instituto de Ci\u00eancias Humanas e Sociais (ICHS) marcou presen\u00e7a na abertura das aulas pr\u00e1ticas e presenciais do primeiro curso de p\u00f3s-gradua\u00e7\u00e3o lato sensu em Arboriza\u00e7\u00e3o Urbana do Instituto de Florestas (IF). O evento foi hoje (16) e contou com as presen\u00e7as do professor Jo\u00e3o Vicente Latorraca (IF), do vice-diretor do ICHS, Luiz Felipe Brand\u00e3o, e do reitor da Rural, Roberto Rodrigues, al\u00e9m de representantes de outras institui\u00e7\u00f5es.<\/p>\n<p>O novo curso \u00e9 fruto de uma parceria de ideias entre a o Instituto de Florestas \/ UFRRJ e a Sociedade Brasileira de Arboriza\u00e7\u00e3o Urbana (SBAU). Houve ainda o apoio de profissionais que atuam no mercado de trabalho na \u00e1rea de arboriza\u00e7\u00e3o urbana. Para mais detalhes sobre a especializa\u00e7\u00e3o clique no link: <a href=\"https:\/\/cursos.ufrrj.br\/posgraduacao\/pgau\/\">https:\/\/cursos.ufrrj.br\/posgraduacao\/pgau\/<\/a><\/p>\n<div id=\"attachment_1890\" style=\"width: 456px\" class=\"wp-caption aligncenter\"><a href=\"http:\/\/institutos.ufrrj.br\/ichs\/wp-content\/uploads\/sites\/100\/2021\/11\/WhatsApp-Image-2021-11-16-at-11.13.22-1.jpeg\"><img loading=\"lazy\" decoding=\"async\" aria-describedby=\"caption-attachment-1890\" class=\"wp-image-1890\" src=\"http:\/\/institutos.ufrrj.br\/ichs\/wp-content\/uploads\/sites\/100\/2021\/11\/WhatsApp-Image-2021-11-16-at-11.13.22-1-300x225.jpeg\" alt=\"\" width=\"446\" height=\"334\" srcset=\"https:\/\/institutos.ufrrj.br\/ichs\/wp-content\/uploads\/sites\/100\/2021\/11\/WhatsApp-Image-2021-11-16-at-11.13.22-1-300x225.jpeg 300w, https:\/\/institutos.ufrrj.br\/ichs\/wp-content\/uploads\/sites\/100\/2021\/11\/WhatsApp-Image-2021-11-16-at-11.13.22-1-768x576.jpeg 768w, https:\/\/institutos.ufrrj.br\/ichs\/wp-content\/uploads\/sites\/100\/2021\/11\/WhatsApp-Image-2021-11-16-at-11.13.22-1-1024x768.jpeg 1024w, https:\/\/institutos.ufrrj.br\/ichs\/wp-content\/uploads\/sites\/100\/2021\/11\/WhatsApp-Image-2021-11-16-at-11.13.22-1.jpeg 1156w\" sizes=\"auto, (max-width: 446px) 100vw, 446px\" \/><\/a><p id=\"caption-attachment-1890\" class=\"wp-caption-text\">Professor Luiz Felipe Os\u00f3rio, vice-presidente do ICHS (segundo da esquerda para a direita): representante do instituto em cerim\u00f4nia do IF<\/p><\/div>\n<p><a href=\"http:\/\/institutos.ufrrj.br\/ichs\/wp-content\/uploads\/sites\/100\/2021\/11\/WhatsApp-Image-2021-11-16-at-11.13.21-1.jpeg\"><img loading=\"lazy\" decoding=\"async\" class=\"wp-image-1891  aligncenter\" src=\"http:\/\/institutos.ufrrj.br\/ichs\/wp-content\/uploads\/sites\/100\/2021\/11\/WhatsApp-Image-2021-11-16-at-11.13.21-1-225x300.jpeg\" alt=\"\" width=\"300\" height=\"400\" srcset=\"https:\/\/institutos.ufrrj.br\/ichs\/wp-content\/uploads\/sites\/100\/2021\/11\/WhatsApp-Image-2021-11-16-at-11.13.21-1-225x300.jpeg 225w, https:\/\/institutos.ufrrj.br\/ichs\/wp-content\/uploads\/sites\/100\/2021\/11\/WhatsApp-Image-2021-11-16-at-11.13.21-1-768x1024.jpeg 768w, https:\/\/institutos.ufrrj.br\/ichs\/wp-content\/uploads\/sites\/100\/2021\/11\/WhatsApp-Image-2021-11-16-at-11.13.21-1.jpeg 867w\" sizes=\"auto, (max-width: 300px) 100vw, 300px\" \/><\/a><\/p>\n<p>&nbsp;<\/p>\n","protected":false},"excerpt":{"rendered":"<p>O Instituto de Ci\u00eancias Humanas e Sociais (ICHS) marcou presen\u00e7a na abertura das aulas pr\u00e1ticas e presenciais do primeiro curso de p\u00f3s-gradua\u00e7\u00e3o [&hellip;]<\/p>\n","protected":false},"author":57,"featured_media":1890,"comment_status":"closed","ping_status":"closed","sticky":false,"template":"","format":"standard","meta":{"_acf_changed":false,"_themeisle_gutenberg_block_has_review":false,"footnotes":"","_links_to":"","_links_to_target":""},"categories":[6],"tags":[],"class_list":["post-1887","post","type-post","status-publish","format-standard","has-post-thumbnail","hentry","category-noticias"],"acf":[],"yoast_head":"<!-- This site is optimized with the Yoast SEO plugin v26.8 - https:\/\/yoast.com\/product\/yoast-seo-wordpress\/ -->\n<title>ICHS \u00e9 representado na abertura do I curso de p\u00f3s-gradua\u00e7\u00e3o lato sensu em Arboriza\u00e7\u00e3o Urbana do IF\/UFRRJ no CPDA\/ICHS - ICHS - Instituto de Ci\u00eancias Humanas e Sociais<\/title>\n<meta name=\"robots\" content=\"index, follow, max-snippet:-1, max-image-preview:large, max-video-preview:-1\" \/>\n<link rel=\"canonical\" href=\"https:\/\/institutos.ufrrj.br\/ichs\/ichs-e-representado-na-abertura-do-i-curso-de-pos-graduacao-lato-sensu-em-arborizacao-urbana-do-if-ufrrj-no-cpda-ichs\/\" \/>\n<meta property=\"og:locale\" content=\"pt_BR\" \/>\n<meta property=\"og:type\" content=\"article\" \/>\n<meta property=\"og:title\" content=\"ICHS \u00e9 representado na abertura do I curso de p\u00f3s-gradua\u00e7\u00e3o lato sensu em Arboriza\u00e7\u00e3o Urbana do IF\/UFRRJ no CPDA\/ICHS - ICHS - Instituto de Ci\u00eancias Humanas e Sociais\" \/>\n<meta property=\"og:description\" content=\"O Instituto de Ci\u00eancias Humanas e Sociais (ICHS) marcou presen\u00e7a na abertura das aulas pr\u00e1ticas e presenciais do primeiro curso de p\u00f3s-gradua\u00e7\u00e3o [&hellip;]\" \/>\n<meta property=\"og:url\" content=\"https:\/\/institutos.ufrrj.br\/ichs\/ichs-e-representado-na-abertura-do-i-curso-de-pos-graduacao-lato-sensu-em-arborizacao-urbana-do-if-ufrrj-no-cpda-ichs\/\" \/>\n<meta property=\"og:site_name\" content=\"ICHS - Instituto de Ci\u00eancias Humanas e Sociais\" \/>\n<meta property=\"article:publisher\" content=\"https:\/\/www.facebook.com\/people\/Instituto-de-Cincias-Humanas-e-Sociais-ichsufrrj\/100064717788841\/\" \/>\n<meta property=\"article:published_time\" content=\"2021-11-16T21:57:54+00:00\" \/>\n<meta property=\"article:modified_time\" content=\"2026-01-23T19:22:54+00:00\" \/>\n<meta property=\"og:image\" content=\"https:\/\/institutos.ufrrj.br\/ichs\/wp-content\/uploads\/sites\/100\/2021\/11\/WhatsApp-Image-2021-11-16-at-11.13.22-1.jpeg\" \/>\n\t<meta property=\"og:image:width\" content=\"1156\" \/>\n\t<meta property=\"og:image:height\" content=\"867\" \/>\n\t<meta property=\"og:image:type\" content=\"image\/jpeg\" \/>\n<meta name=\"author\" content=\"andrezacrf2\" \/>\n<meta name=\"twitter:card\" content=\"summary_large_image\" \/>\n<meta name=\"twitter:label1\" content=\"Escrito por\" \/>\n\t<meta name=\"twitter:data1\" content=\"andrezacrf2\" \/>\n\t<meta name=\"twitter:label2\" content=\"Est. tempo de leitura\" \/>\n\t<meta name=\"twitter:data2\" content=\"1 minuto\" \/>\n<script type=\"application\/ld+json\" class=\"yoast-schema-graph\">{\"@context\":\"https:\/\/schema.org\",\"@graph\":[{\"@type\":\"Article\",\"@id\":\"https:\/\/institutos.ufrrj.br\/ichs\/ichs-e-representado-na-abertura-do-i-curso-de-pos-graduacao-lato-sensu-em-arborizacao-urbana-do-if-ufrrj-no-cpda-ichs\/#article\",\"isPartOf\":{\"@id\":\"https:\/\/institutos.ufrrj.br\/ichs\/ichs-e-representado-na-abertura-do-i-curso-de-pos-graduacao-lato-sensu-em-arborizacao-urbana-do-if-ufrrj-no-cpda-ichs\/\"},\"author\":{\"name\":\"andrezacrf2\",\"@id\":\"https:\/\/institutos.ufrrj.br\/ichs\/#\/schema\/person\/01232fd42563c8b366a3128cde2b0b9a\"},\"headline\":\"ICHS \u00e9 representado na abertura do I curso de p\u00f3s-gradua\u00e7\u00e3o lato sensu em Arboriza\u00e7\u00e3o Urbana do IF\/UFRRJ no CPDA\/ICHS\",\"datePublished\":\"2021-11-16T21:57:54+00:00\",\"dateModified\":\"2026-01-23T19:22:54+00:00\",\"mainEntityOfPage\":{\"@id\":\"https:\/\/institutos.ufrrj.br\/ichs\/ichs-e-representado-na-abertura-do-i-curso-de-pos-graduacao-lato-sensu-em-arborizacao-urbana-do-if-ufrrj-no-cpda-ichs\/\"},\"wordCount\":190,\"publisher\":{\"@id\":\"https:\/\/institutos.ufrrj.br\/ichs\/#organization\"},\"image\":{\"@id\":\"https:\/\/institutos.ufrrj.br\/ichs\/ichs-e-representado-na-abertura-do-i-curso-de-pos-graduacao-lato-sensu-em-arborizacao-urbana-do-if-ufrrj-no-cpda-ichs\/#primaryimage\"},\"thumbnailUrl\":\"https:\/\/institutos.ufrrj.br\/ichs\/wp-content\/uploads\/sites\/100\/2021\/11\/WhatsApp-Image-2021-11-16-at-11.13.22-1.jpeg\",\"articleSection\":[\"Not\u00edcias\"],\"inLanguage\":\"pt-BR\"},{\"@type\":\"WebPage\",\"@id\":\"https:\/\/institutos.ufrrj.br\/ichs\/ichs-e-representado-na-abertura-do-i-curso-de-pos-graduacao-lato-sensu-em-arborizacao-urbana-do-if-ufrrj-no-cpda-ichs\/\",\"url\":\"https:\/\/institutos.ufrrj.br\/ichs\/ichs-e-representado-na-abertura-do-i-curso-de-pos-graduacao-lato-sensu-em-arborizacao-urbana-do-if-ufrrj-no-cpda-ichs\/\",\"name\":\"ICHS \u00e9 representado na abertura do I curso de p\u00f3s-gradua\u00e7\u00e3o lato sensu em Arboriza\u00e7\u00e3o Urbana do IF\/UFRRJ no CPDA\/ICHS - ICHS - Instituto de Ci\u00eancias Humanas e Sociais\",\"isPartOf\":{\"@id\":\"https:\/\/institutos.ufrrj.br\/ichs\/#website\"},\"primaryImageOfPage\":{\"@id\":\"https:\/\/institutos.ufrrj.br\/ichs\/ichs-e-representado-na-abertura-do-i-curso-de-pos-graduacao-lato-sensu-em-arborizacao-urbana-do-if-ufrrj-no-cpda-ichs\/#primaryimage\"},\"image\":{\"@id\":\"https:\/\/institutos.ufrrj.br\/ichs\/ichs-e-representado-na-abertura-do-i-curso-de-pos-graduacao-lato-sensu-em-arborizacao-urbana-do-if-ufrrj-no-cpda-ichs\/#primaryimage\"},\"thumbnailUrl\":\"https:\/\/institutos.ufrrj.br\/ichs\/wp-content\/uploads\/sites\/100\/2021\/11\/WhatsApp-Image-2021-11-16-at-11.13.22-1.jpeg\",\"datePublished\":\"2021-11-16T21:57:54+00:00\",\"dateModified\":\"2026-01-23T19:22:54+00:00\",\"breadcrumb\":{\"@id\":\"https:\/\/institutos.ufrrj.br\/ichs\/ichs-e-representado-na-abertura-do-i-curso-de-pos-graduacao-lato-sensu-em-arborizacao-urbana-do-if-ufrrj-no-cpda-ichs\/#breadcrumb\"},\"inLanguage\":\"pt-BR\",\"potentialAction\":[{\"@type\":\"ReadAction\",\"target\":[\"https:\/\/institutos.ufrrj.br\/ichs\/ichs-e-representado-na-abertura-do-i-curso-de-pos-graduacao-lato-sensu-em-arborizacao-urbana-do-if-ufrrj-no-cpda-ichs\/\"]}]},{\"@type\":\"ImageObject\",\"inLanguage\":\"pt-BR\",\"@id\":\"https:\/\/institutos.ufrrj.br\/ichs\/ichs-e-representado-na-abertura-do-i-curso-de-pos-graduacao-lato-sensu-em-arborizacao-urbana-do-if-ufrrj-no-cpda-ichs\/#primaryimage\",\"url\":\"https:\/\/institutos.ufrrj.br\/ichs\/wp-content\/uploads\/sites\/100\/2021\/11\/WhatsApp-Image-2021-11-16-at-11.13.22-1.jpeg\",\"contentUrl\":\"https:\/\/institutos.ufrrj.br\/ichs\/wp-content\/uploads\/sites\/100\/2021\/11\/WhatsApp-Image-2021-11-16-at-11.13.22-1.jpeg\",\"width\":1156,\"height\":867},{\"@type\":\"BreadcrumbList\",\"@id\":\"https:\/\/institutos.ufrrj.br\/ichs\/ichs-e-representado-na-abertura-do-i-curso-de-pos-graduacao-lato-sensu-em-arborizacao-urbana-do-if-ufrrj-no-cpda-ichs\/#breadcrumb\",\"itemListElement\":[{\"@type\":\"ListItem\",\"position\":1,\"name\":\"In\u00edcio\",\"item\":\"https:\/\/institutos.ufrrj.br\/ichs\/\"},{\"@type\":\"ListItem\",\"position\":2,\"name\":\"ICHS \u00e9 representado na abertura do I curso de p\u00f3s-gradua\u00e7\u00e3o lato sensu em Arboriza\u00e7\u00e3o Urbana do IF\/UFRRJ no CPDA\/ICHS\"}]},{\"@type\":\"WebSite\",\"@id\":\"https:\/\/institutos.ufrrj.br\/ichs\/#website\",\"url\":\"https:\/\/institutos.ufrrj.br\/ichs\/\",\"name\":\"ICHS - Instituto de Ci\u00eancias Humanas e Sociais\",\"description\":\"UFRRJ\",\"publisher\":{\"@id\":\"https:\/\/institutos.ufrrj.br\/ichs\/#organization\"},\"potentialAction\":[{\"@type\":\"SearchAction\",\"target\":{\"@type\":\"EntryPoint\",\"urlTemplate\":\"https:\/\/institutos.ufrrj.br\/ichs\/?s={search_term_string}\"},\"query-input\":{\"@type\":\"PropertyValueSpecification\",\"valueRequired\":true,\"valueName\":\"search_term_string\"}}],\"inLanguage\":\"pt-BR\"},{\"@type\":\"Organization\",\"@id\":\"https:\/\/institutos.ufrrj.br\/ichs\/#organization\",\"name\":\"UFRRJ - Universidade Federal Rural do Rio de Janeiro\",\"url\":\"https:\/\/institutos.ufrrj.br\/ichs\/\",\"logo\":{\"@type\":\"ImageObject\",\"inLanguage\":\"pt-BR\",\"@id\":\"https:\/\/institutos.ufrrj.br\/ichs\/#\/schema\/logo\/image\/\",\"url\":\"https:\/\/institutos.ufrrj.br\/ichs\/wp-content\/uploads\/sites\/100\/2026\/01\/ichs-removebg-preview.png\",\"contentUrl\":\"https:\/\/institutos.ufrrj.br\/ichs\/wp-content\/uploads\/sites\/100\/2026\/01\/ichs-removebg-preview.png\",\"width\":500,\"height\":500,\"caption\":\"UFRRJ - Universidade Federal Rural do Rio de Janeiro\"},\"image\":{\"@id\":\"https:\/\/institutos.ufrrj.br\/ichs\/#\/schema\/logo\/image\/\"},\"sameAs\":[\"https:\/\/www.facebook.com\/people\/Instituto-de-Cincias-Humanas-e-Sociais-ichsufrrj\/100064717788841\/\"]},{\"@type\":\"Person\",\"@id\":\"https:\/\/institutos.ufrrj.br\/ichs\/#\/schema\/person\/01232fd42563c8b366a3128cde2b0b9a\",\"name\":\"andrezacrf2\",\"image\":{\"@type\":\"ImageObject\",\"inLanguage\":\"pt-BR\",\"@id\":\"https:\/\/institutos.ufrrj.br\/ichs\/#\/schema\/person\/image\/\",\"url\":\"https:\/\/secure.gravatar.com\/avatar\/d3a1570eee5fa2ab5d8c76b6b1e9621501723a02a13a772d88c638e3d89ccbfb?s=96&d=mm&r=g\",\"contentUrl\":\"https:\/\/secure.gravatar.com\/avatar\/d3a1570eee5fa2ab5d8c76b6b1e9621501723a02a13a772d88c638e3d89ccbfb?s=96&d=mm&r=g\",\"caption\":\"andrezacrf2\"},\"url\":\"https:\/\/institutos.ufrrj.br\/ichs\/author\/andrezacrf22\/\"}]}<\/script>\n<!-- \/ Yoast SEO plugin. -->","yoast_head_json":{"title":"ICHS \u00e9 representado na abertura do I curso de p\u00f3s-gradua\u00e7\u00e3o lato sensu em Arboriza\u00e7\u00e3o Urbana do IF\/UFRRJ no CPDA\/ICHS - ICHS - Instituto de Ci\u00eancias Humanas e Sociais","robots":{"index":"index","follow":"follow","max-snippet":"max-snippet:-1","max-image-preview":"max-image-preview:large","max-video-preview":"max-video-preview:-1"},"canonical":"https:\/\/institutos.ufrrj.br\/ichs\/ichs-e-representado-na-abertura-do-i-curso-de-pos-graduacao-lato-sensu-em-arborizacao-urbana-do-if-ufrrj-no-cpda-ichs\/","og_locale":"pt_BR","og_type":"article","og_title":"ICHS \u00e9 representado na abertura do I curso de p\u00f3s-gradua\u00e7\u00e3o lato sensu em Arboriza\u00e7\u00e3o Urbana do IF\/UFRRJ no CPDA\/ICHS - ICHS - Instituto de Ci\u00eancias Humanas e Sociais","og_description":"O Instituto de Ci\u00eancias Humanas e Sociais (ICHS) marcou presen\u00e7a na abertura das aulas pr\u00e1ticas e presenciais do primeiro curso de p\u00f3s-gradua\u00e7\u00e3o [&hellip;]","og_url":"https:\/\/institutos.ufrrj.br\/ichs\/ichs-e-representado-na-abertura-do-i-curso-de-pos-graduacao-lato-sensu-em-arborizacao-urbana-do-if-ufrrj-no-cpda-ichs\/","og_site_name":"ICHS - Instituto de Ci\u00eancias Humanas e Sociais","article_publisher":"https:\/\/www.facebook.com\/people\/Instituto-de-Cincias-Humanas-e-Sociais-ichsufrrj\/100064717788841\/","article_published_time":"2021-11-16T21:57:54+00:00","article_modified_time":"2026-01-23T19:22:54+00:00","og_image":[{"width":1156,"height":867,"url":"https:\/\/institutos.ufrrj.br\/ichs\/wp-content\/uploads\/sites\/100\/2021\/11\/WhatsApp-Image-2021-11-16-at-11.13.22-1.jpeg","type":"image\/jpeg"}],"author":"andrezacrf2","twitter_card":"summary_large_image","twitter_misc":{"Escrito por":"andrezacrf2","Est. tempo de leitura":"1 minuto"},"schema":{"@context":"https:\/\/schema.org","@graph":[{"@type":"Article","@id":"https:\/\/institutos.ufrrj.br\/ichs\/ichs-e-representado-na-abertura-do-i-curso-de-pos-graduacao-lato-sensu-em-arborizacao-urbana-do-if-ufrrj-no-cpda-ichs\/#article","isPartOf":{"@id":"https:\/\/institutos.ufrrj.br\/ichs\/ichs-e-representado-na-abertura-do-i-curso-de-pos-graduacao-lato-sensu-em-arborizacao-urbana-do-if-ufrrj-no-cpda-ichs\/"},"author":{"name":"andrezacrf2","@id":"https:\/\/institutos.ufrrj.br\/ichs\/#\/schema\/person\/01232fd42563c8b366a3128cde2b0b9a"},"headline":"ICHS \u00e9 representado na abertura do I curso de p\u00f3s-gradua\u00e7\u00e3o lato sensu em Arboriza\u00e7\u00e3o Urbana do IF\/UFRRJ no CPDA\/ICHS","datePublished":"2021-11-16T21:57:54+00:00","dateModified":"2026-01-23T19:22:54+00:00","mainEntityOfPage":{"@id":"https:\/\/institutos.ufrrj.br\/ichs\/ichs-e-representado-na-abertura-do-i-curso-de-pos-graduacao-lato-sensu-em-arborizacao-urbana-do-if-ufrrj-no-cpda-ichs\/"},"wordCount":190,"publisher":{"@id":"https:\/\/institutos.ufrrj.br\/ichs\/#organization"},"image":{"@id":"https:\/\/institutos.ufrrj.br\/ichs\/ichs-e-representado-na-abertura-do-i-curso-de-pos-graduacao-lato-sensu-em-arborizacao-urbana-do-if-ufrrj-no-cpda-ichs\/#primaryimage"},"thumbnailUrl":"https:\/\/institutos.ufrrj.br\/ichs\/wp-content\/uploads\/sites\/100\/2021\/11\/WhatsApp-Image-2021-11-16-at-11.13.22-1.jpeg","articleSection":["Not\u00edcias"],"inLanguage":"pt-BR"},{"@type":"WebPage","@id":"https:\/\/institutos.ufrrj.br\/ichs\/ichs-e-representado-na-abertura-do-i-curso-de-pos-graduacao-lato-sensu-em-arborizacao-urbana-do-if-ufrrj-no-cpda-ichs\/","url":"https:\/\/institutos.ufrrj.br\/ichs\/ichs-e-representado-na-abertura-do-i-curso-de-pos-graduacao-lato-sensu-em-arborizacao-urbana-do-if-ufrrj-no-cpda-ichs\/","name":"ICHS \u00e9 representado na abertura do I curso de p\u00f3s-gradua\u00e7\u00e3o lato sensu em Arboriza\u00e7\u00e3o Urbana do IF\/UFRRJ no CPDA\/ICHS - ICHS - Instituto de Ci\u00eancias Humanas e Sociais","isPartOf":{"@id":"https:\/\/institutos.ufrrj.br\/ichs\/#website"},"primaryImageOfPage":{"@id":"https:\/\/institutos.ufrrj.br\/ichs\/ichs-e-representado-na-abertura-do-i-curso-de-pos-graduacao-lato-sensu-em-arborizacao-urbana-do-if-ufrrj-no-cpda-ichs\/#primaryimage"},"image":{"@id":"https:\/\/institutos.ufrrj.br\/ichs\/ichs-e-representado-na-abertura-do-i-curso-de-pos-graduacao-lato-sensu-em-arborizacao-urbana-do-if-ufrrj-no-cpda-ichs\/#primaryimage"},"thumbnailUrl":"https:\/\/institutos.ufrrj.br\/ichs\/wp-content\/uploads\/sites\/100\/2021\/11\/WhatsApp-Image-2021-11-16-at-11.13.22-1.jpeg","datePublished":"2021-11-16T21:57:54+00:00","dateModified":"2026-01-23T19:22:54+00:00","breadcrumb":{"@id":"https:\/\/institutos.ufrrj.br\/ichs\/ichs-e-representado-na-abertura-do-i-curso-de-pos-graduacao-lato-sensu-em-arborizacao-urbana-do-if-ufrrj-no-cpda-ichs\/#breadcrumb"},"inLanguage":"pt-BR","potentialAction":[{"@type":"ReadAction","target":["https:\/\/institutos.ufrrj.br\/ichs\/ichs-e-representado-na-abertura-do-i-curso-de-pos-graduacao-lato-sensu-em-arborizacao-urbana-do-if-ufrrj-no-cpda-ichs\/"]}]},{"@type":"ImageObject","inLanguage":"pt-BR","@id":"https:\/\/institutos.ufrrj.br\/ichs\/ichs-e-representado-na-abertura-do-i-curso-de-pos-graduacao-lato-sensu-em-arborizacao-urbana-do-if-ufrrj-no-cpda-ichs\/#primaryimage","url":"https:\/\/institutos.ufrrj.br\/ichs\/wp-content\/uploads\/sites\/100\/2021\/11\/WhatsApp-Image-2021-11-16-at-11.13.22-1.jpeg","contentUrl":"https:\/\/institutos.ufrrj.br\/ichs\/wp-content\/uploads\/sites\/100\/2021\/11\/WhatsApp-Image-2021-11-16-at-11.13.22-1.jpeg","width":1156,"height":867},{"@type":"BreadcrumbList","@id":"https:\/\/institutos.ufrrj.br\/ichs\/ichs-e-representado-na-abertura-do-i-curso-de-pos-graduacao-lato-sensu-em-arborizacao-urbana-do-if-ufrrj-no-cpda-ichs\/#breadcrumb","itemListElement":[{"@type":"ListItem","position":1,"name":"In\u00edcio","item":"https:\/\/institutos.ufrrj.br\/ichs\/"},{"@type":"ListItem","position":2,"name":"ICHS \u00e9 representado na abertura do I curso de p\u00f3s-gradua\u00e7\u00e3o lato sensu em Arboriza\u00e7\u00e3o Urbana do IF\/UFRRJ no CPDA\/ICHS"}]},{"@type":"WebSite","@id":"https:\/\/institutos.ufrrj.br\/ichs\/#website","url":"https:\/\/institutos.ufrrj.br\/ichs\/","name":"ICHS - Instituto de Ci\u00eancias Humanas e Sociais","description":"UFRRJ","publisher":{"@id":"https:\/\/institutos.ufrrj.br\/ichs\/#organization"},"potentialAction":[{"@type":"SearchAction","target":{"@type":"EntryPoint","urlTemplate":"https:\/\/institutos.ufrrj.br\/ichs\/?s={search_term_string}"},"query-input":{"@type":"PropertyValueSpecification","valueRequired":true,"valueName":"search_term_string"}}],"inLanguage":"pt-BR"},{"@type":"Organization","@id":"https:\/\/institutos.ufrrj.br\/ichs\/#organization","name":"UFRRJ - Universidade Federal Rural do Rio de Janeiro","url":"https:\/\/institutos.ufrrj.br\/ichs\/","logo":{"@type":"ImageObject","inLanguage":"pt-BR","@id":"https:\/\/institutos.ufrrj.br\/ichs\/#\/schema\/logo\/image\/","url":"https:\/\/institutos.ufrrj.br\/ichs\/wp-content\/uploads\/sites\/100\/2026\/01\/ichs-removebg-preview.png","contentUrl":"https:\/\/institutos.ufrrj.br\/ichs\/wp-content\/uploads\/sites\/100\/2026\/01\/ichs-removebg-preview.png","width":500,"height":500,"caption":"UFRRJ - Universidade Federal Rural do Rio de Janeiro"},"image":{"@id":"https:\/\/institutos.ufrrj.br\/ichs\/#\/schema\/logo\/image\/"},"sameAs":["https:\/\/www.facebook.com\/people\/Instituto-de-Cincias-Humanas-e-Sociais-ichsufrrj\/100064717788841\/"]},{"@type":"Person","@id":"https:\/\/institutos.ufrrj.br\/ichs\/#\/schema\/person\/01232fd42563c8b366a3128cde2b0b9a","name":"andrezacrf2","image":{"@type":"ImageObject","inLanguage":"pt-BR","@id":"https:\/\/institutos.ufrrj.br\/ichs\/#\/schema\/person\/image\/","url":"https:\/\/secure.gravatar.com\/avatar\/d3a1570eee5fa2ab5d8c76b6b1e9621501723a02a13a772d88c638e3d89ccbfb?s=96&d=mm&r=g","contentUrl":"https:\/\/secure.gravatar.com\/avatar\/d3a1570eee5fa2ab5d8c76b6b1e9621501723a02a13a772d88c638e3d89ccbfb?s=96&d=mm&r=g","caption":"andrezacrf2"},"url":"https:\/\/institutos.ufrrj.br\/ichs\/author\/andrezacrf22\/"}]}},"_links":{"self":[{"href":"https:\/\/institutos.ufrrj.br\/ichs\/wp-json\/wp\/v2\/posts\/1887","targetHints":{"allow":["GET"]}}],"collection":[{"href":"https:\/\/institutos.ufrrj.br\/ichs\/wp-json\/wp\/v2\/posts"}],"about":[{"href":"https:\/\/institutos.ufrrj.br\/ichs\/wp-json\/wp\/v2\/types\/post"}],"author":[{"embeddable":true,"href":"https:\/\/institutos.ufrrj.br\/ichs\/wp-json\/wp\/v2\/users\/57"}],"replies":[{"embeddable":true,"href":"https:\/\/institutos.ufrrj.br\/ichs\/wp-json\/wp\/v2\/comments?post=1887"}],"version-history":[{"count":1,"href":"https:\/\/institutos.ufrrj.br\/ichs\/wp-json\/wp\/v2\/posts\/1887\/revisions"}],"predecessor-version":[{"id":1892,"href":"https:\/\/institutos.ufrrj.br\/ichs\/wp-json\/wp\/v2\/posts\/1887\/revisions\/1892"}],"wp:featuredmedia":[{"embeddable":true,"href":"https:\/\/institutos.ufrrj.br\/ichs\/wp-json\/wp\/v2\/media\/1890"}],"wp:attachment":[{"href":"https:\/\/institutos.ufrrj.br\/ichs\/wp-json\/wp\/v2\/media?parent=1887"}],"wp:term":[{"taxonomy":"category","embeddable":true,"href":"https:\/\/institutos.ufrrj.br\/ichs\/wp-json\/wp\/v2\/categories?post=1887"},{"taxonomy":"post_tag","embeddable":true,"href":"https:\/\/institutos.ufrrj.br\/ichs\/wp-json\/wp\/v2\/tags?post=1887"}],"curies":[{"name":"wp","href":"https:\/\/api.w.org\/{rel}","templated":true}]}}