{"id":3592,"date":"2026-08-31T10:32:10","date_gmt":"2026-08-31T13:32:10","guid":{"rendered":"https:\/\/institutos.ufrrj.br\/ichs\/?p=3592"},"modified":"2026-09-03T11:35:25","modified_gmt":"2026-09-03T14:35:25","slug":"editora-ppgfil-ufrrj-uma-decada-de-circulacao-livre-do-pensamento-filosofico","status":"publish","type":"post","link":"https:\/\/institutos.ufrrj.br\/ichs\/editora-ppgfil-ufrrj-uma-decada-de-circulacao-livre-do-pensamento-filosofico\/","title":{"rendered":"Editora PPGFIL-UFRRJ: uma d\u00e9cada de circula\u00e7\u00e3o livre do pensamento filos\u00f3fico"},"content":{"rendered":"\n<figure class=\"wp-block-image size-large\"><a href=\"https:\/\/institutos.ufrrj.br\/ichs\/wp-content\/uploads\/sites\/100\/2026\/08\/livros-editora-ppgil.png\"><img loading=\"lazy\" decoding=\"async\" width=\"1024\" height=\"362\" src=\"https:\/\/institutos.ufrrj.br\/ichs\/wp-content\/uploads\/sites\/100\/2026\/08\/livros-editora-ppgil-1024x362.png\" alt=\"\" class=\"wp-image-3593\" srcset=\"https:\/\/institutos.ufrrj.br\/ichs\/wp-content\/uploads\/sites\/100\/2026\/08\/livros-editora-ppgil-1024x362.png 1024w, https:\/\/institutos.ufrrj.br\/ichs\/wp-content\/uploads\/sites\/100\/2026\/08\/livros-editora-ppgil-300x106.png 300w, https:\/\/institutos.ufrrj.br\/ichs\/wp-content\/uploads\/sites\/100\/2026\/08\/livros-editora-ppgil-768x272.png 768w, https:\/\/institutos.ufrrj.br\/ichs\/wp-content\/uploads\/sites\/100\/2026\/08\/livros-editora-ppgil-1536x543.png 1536w, https:\/\/institutos.ufrrj.br\/ichs\/wp-content\/uploads\/sites\/100\/2026\/08\/livros-editora-ppgil-198x70.png 198w, https:\/\/institutos.ufrrj.br\/ichs\/wp-content\/uploads\/sites\/100\/2026\/08\/livros-editora-ppgil.png 1708w\" sizes=\"auto, (max-width: 1024px) 100vw, 1024px\" \/><\/a><figcaption class=\"wp-element-caption\"><em>Imagem: reprodu\u00e7\u00e3o do site da Editora<\/em> <\/figcaption><\/figure>\n\n\n\n<p>Quando olhamos para a rotina de uma universidade p\u00fablica, muitas vezes a produ\u00e7\u00e3o acad\u00eamica pode parecer restrita \u00e0s salas de aula e a grupos especializados. No entanto, in\u00fameras iniciativas mostram que \u00e9 poss\u00edvel ir na contram\u00e3o dessa l\u00f3gica.\u00a0Uma delas \u00e9\u00a0a Editora PPGFIL-UFRRJ, fundada em 2014 por integrantes do corpo docente do Programa de P\u00f3s-Gradua\u00e7\u00e3o em Filosofia (PPGFIL) da Universidade Federal Rural do Rio de Janeiro (UFRRJ). O projeto nasceu para fazer o pensamento filos\u00f3fico circular de maneira ampla e gratuita.<\/p>\n\n\n\n<p>A editora foi estruturada para publicar obras em formato digital, que abrangem as diversas \u00e1reas da Filosofia\u00a0 como \u00e9tica, pol\u00edtica, est\u00e9tica e filosofia contempor\u00e2nea. Um dos pilares mais importantes da trajet\u00f3ria da Editora \u00e9 o seu modelo de atua\u00e7\u00e3o, sem fins lucrativos, baseado nos princ\u00edpios internacionais do <em>Open Access<\/em> (Acesso Aberto). Na pr\u00e1tica, isso significa que todo o conte\u00fado publicado est\u00e1 dispon\u00edvel de forma gratuita, tanto para a comunidade acad\u00eamica quanto para a sociedade em geral.\u00a0<\/p>\n\n\n\n<p>Atualmente, o cat\u00e1logo da editora conta com 36 t\u00edtulos. Embora enfrente os desafios comuns a iniciativas acad\u00eamicas independentes, como a amplia\u00e7\u00e3o do seu alcance junto ao grande p\u00fablico, a Editora PPGFIL-UFRRJ cumpre um papel fundamental. Ela atua como uma ponte entre a pesquisa produzida na universidade e a sociedade, reafirmando que o conhecimento filos\u00f3fico n\u00e3o deve pertencer a poucos, mas ser compartilhado com todos.<\/p>\n\n\n\n<p>Uma das publica\u00e7\u00f5es mais recentes da Editora \u00e9 o ebook <strong><em>Um caminho em constru\u00e7\u00e3o: 10 anos de PPGFIL-UFRRJ<\/em><\/strong>, organizado em comemora\u00e7\u00e3o ao anivers\u00e1rio do programa de p\u00f3s-gradua\u00e7\u00e3o, que completou uma d\u00e9cada em 2024.\u00a0<\/p>\n\n\n\n<p>Para conhecer e fazer download dos t\u00edtulos, peri\u00f3dicos e cole\u00e7\u00f5es, acesse o cat\u00e1logo da editora no site <a href=\"https:\/\/editorappgfilufrrj.org\/\">https:\/\/editorappgfilufrrj.org\/<\/a>&nbsp;<\/p>\n\n\n\n<p><strong>Texto:<\/strong> <em>Jo\u00e3o Leonel &#8211; estudante de jornalismo, bolsista do PDAI\/Proaes\/ICHS <\/em><\/p>\n\n\n\n<p><strong>Supervis\u00e3o<\/strong>: <em>Alessandra de Carvalho &#8211; docente do curso de Jornalismo <\/em><\/p>\n","protected":false},"excerpt":{"rendered":"<p>Quando olhamos para a rotina de uma universidade p\u00fablica, muitas vezes a produ\u00e7\u00e3o acad\u00eamica pode parecer restrita \u00e0s salas de aula e [&hellip;]<\/p>\n","protected":false},"author":71,"featured_media":3593,"comment_status":"closed","ping_status":"closed","sticky":false,"template":"","format":"standard","meta":{"_acf_changed":false,"_themeisle_gutenberg_block_has_review":false,"footnotes":"","_links_to":"","_links_to_target":""},"categories":[6],"tags":[],"class_list":["post-3592","post","type-post","status-publish","format-standard","has-post-thumbnail","hentry","category-noticias"],"acf":[],"yoast_head":"<!-- This site is optimized with the Yoast SEO plugin v26.8 - https:\/\/yoast.com\/product\/yoast-seo-wordpress\/ -->\n<title>Editora PPGFIL-UFRRJ: uma d\u00e9cada de circula\u00e7\u00e3o livre do pensamento filos\u00f3fico - ICHS - Instituto de Ci\u00eancias Humanas e Sociais<\/title>\n<meta name=\"robots\" content=\"index, follow, max-snippet:-1, max-image-preview:large, max-video-preview:-1\" \/>\n<link rel=\"canonical\" href=\"https:\/\/institutos.ufrrj.br\/ichs\/editora-ppgfil-ufrrj-uma-decada-de-circulacao-livre-do-pensamento-filosofico\/\" \/>\n<meta property=\"og:locale\" content=\"pt_BR\" \/>\n<meta property=\"og:type\" content=\"article\" \/>\n<meta property=\"og:title\" content=\"Editora PPGFIL-UFRRJ: uma d\u00e9cada de circula\u00e7\u00e3o livre do pensamento filos\u00f3fico - ICHS - Instituto de Ci\u00eancias Humanas e Sociais\" \/>\n<meta property=\"og:description\" content=\"Quando olhamos para a rotina de uma universidade p\u00fablica, muitas vezes a produ\u00e7\u00e3o acad\u00eamica pode parecer restrita \u00e0s salas de aula e [&hellip;]\" \/>\n<meta property=\"og:url\" content=\"https:\/\/institutos.ufrrj.br\/ichs\/editora-ppgfil-ufrrj-uma-decada-de-circulacao-livre-do-pensamento-filosofico\/\" \/>\n<meta property=\"og:site_name\" content=\"ICHS - Instituto de Ci\u00eancias Humanas e Sociais\" \/>\n<meta property=\"article:publisher\" content=\"https:\/\/www.facebook.com\/people\/Instituto-de-Cincias-Humanas-e-Sociais-ichsufrrj\/100064717788841\/\" \/>\n<meta property=\"article:published_time\" content=\"2026-08-31T13:32:10+00:00\" \/>\n<meta property=\"article:modified_time\" content=\"2026-09-03T14:35:25+00:00\" \/>\n<meta property=\"og:image\" content=\"https:\/\/institutos.ufrrj.br\/ichs\/wp-content\/uploads\/sites\/100\/2026\/08\/livros-editora-ppgil.png\" \/>\n\t<meta property=\"og:image:width\" content=\"1708\" \/>\n\t<meta property=\"og:image:height\" content=\"604\" \/>\n\t<meta property=\"og:image:type\" content=\"image\/png\" \/>\n<meta name=\"author\" content=\"alesscar\" \/>\n<meta name=\"twitter:card\" content=\"summary_large_image\" \/>\n<meta name=\"twitter:label1\" content=\"Escrito por\" \/>\n\t<meta name=\"twitter:data1\" content=\"alesscar\" \/>\n\t<meta name=\"twitter:label2\" content=\"Est. tempo de leitura\" \/>\n\t<meta name=\"twitter:data2\" content=\"3 minutos\" \/>\n<script type=\"application\/ld+json\" class=\"yoast-schema-graph\">{\"@context\":\"https:\/\/schema.org\",\"@graph\":[{\"@type\":\"Article\",\"@id\":\"https:\/\/institutos.ufrrj.br\/ichs\/editora-ppgfil-ufrrj-uma-decada-de-circulacao-livre-do-pensamento-filosofico\/#article\",\"isPartOf\":{\"@id\":\"https:\/\/institutos.ufrrj.br\/ichs\/editora-ppgfil-ufrrj-uma-decada-de-circulacao-livre-do-pensamento-filosofico\/\"},\"author\":{\"name\":\"alesscar\",\"@id\":\"https:\/\/institutos.ufrrj.br\/ichs\/#\/schema\/person\/efbe503bc4f9e1751dcc2bd09668beb6\"},\"headline\":\"Editora PPGFIL-UFRRJ: uma d\u00e9cada de circula\u00e7\u00e3o livre do pensamento filos\u00f3fico\",\"datePublished\":\"2026-08-31T13:32:10+00:00\",\"dateModified\":\"2026-09-03T14:35:25+00:00\",\"mainEntityOfPage\":{\"@id\":\"https:\/\/institutos.ufrrj.br\/ichs\/editora-ppgfil-ufrrj-uma-decada-de-circulacao-livre-do-pensamento-filosofico\/\"},\"wordCount\":350,\"publisher\":{\"@id\":\"https:\/\/institutos.ufrrj.br\/ichs\/#organization\"},\"image\":{\"@id\":\"https:\/\/institutos.ufrrj.br\/ichs\/editora-ppgfil-ufrrj-uma-decada-de-circulacao-livre-do-pensamento-filosofico\/#primaryimage\"},\"thumbnailUrl\":\"https:\/\/institutos.ufrrj.br\/ichs\/wp-content\/uploads\/sites\/100\/2026\/08\/livros-editora-ppgil.png\",\"articleSection\":[\"Not\u00edcias\"],\"inLanguage\":\"pt-BR\"},{\"@type\":\"WebPage\",\"@id\":\"https:\/\/institutos.ufrrj.br\/ichs\/editora-ppgfil-ufrrj-uma-decada-de-circulacao-livre-do-pensamento-filosofico\/\",\"url\":\"https:\/\/institutos.ufrrj.br\/ichs\/editora-ppgfil-ufrrj-uma-decada-de-circulacao-livre-do-pensamento-filosofico\/\",\"name\":\"Editora PPGFIL-UFRRJ: uma d\u00e9cada de circula\u00e7\u00e3o livre do pensamento filos\u00f3fico - ICHS - Instituto de Ci\u00eancias Humanas e Sociais\",\"isPartOf\":{\"@id\":\"https:\/\/institutos.ufrrj.br\/ichs\/#website\"},\"primaryImageOfPage\":{\"@id\":\"https:\/\/institutos.ufrrj.br\/ichs\/editora-ppgfil-ufrrj-uma-decada-de-circulacao-livre-do-pensamento-filosofico\/#primaryimage\"},\"image\":{\"@id\":\"https:\/\/institutos.ufrrj.br\/ichs\/editora-ppgfil-ufrrj-uma-decada-de-circulacao-livre-do-pensamento-filosofico\/#primaryimage\"},\"thumbnailUrl\":\"https:\/\/institutos.ufrrj.br\/ichs\/wp-content\/uploads\/sites\/100\/2026\/08\/livros-editora-ppgil.png\",\"datePublished\":\"2026-08-31T13:32:10+00:00\",\"dateModified\":\"2026-09-03T14:35:25+00:00\",\"breadcrumb\":{\"@id\":\"https:\/\/institutos.ufrrj.br\/ichs\/editora-ppgfil-ufrrj-uma-decada-de-circulacao-livre-do-pensamento-filosofico\/#breadcrumb\"},\"inLanguage\":\"pt-BR\",\"potentialAction\":[{\"@type\":\"ReadAction\",\"target\":[\"https:\/\/institutos.ufrrj.br\/ichs\/editora-ppgfil-ufrrj-uma-decada-de-circulacao-livre-do-pensamento-filosofico\/\"]}]},{\"@type\":\"ImageObject\",\"inLanguage\":\"pt-BR\",\"@id\":\"https:\/\/institutos.ufrrj.br\/ichs\/editora-ppgfil-ufrrj-uma-decada-de-circulacao-livre-do-pensamento-filosofico\/#primaryimage\",\"url\":\"https:\/\/institutos.ufrrj.br\/ichs\/wp-content\/uploads\/sites\/100\/2026\/08\/livros-editora-ppgil.png\",\"contentUrl\":\"https:\/\/institutos.ufrrj.br\/ichs\/wp-content\/uploads\/sites\/100\/2026\/08\/livros-editora-ppgil.png\",\"width\":1708,\"height\":604},{\"@type\":\"BreadcrumbList\",\"@id\":\"https:\/\/institutos.ufrrj.br\/ichs\/editora-ppgfil-ufrrj-uma-decada-de-circulacao-livre-do-pensamento-filosofico\/#breadcrumb\",\"itemListElement\":[{\"@type\":\"ListItem\",\"position\":1,\"name\":\"In\u00edcio\",\"item\":\"https:\/\/institutos.ufrrj.br\/ichs\/\"},{\"@type\":\"ListItem\",\"position\":2,\"name\":\"Editora PPGFIL-UFRRJ: uma d\u00e9cada de circula\u00e7\u00e3o livre do pensamento filos\u00f3fico\"}]},{\"@type\":\"WebSite\",\"@id\":\"https:\/\/institutos.ufrrj.br\/ichs\/#website\",\"url\":\"https:\/\/institutos.ufrrj.br\/ichs\/\",\"name\":\"ICHS - Instituto de Ci\u00eancias Humanas e Sociais\",\"description\":\"UFRRJ\",\"publisher\":{\"@id\":\"https:\/\/institutos.ufrrj.br\/ichs\/#organization\"},\"potentialAction\":[{\"@type\":\"SearchAction\",\"target\":{\"@type\":\"EntryPoint\",\"urlTemplate\":\"https:\/\/institutos.ufrrj.br\/ichs\/?s={search_term_string}\"},\"query-input\":{\"@type\":\"PropertyValueSpecification\",\"valueRequired\":true,\"valueName\":\"search_term_string\"}}],\"inLanguage\":\"pt-BR\"},{\"@type\":\"Organization\",\"@id\":\"https:\/\/institutos.ufrrj.br\/ichs\/#organization\",\"name\":\"UFRRJ - Universidade Federal Rural do Rio de Janeiro\",\"url\":\"https:\/\/institutos.ufrrj.br\/ichs\/\",\"logo\":{\"@type\":\"ImageObject\",\"inLanguage\":\"pt-BR\",\"@id\":\"https:\/\/institutos.ufrrj.br\/ichs\/#\/schema\/logo\/image\/\",\"url\":\"https:\/\/institutos.ufrrj.br\/ichs\/wp-content\/uploads\/sites\/100\/2026\/01\/ichs-removebg-preview.png\",\"contentUrl\":\"https:\/\/institutos.ufrrj.br\/ichs\/wp-content\/uploads\/sites\/100\/2026\/01\/ichs-removebg-preview.png\",\"width\":500,\"height\":500,\"caption\":\"UFRRJ - Universidade Federal Rural do Rio de Janeiro\"},\"image\":{\"@id\":\"https:\/\/institutos.ufrrj.br\/ichs\/#\/schema\/logo\/image\/\"},\"sameAs\":[\"https:\/\/www.facebook.com\/people\/Instituto-de-Cincias-Humanas-e-Sociais-ichsufrrj\/100064717788841\/\"]},{\"@type\":\"Person\",\"@id\":\"https:\/\/institutos.ufrrj.br\/ichs\/#\/schema\/person\/efbe503bc4f9e1751dcc2bd09668beb6\",\"name\":\"alesscar\",\"image\":{\"@type\":\"ImageObject\",\"inLanguage\":\"pt-BR\",\"@id\":\"https:\/\/institutos.ufrrj.br\/ichs\/#\/schema\/person\/image\/\",\"url\":\"https:\/\/secure.gravatar.com\/avatar\/583124fa70da57d4d32588ec9842b4851c812c82a0bfb8827250e762701a9db2?s=96&d=mm&r=g\",\"contentUrl\":\"https:\/\/secure.gravatar.com\/avatar\/583124fa70da57d4d32588ec9842b4851c812c82a0bfb8827250e762701a9db2?s=96&d=mm&r=g\",\"caption\":\"alesscar\"},\"description\":\"GLPI: 31992\",\"url\":\"https:\/\/institutos.ufrrj.br\/ichs\/author\/alesscar1\/\"}]}<\/script>\n<!-- \/ Yoast SEO plugin. -->","yoast_head_json":{"title":"Editora PPGFIL-UFRRJ: uma d\u00e9cada de circula\u00e7\u00e3o livre do pensamento filos\u00f3fico - ICHS - Instituto de Ci\u00eancias Humanas e Sociais","robots":{"index":"index","follow":"follow","max-snippet":"max-snippet:-1","max-image-preview":"max-image-preview:large","max-video-preview":"max-video-preview:-1"},"canonical":"https:\/\/institutos.ufrrj.br\/ichs\/editora-ppgfil-ufrrj-uma-decada-de-circulacao-livre-do-pensamento-filosofico\/","og_locale":"pt_BR","og_type":"article","og_title":"Editora PPGFIL-UFRRJ: uma d\u00e9cada de circula\u00e7\u00e3o livre do pensamento filos\u00f3fico - ICHS - Instituto de Ci\u00eancias Humanas e Sociais","og_description":"Quando olhamos para a rotina de uma universidade p\u00fablica, muitas vezes a produ\u00e7\u00e3o acad\u00eamica pode parecer restrita \u00e0s salas de aula e [&hellip;]","og_url":"https:\/\/institutos.ufrrj.br\/ichs\/editora-ppgfil-ufrrj-uma-decada-de-circulacao-livre-do-pensamento-filosofico\/","og_site_name":"ICHS - Instituto de Ci\u00eancias Humanas e Sociais","article_publisher":"https:\/\/www.facebook.com\/people\/Instituto-de-Cincias-Humanas-e-Sociais-ichsufrrj\/100064717788841\/","article_published_time":"2026-08-31T13:32:10+00:00","article_modified_time":"2026-09-03T14:35:25+00:00","og_image":[{"width":1708,"height":604,"url":"https:\/\/institutos.ufrrj.br\/ichs\/wp-content\/uploads\/sites\/100\/2026\/08\/livros-editora-ppgil.png","type":"image\/png"}],"author":"alesscar","twitter_card":"summary_large_image","twitter_misc":{"Escrito por":"alesscar","Est. tempo de leitura":"3 minutos"},"schema":{"@context":"https:\/\/schema.org","@graph":[{"@type":"Article","@id":"https:\/\/institutos.ufrrj.br\/ichs\/editora-ppgfil-ufrrj-uma-decada-de-circulacao-livre-do-pensamento-filosofico\/#article","isPartOf":{"@id":"https:\/\/institutos.ufrrj.br\/ichs\/editora-ppgfil-ufrrj-uma-decada-de-circulacao-livre-do-pensamento-filosofico\/"},"author":{"name":"alesscar","@id":"https:\/\/institutos.ufrrj.br\/ichs\/#\/schema\/person\/efbe503bc4f9e1751dcc2bd09668beb6"},"headline":"Editora PPGFIL-UFRRJ: uma d\u00e9cada de circula\u00e7\u00e3o livre do pensamento filos\u00f3fico","datePublished":"2026-08-31T13:32:10+00:00","dateModified":"2026-09-03T14:35:25+00:00","mainEntityOfPage":{"@id":"https:\/\/institutos.ufrrj.br\/ichs\/editora-ppgfil-ufrrj-uma-decada-de-circulacao-livre-do-pensamento-filosofico\/"},"wordCount":350,"publisher":{"@id":"https:\/\/institutos.ufrrj.br\/ichs\/#organization"},"image":{"@id":"https:\/\/institutos.ufrrj.br\/ichs\/editora-ppgfil-ufrrj-uma-decada-de-circulacao-livre-do-pensamento-filosofico\/#primaryimage"},"thumbnailUrl":"https:\/\/institutos.ufrrj.br\/ichs\/wp-content\/uploads\/sites\/100\/2026\/08\/livros-editora-ppgil.png","articleSection":["Not\u00edcias"],"inLanguage":"pt-BR"},{"@type":"WebPage","@id":"https:\/\/institutos.ufrrj.br\/ichs\/editora-ppgfil-ufrrj-uma-decada-de-circulacao-livre-do-pensamento-filosofico\/","url":"https:\/\/institutos.ufrrj.br\/ichs\/editora-ppgfil-ufrrj-uma-decada-de-circulacao-livre-do-pensamento-filosofico\/","name":"Editora PPGFIL-UFRRJ: uma d\u00e9cada de circula\u00e7\u00e3o livre do pensamento filos\u00f3fico - ICHS - Instituto de Ci\u00eancias Humanas e Sociais","isPartOf":{"@id":"https:\/\/institutos.ufrrj.br\/ichs\/#website"},"primaryImageOfPage":{"@id":"https:\/\/institutos.ufrrj.br\/ichs\/editora-ppgfil-ufrrj-uma-decada-de-circulacao-livre-do-pensamento-filosofico\/#primaryimage"},"image":{"@id":"https:\/\/institutos.ufrrj.br\/ichs\/editora-ppgfil-ufrrj-uma-decada-de-circulacao-livre-do-pensamento-filosofico\/#primaryimage"},"thumbnailUrl":"https:\/\/institutos.ufrrj.br\/ichs\/wp-content\/uploads\/sites\/100\/2026\/08\/livros-editora-ppgil.png","datePublished":"2026-08-31T13:32:10+00:00","dateModified":"2026-09-03T14:35:25+00:00","breadcrumb":{"@id":"https:\/\/institutos.ufrrj.br\/ichs\/editora-ppgfil-ufrrj-uma-decada-de-circulacao-livre-do-pensamento-filosofico\/#breadcrumb"},"inLanguage":"pt-BR","potentialAction":[{"@type":"ReadAction","target":["https:\/\/institutos.ufrrj.br\/ichs\/editora-ppgfil-ufrrj-uma-decada-de-circulacao-livre-do-pensamento-filosofico\/"]}]},{"@type":"ImageObject","inLanguage":"pt-BR","@id":"https:\/\/institutos.ufrrj.br\/ichs\/editora-ppgfil-ufrrj-uma-decada-de-circulacao-livre-do-pensamento-filosofico\/#primaryimage","url":"https:\/\/institutos.ufrrj.br\/ichs\/wp-content\/uploads\/sites\/100\/2026\/08\/livros-editora-ppgil.png","contentUrl":"https:\/\/institutos.ufrrj.br\/ichs\/wp-content\/uploads\/sites\/100\/2026\/08\/livros-editora-ppgil.png","width":1708,"height":604},{"@type":"BreadcrumbList","@id":"https:\/\/institutos.ufrrj.br\/ichs\/editora-ppgfil-ufrrj-uma-decada-de-circulacao-livre-do-pensamento-filosofico\/#breadcrumb","itemListElement":[{"@type":"ListItem","position":1,"name":"In\u00edcio","item":"https:\/\/institutos.ufrrj.br\/ichs\/"},{"@type":"ListItem","position":2,"name":"Editora PPGFIL-UFRRJ: uma d\u00e9cada de circula\u00e7\u00e3o livre do pensamento filos\u00f3fico"}]},{"@type":"WebSite","@id":"https:\/\/institutos.ufrrj.br\/ichs\/#website","url":"https:\/\/institutos.ufrrj.br\/ichs\/","name":"ICHS - Instituto de Ci\u00eancias Humanas e Sociais","description":"UFRRJ","publisher":{"@id":"https:\/\/institutos.ufrrj.br\/ichs\/#organization"},"potentialAction":[{"@type":"SearchAction","target":{"@type":"EntryPoint","urlTemplate":"https:\/\/institutos.ufrrj.br\/ichs\/?s={search_term_string}"},"query-input":{"@type":"PropertyValueSpecification","valueRequired":true,"valueName":"search_term_string"}}],"inLanguage":"pt-BR"},{"@type":"Organization","@id":"https:\/\/institutos.ufrrj.br\/ichs\/#organization","name":"UFRRJ - Universidade Federal Rural do Rio de Janeiro","url":"https:\/\/institutos.ufrrj.br\/ichs\/","logo":{"@type":"ImageObject","inLanguage":"pt-BR","@id":"https:\/\/institutos.ufrrj.br\/ichs\/#\/schema\/logo\/image\/","url":"https:\/\/institutos.ufrrj.br\/ichs\/wp-content\/uploads\/sites\/100\/2026\/01\/ichs-removebg-preview.png","contentUrl":"https:\/\/institutos.ufrrj.br\/ichs\/wp-content\/uploads\/sites\/100\/2026\/01\/ichs-removebg-preview.png","width":500,"height":500,"caption":"UFRRJ - Universidade Federal Rural do Rio de Janeiro"},"image":{"@id":"https:\/\/institutos.ufrrj.br\/ichs\/#\/schema\/logo\/image\/"},"sameAs":["https:\/\/www.facebook.com\/people\/Instituto-de-Cincias-Humanas-e-Sociais-ichsufrrj\/100064717788841\/"]},{"@type":"Person","@id":"https:\/\/institutos.ufrrj.br\/ichs\/#\/schema\/person\/efbe503bc4f9e1751dcc2bd09668beb6","name":"alesscar","image":{"@type":"ImageObject","inLanguage":"pt-BR","@id":"https:\/\/institutos.ufrrj.br\/ichs\/#\/schema\/person\/image\/","url":"https:\/\/secure.gravatar.com\/avatar\/583124fa70da57d4d32588ec9842b4851c812c82a0bfb8827250e762701a9db2?s=96&d=mm&r=g","contentUrl":"https:\/\/secure.gravatar.com\/avatar\/583124fa70da57d4d32588ec9842b4851c812c82a0bfb8827250e762701a9db2?s=96&d=mm&r=g","caption":"alesscar"},"description":"GLPI: 31992","url":"https:\/\/institutos.ufrrj.br\/ichs\/author\/alesscar1\/"}]}},"_links":{"self":[{"href":"https:\/\/institutos.ufrrj.br\/ichs\/wp-json\/wp\/v2\/posts\/3592","targetHints":{"allow":["GET"]}}],"collection":[{"href":"https:\/\/institutos.ufrrj.br\/ichs\/wp-json\/wp\/v2\/posts"}],"about":[{"href":"https:\/\/institutos.ufrrj.br\/ichs\/wp-json\/wp\/v2\/types\/post"}],"author":[{"embeddable":true,"href":"https:\/\/institutos.ufrrj.br\/ichs\/wp-json\/wp\/v2\/users\/71"}],"replies":[{"embeddable":true,"href":"https:\/\/institutos.ufrrj.br\/ichs\/wp-json\/wp\/v2\/comments?post=3592"}],"version-history":[{"count":6,"href":"https:\/\/institutos.ufrrj.br\/ichs\/wp-json\/wp\/v2\/posts\/3592\/revisions"}],"predecessor-version":[{"id":3610,"href":"https:\/\/institutos.ufrrj.br\/ichs\/wp-json\/wp\/v2\/posts\/3592\/revisions\/3610"}],"wp:featuredmedia":[{"embeddable":true,"href":"https:\/\/institutos.ufrrj.br\/ichs\/wp-json\/wp\/v2\/media\/3593"}],"wp:attachment":[{"href":"https:\/\/institutos.ufrrj.br\/ichs\/wp-json\/wp\/v2\/media?parent=3592"}],"wp:term":[{"taxonomy":"category","embeddable":true,"href":"https:\/\/institutos.ufrrj.br\/ichs\/wp-json\/wp\/v2\/categories?post=3592"},{"taxonomy":"post_tag","embeddable":true,"href":"https:\/\/institutos.ufrrj.br\/ichs\/wp-json\/wp\/v2\/tags?post=3592"}],"curies":[{"name":"wp","href":"https:\/\/api.w.org\/{rel}","templated":true}]}}