{"id":10111,"date":"2026-09-02T15:24:25","date_gmt":"2026-09-02T18:24:25","guid":{"rendered":"https:\/\/institutos.ufrrj.br\/icsa\/?p=10111"},"modified":"2026-09-02T15:24:26","modified_gmt":"2026-09-02T18:24:26","slug":"docente-frederico-pereira-tenchini-da-silva-do-departamento-de-ciencias-administrativas-conquista-do-premio-capes-de-tese-edicao-2026","status":"publish","type":"post","link":"https:\/\/institutos.ufrrj.br\/icsa\/docente-frederico-pereira-tenchini-da-silva-do-departamento-de-ciencias-administrativas-conquista-do-premio-capes-de-tese-edicao-2026\/","title":{"rendered":"Docente Frederico Pereira Tenchini da Silva, do Departamento de Ci\u00eancias Administrativas, conquista do Pr\u00eamio Capes de Tese &#8211; Edi\u00e7\u00e3o 2026!"},"content":{"rendered":"\n<p>A Dire\u00e7\u00e3o do ICSA (2023\/2027) parabeniza o docente Frederico Pereira Tenchini da Silva, do Departamento de Ci\u00eancias Administrativas pela conquista do Pr\u00eamio Capes de Tese &#8211; Edi\u00e7\u00e3o 2026 (publicado no DOU de 23.04.2026, se\u00e7\u00e3o 3, p\u00e1g. 116). Sua tese, intitulada \u201cAvalia\u00e7\u00e3o da agricultura familiar no Brasil, seus perfis de produ\u00e7\u00e3o e rela\u00e7\u00f5es com a agenda de sustentabilidade\u201d, revela os Cinco Brasis Rurais da agricultura familiar brasileira e mostra como PRONAF, ATER e compras p\u00fablicas deixam de ser contexto para operar como capacidades que reconfiguram recursos, rotinas e desempenho sustent\u00e1vel. Com revis\u00e3o sistem\u00e1tica, Censo Agropecu\u00e1rio 2017 e an\u00e1lise multivariada de 4.853 munic\u00edpios, entrega o SIE-AF e uma taxonomia nacional replic\u00e1vel para orientar seguran\u00e7a alimentar, inclus\u00e3o produtiva e transi\u00e7\u00e3o sustent\u00e1vel.<br>Para saber mais sobre esse Pr\u00eamio, visite o nosso site!<\/p>\n\n\n\n<figure class=\"wp-block-image size-large\"><img loading=\"lazy\" decoding=\"async\" width=\"819\" height=\"1024\" src=\"https:\/\/institutos.ufrrj.br\/icsa\/wp-content\/uploads\/sites\/101\/2026\/09\/Frederico-Pereira-Tenchini-da-Silva-do-Departamento-de-Ciencias-Administrativas-pela-conquista-do-Premio-Capes-de-Tese-Edicao-2026-819x1024.png\" alt=\"\" class=\"wp-image-10112\" srcset=\"https:\/\/institutos.ufrrj.br\/icsa\/wp-content\/uploads\/sites\/101\/2026\/09\/Frederico-Pereira-Tenchini-da-Silva-do-Departamento-de-Ciencias-Administrativas-pela-conquista-do-Premio-Capes-de-Tese-Edicao-2026-819x1024.png 819w, https:\/\/institutos.ufrrj.br\/icsa\/wp-content\/uploads\/sites\/101\/2026\/09\/Frederico-Pereira-Tenchini-da-Silva-do-Departamento-de-Ciencias-Administrativas-pela-conquista-do-Premio-Capes-de-Tese-Edicao-2026-240x300.png 240w, https:\/\/institutos.ufrrj.br\/icsa\/wp-content\/uploads\/sites\/101\/2026\/09\/Frederico-Pereira-Tenchini-da-Silva-do-Departamento-de-Ciencias-Administrativas-pela-conquista-do-Premio-Capes-de-Tese-Edicao-2026-768x960.png 768w, https:\/\/institutos.ufrrj.br\/icsa\/wp-content\/uploads\/sites\/101\/2026\/09\/Frederico-Pereira-Tenchini-da-Silva-do-Departamento-de-Ciencias-Administrativas-pela-conquista-do-Premio-Capes-de-Tese-Edicao-2026.png 1080w\" sizes=\"auto, (max-width: 819px) 100vw, 819px\" \/><\/figure>\n","protected":false},"excerpt":{"rendered":"<p>A Dire\u00e7\u00e3o do ICSA (2023\/2027) parabeniza o docente Frederico Pereira Tenchini da Silva, do Departamento de Ci\u00eancias Administrativas pela conquista <a class=\"read-more\" href=\"https:\/\/institutos.ufrrj.br\/icsa\/docente-frederico-pereira-tenchini-da-silva-do-departamento-de-ciencias-administrativas-conquista-do-premio-capes-de-tese-edicao-2026\/\">&#8230; <em>leia mais <\/em> <i class=\"fa fa-long-arrow-right\"><\/i><\/a><\/p>\n","protected":false},"author":89,"featured_media":10112,"comment_status":"open","ping_status":"open","sticky":false,"template":"","format":"standard","meta":{"_acf_changed":false,"_themeisle_gutenberg_block_has_review":false,"footnotes":"","_links_to":"","_links_to_target":""},"categories":[3],"tags":[],"class_list":["post-10111","post","type-post","status-publish","format-standard","has-post-thumbnail","hentry","category-noticias-destaque"],"acf":[],"yoast_head":"<!-- This site is optimized with the Yoast SEO plugin v26.8 - https:\/\/yoast.com\/product\/yoast-seo-wordpress\/ -->\n<title>Docente Frederico Pereira Tenchini da Silva, do Departamento de Ci\u00eancias Administrativas, conquista do Pr\u00eamio Capes de Tese - Edi\u00e7\u00e3o 2026! - ICSA<\/title>\n<meta name=\"robots\" content=\"index, follow, max-snippet:-1, max-image-preview:large, max-video-preview:-1\" \/>\n<link rel=\"canonical\" href=\"https:\/\/institutos.ufrrj.br\/icsa\/docente-frederico-pereira-tenchini-da-silva-do-departamento-de-ciencias-administrativas-conquista-do-premio-capes-de-tese-edicao-2026\/\" \/>\n<meta property=\"og:locale\" content=\"pt_BR\" \/>\n<meta property=\"og:type\" content=\"article\" \/>\n<meta property=\"og:title\" content=\"Docente Frederico Pereira Tenchini da Silva, do Departamento de Ci\u00eancias Administrativas, conquista do Pr\u00eamio Capes de Tese - Edi\u00e7\u00e3o 2026! - ICSA\" \/>\n<meta property=\"og:description\" content=\"A Dire\u00e7\u00e3o do ICSA (2023\/2027) parabeniza o docente Frederico Pereira Tenchini da Silva, do Departamento de Ci\u00eancias Administrativas pela conquista ... leia mais\" \/>\n<meta property=\"og:url\" content=\"https:\/\/institutos.ufrrj.br\/icsa\/docente-frederico-pereira-tenchini-da-silva-do-departamento-de-ciencias-administrativas-conquista-do-premio-capes-de-tese-edicao-2026\/\" \/>\n<meta property=\"og:site_name\" content=\"ICSA\" \/>\n<meta property=\"article:publisher\" content=\"https:\/\/www.facebook.com\/ICSA-189767328193686\/\" \/>\n<meta property=\"article:published_time\" content=\"2026-09-02T18:24:25+00:00\" \/>\n<meta property=\"article:modified_time\" content=\"2026-09-02T18:24:26+00:00\" \/>\n<meta property=\"og:image\" content=\"https:\/\/institutos.ufrrj.br\/icsa\/wp-content\/uploads\/sites\/101\/2026\/09\/Frederico-Pereira-Tenchini-da-Silva-do-Departamento-de-Ciencias-Administrativas-pela-conquista-do-Premio-Capes-de-Tese-Edicao-2026.png\" \/>\n\t<meta property=\"og:image:width\" content=\"1080\" \/>\n\t<meta property=\"og:image:height\" content=\"1350\" \/>\n\t<meta property=\"og:image:type\" content=\"image\/png\" \/>\n<meta name=\"author\" content=\"felipenunes\" \/>\n<meta name=\"twitter:card\" content=\"summary_large_image\" \/>\n<meta name=\"twitter:label1\" content=\"Escrito por\" \/>\n\t<meta name=\"twitter:data1\" content=\"felipenunes\" \/>\n\t<meta name=\"twitter:label2\" content=\"Est. tempo de leitura\" \/>\n\t<meta name=\"twitter:data2\" content=\"1 minuto\" \/>\n<script type=\"application\/ld+json\" class=\"yoast-schema-graph\">{\"@context\":\"https:\/\/schema.org\",\"@graph\":[{\"@type\":\"Article\",\"@id\":\"https:\/\/institutos.ufrrj.br\/icsa\/docente-frederico-pereira-tenchini-da-silva-do-departamento-de-ciencias-administrativas-conquista-do-premio-capes-de-tese-edicao-2026\/#article\",\"isPartOf\":{\"@id\":\"https:\/\/institutos.ufrrj.br\/icsa\/docente-frederico-pereira-tenchini-da-silva-do-departamento-de-ciencias-administrativas-conquista-do-premio-capes-de-tese-edicao-2026\/\"},\"author\":{\"name\":\"felipenunes\",\"@id\":\"https:\/\/institutos.ufrrj.br\/icsa\/#\/schema\/person\/4c54eec4916f5066a5e43792ab39599e\"},\"headline\":\"Docente Frederico Pereira Tenchini da Silva, do Departamento de Ci\u00eancias Administrativas, conquista do Pr\u00eamio Capes de Tese &#8211; Edi\u00e7\u00e3o 2026!\",\"datePublished\":\"2026-09-02T18:24:25+00:00\",\"dateModified\":\"2026-09-02T18:24:26+00:00\",\"mainEntityOfPage\":{\"@id\":\"https:\/\/institutos.ufrrj.br\/icsa\/docente-frederico-pereira-tenchini-da-silva-do-departamento-de-ciencias-administrativas-conquista-do-premio-capes-de-tese-edicao-2026\/\"},\"wordCount\":165,\"commentCount\":0,\"publisher\":{\"@id\":\"https:\/\/institutos.ufrrj.br\/icsa\/#organization\"},\"image\":{\"@id\":\"https:\/\/institutos.ufrrj.br\/icsa\/docente-frederico-pereira-tenchini-da-silva-do-departamento-de-ciencias-administrativas-conquista-do-premio-capes-de-tese-edicao-2026\/#primaryimage\"},\"thumbnailUrl\":\"https:\/\/institutos.ufrrj.br\/icsa\/wp-content\/uploads\/sites\/101\/2026\/09\/Frederico-Pereira-Tenchini-da-Silva-do-Departamento-de-Ciencias-Administrativas-pela-conquista-do-Premio-Capes-de-Tese-Edicao-2026.png\",\"articleSection\":[\"Not\u00edcias\"],\"inLanguage\":\"pt-BR\",\"potentialAction\":[{\"@type\":\"CommentAction\",\"name\":\"Comment\",\"target\":[\"https:\/\/institutos.ufrrj.br\/icsa\/docente-frederico-pereira-tenchini-da-silva-do-departamento-de-ciencias-administrativas-conquista-do-premio-capes-de-tese-edicao-2026\/#respond\"]}]},{\"@type\":\"WebPage\",\"@id\":\"https:\/\/institutos.ufrrj.br\/icsa\/docente-frederico-pereira-tenchini-da-silva-do-departamento-de-ciencias-administrativas-conquista-do-premio-capes-de-tese-edicao-2026\/\",\"url\":\"https:\/\/institutos.ufrrj.br\/icsa\/docente-frederico-pereira-tenchini-da-silva-do-departamento-de-ciencias-administrativas-conquista-do-premio-capes-de-tese-edicao-2026\/\",\"name\":\"Docente Frederico Pereira Tenchini da Silva, do Departamento de Ci\u00eancias Administrativas, conquista do Pr\u00eamio Capes de Tese - Edi\u00e7\u00e3o 2026! - ICSA\",\"isPartOf\":{\"@id\":\"https:\/\/institutos.ufrrj.br\/icsa\/#website\"},\"primaryImageOfPage\":{\"@id\":\"https:\/\/institutos.ufrrj.br\/icsa\/docente-frederico-pereira-tenchini-da-silva-do-departamento-de-ciencias-administrativas-conquista-do-premio-capes-de-tese-edicao-2026\/#primaryimage\"},\"image\":{\"@id\":\"https:\/\/institutos.ufrrj.br\/icsa\/docente-frederico-pereira-tenchini-da-silva-do-departamento-de-ciencias-administrativas-conquista-do-premio-capes-de-tese-edicao-2026\/#primaryimage\"},\"thumbnailUrl\":\"https:\/\/institutos.ufrrj.br\/icsa\/wp-content\/uploads\/sites\/101\/2026\/09\/Frederico-Pereira-Tenchini-da-Silva-do-Departamento-de-Ciencias-Administrativas-pela-conquista-do-Premio-Capes-de-Tese-Edicao-2026.png\",\"datePublished\":\"2026-09-02T18:24:25+00:00\",\"dateModified\":\"2026-09-02T18:24:26+00:00\",\"breadcrumb\":{\"@id\":\"https:\/\/institutos.ufrrj.br\/icsa\/docente-frederico-pereira-tenchini-da-silva-do-departamento-de-ciencias-administrativas-conquista-do-premio-capes-de-tese-edicao-2026\/#breadcrumb\"},\"inLanguage\":\"pt-BR\",\"potentialAction\":[{\"@type\":\"ReadAction\",\"target\":[\"https:\/\/institutos.ufrrj.br\/icsa\/docente-frederico-pereira-tenchini-da-silva-do-departamento-de-ciencias-administrativas-conquista-do-premio-capes-de-tese-edicao-2026\/\"]}]},{\"@type\":\"ImageObject\",\"inLanguage\":\"pt-BR\",\"@id\":\"https:\/\/institutos.ufrrj.br\/icsa\/docente-frederico-pereira-tenchini-da-silva-do-departamento-de-ciencias-administrativas-conquista-do-premio-capes-de-tese-edicao-2026\/#primaryimage\",\"url\":\"https:\/\/institutos.ufrrj.br\/icsa\/wp-content\/uploads\/sites\/101\/2026\/09\/Frederico-Pereira-Tenchini-da-Silva-do-Departamento-de-Ciencias-Administrativas-pela-conquista-do-Premio-Capes-de-Tese-Edicao-2026.png\",\"contentUrl\":\"https:\/\/institutos.ufrrj.br\/icsa\/wp-content\/uploads\/sites\/101\/2026\/09\/Frederico-Pereira-Tenchini-da-Silva-do-Departamento-de-Ciencias-Administrativas-pela-conquista-do-Premio-Capes-de-Tese-Edicao-2026.png\",\"width\":1080,\"height\":1350},{\"@type\":\"BreadcrumbList\",\"@id\":\"https:\/\/institutos.ufrrj.br\/icsa\/docente-frederico-pereira-tenchini-da-silva-do-departamento-de-ciencias-administrativas-conquista-do-premio-capes-de-tese-edicao-2026\/#breadcrumb\",\"itemListElement\":[{\"@type\":\"ListItem\",\"position\":1,\"name\":\"In\u00edcio\",\"item\":\"https:\/\/institutos.ufrrj.br\/icsa\/\"},{\"@type\":\"ListItem\",\"position\":2,\"name\":\"Docente Frederico Pereira Tenchini da Silva, do Departamento de Ci\u00eancias Administrativas, conquista do Pr\u00eamio Capes de Tese &#8211; Edi\u00e7\u00e3o 2026!\"}]},{\"@type\":\"WebSite\",\"@id\":\"https:\/\/institutos.ufrrj.br\/icsa\/#website\",\"url\":\"https:\/\/institutos.ufrrj.br\/icsa\/\",\"name\":\"ICSA\",\"description\":\"Institutos de Ci\u00eancias Sociais Aplicadas\",\"publisher\":{\"@id\":\"https:\/\/institutos.ufrrj.br\/icsa\/#organization\"},\"potentialAction\":[{\"@type\":\"SearchAction\",\"target\":{\"@type\":\"EntryPoint\",\"urlTemplate\":\"https:\/\/institutos.ufrrj.br\/icsa\/?s={search_term_string}\"},\"query-input\":{\"@type\":\"PropertyValueSpecification\",\"valueRequired\":true,\"valueName\":\"search_term_string\"}}],\"inLanguage\":\"pt-BR\"},{\"@type\":\"Organization\",\"@id\":\"https:\/\/institutos.ufrrj.br\/icsa\/#organization\",\"name\":\"ICSA\",\"url\":\"https:\/\/institutos.ufrrj.br\/icsa\/\",\"logo\":{\"@type\":\"ImageObject\",\"inLanguage\":\"pt-BR\",\"@id\":\"https:\/\/institutos.ufrrj.br\/icsa\/#\/schema\/logo\/image\/\",\"url\":\"https:\/\/institutos.ufrrj.br\/icsa\/wp-content\/uploads\/sites\/101\/2023\/10\/logo_icsa_cor_horz_01-4-1.png\",\"contentUrl\":\"https:\/\/institutos.ufrrj.br\/icsa\/wp-content\/uploads\/sites\/101\/2023\/10\/logo_icsa_cor_horz_01-4-1.png\",\"width\":300,\"height\":101,\"caption\":\"ICSA\"},\"image\":{\"@id\":\"https:\/\/institutos.ufrrj.br\/icsa\/#\/schema\/logo\/image\/\"},\"sameAs\":[\"https:\/\/www.facebook.com\/ICSA-189767328193686\/\",\"https:\/\/www.instagram.com\/icsa.ufrrj\/\",\"https:\/\/www.youtube.com\/@icsaufrrj\"]},{\"@type\":\"Person\",\"@id\":\"https:\/\/institutos.ufrrj.br\/icsa\/#\/schema\/person\/4c54eec4916f5066a5e43792ab39599e\",\"name\":\"felipenunes\",\"image\":{\"@type\":\"ImageObject\",\"inLanguage\":\"pt-BR\",\"@id\":\"https:\/\/institutos.ufrrj.br\/icsa\/#\/schema\/person\/image\/\",\"url\":\"https:\/\/secure.gravatar.com\/avatar\/bfc5379625d7660ea24f811bba98bd9de42c9661786414b5e792ea344612fe11?s=96&d=mm&r=g\",\"contentUrl\":\"https:\/\/secure.gravatar.com\/avatar\/bfc5379625d7660ea24f811bba98bd9de42c9661786414b5e792ea344612fe11?s=96&d=mm&r=g\",\"caption\":\"felipenunes\"},\"description\":\"Chamado - ID: 33444 (Rural - Seropedica), Chamado - ID: 37181 (Rural - Seropedica), Chamado - ID: 39992 (Rural - Seropedica)\",\"sameAs\":[\"https:\/\/www.instagram.com\/icsa_ufrrj\/\"],\"url\":\"https:\/\/institutos.ufrrj.br\/icsa\/author\/felipenunes1\/\"}]}<\/script>\n<!-- \/ Yoast SEO plugin. -->","yoast_head_json":{"title":"Docente Frederico Pereira Tenchini da Silva, do Departamento de Ci\u00eancias Administrativas, conquista do Pr\u00eamio Capes de Tese - Edi\u00e7\u00e3o 2026! - ICSA","robots":{"index":"index","follow":"follow","max-snippet":"max-snippet:-1","max-image-preview":"max-image-preview:large","max-video-preview":"max-video-preview:-1"},"canonical":"https:\/\/institutos.ufrrj.br\/icsa\/docente-frederico-pereira-tenchini-da-silva-do-departamento-de-ciencias-administrativas-conquista-do-premio-capes-de-tese-edicao-2026\/","og_locale":"pt_BR","og_type":"article","og_title":"Docente Frederico Pereira Tenchini da Silva, do Departamento de Ci\u00eancias Administrativas, conquista do Pr\u00eamio Capes de Tese - Edi\u00e7\u00e3o 2026! - ICSA","og_description":"A Dire\u00e7\u00e3o do ICSA (2023\/2027) parabeniza o docente Frederico Pereira Tenchini da Silva, do Departamento de Ci\u00eancias Administrativas pela conquista ... leia mais","og_url":"https:\/\/institutos.ufrrj.br\/icsa\/docente-frederico-pereira-tenchini-da-silva-do-departamento-de-ciencias-administrativas-conquista-do-premio-capes-de-tese-edicao-2026\/","og_site_name":"ICSA","article_publisher":"https:\/\/www.facebook.com\/ICSA-189767328193686\/","article_published_time":"2026-09-02T18:24:25+00:00","article_modified_time":"2026-09-02T18:24:26+00:00","og_image":[{"width":1080,"height":1350,"url":"https:\/\/institutos.ufrrj.br\/icsa\/wp-content\/uploads\/sites\/101\/2026\/09\/Frederico-Pereira-Tenchini-da-Silva-do-Departamento-de-Ciencias-Administrativas-pela-conquista-do-Premio-Capes-de-Tese-Edicao-2026.png","type":"image\/png"}],"author":"felipenunes","twitter_card":"summary_large_image","twitter_misc":{"Escrito por":"felipenunes","Est. tempo de leitura":"1 minuto"},"schema":{"@context":"https:\/\/schema.org","@graph":[{"@type":"Article","@id":"https:\/\/institutos.ufrrj.br\/icsa\/docente-frederico-pereira-tenchini-da-silva-do-departamento-de-ciencias-administrativas-conquista-do-premio-capes-de-tese-edicao-2026\/#article","isPartOf":{"@id":"https:\/\/institutos.ufrrj.br\/icsa\/docente-frederico-pereira-tenchini-da-silva-do-departamento-de-ciencias-administrativas-conquista-do-premio-capes-de-tese-edicao-2026\/"},"author":{"name":"felipenunes","@id":"https:\/\/institutos.ufrrj.br\/icsa\/#\/schema\/person\/4c54eec4916f5066a5e43792ab39599e"},"headline":"Docente Frederico Pereira Tenchini da Silva, do Departamento de Ci\u00eancias Administrativas, conquista do Pr\u00eamio Capes de Tese &#8211; Edi\u00e7\u00e3o 2026!","datePublished":"2026-09-02T18:24:25+00:00","dateModified":"2026-09-02T18:24:26+00:00","mainEntityOfPage":{"@id":"https:\/\/institutos.ufrrj.br\/icsa\/docente-frederico-pereira-tenchini-da-silva-do-departamento-de-ciencias-administrativas-conquista-do-premio-capes-de-tese-edicao-2026\/"},"wordCount":165,"commentCount":0,"publisher":{"@id":"https:\/\/institutos.ufrrj.br\/icsa\/#organization"},"image":{"@id":"https:\/\/institutos.ufrrj.br\/icsa\/docente-frederico-pereira-tenchini-da-silva-do-departamento-de-ciencias-administrativas-conquista-do-premio-capes-de-tese-edicao-2026\/#primaryimage"},"thumbnailUrl":"https:\/\/institutos.ufrrj.br\/icsa\/wp-content\/uploads\/sites\/101\/2026\/09\/Frederico-Pereira-Tenchini-da-Silva-do-Departamento-de-Ciencias-Administrativas-pela-conquista-do-Premio-Capes-de-Tese-Edicao-2026.png","articleSection":["Not\u00edcias"],"inLanguage":"pt-BR","potentialAction":[{"@type":"CommentAction","name":"Comment","target":["https:\/\/institutos.ufrrj.br\/icsa\/docente-frederico-pereira-tenchini-da-silva-do-departamento-de-ciencias-administrativas-conquista-do-premio-capes-de-tese-edicao-2026\/#respond"]}]},{"@type":"WebPage","@id":"https:\/\/institutos.ufrrj.br\/icsa\/docente-frederico-pereira-tenchini-da-silva-do-departamento-de-ciencias-administrativas-conquista-do-premio-capes-de-tese-edicao-2026\/","url":"https:\/\/institutos.ufrrj.br\/icsa\/docente-frederico-pereira-tenchini-da-silva-do-departamento-de-ciencias-administrativas-conquista-do-premio-capes-de-tese-edicao-2026\/","name":"Docente Frederico Pereira Tenchini da Silva, do Departamento de Ci\u00eancias Administrativas, conquista do Pr\u00eamio Capes de Tese - Edi\u00e7\u00e3o 2026! - ICSA","isPartOf":{"@id":"https:\/\/institutos.ufrrj.br\/icsa\/#website"},"primaryImageOfPage":{"@id":"https:\/\/institutos.ufrrj.br\/icsa\/docente-frederico-pereira-tenchini-da-silva-do-departamento-de-ciencias-administrativas-conquista-do-premio-capes-de-tese-edicao-2026\/#primaryimage"},"image":{"@id":"https:\/\/institutos.ufrrj.br\/icsa\/docente-frederico-pereira-tenchini-da-silva-do-departamento-de-ciencias-administrativas-conquista-do-premio-capes-de-tese-edicao-2026\/#primaryimage"},"thumbnailUrl":"https:\/\/institutos.ufrrj.br\/icsa\/wp-content\/uploads\/sites\/101\/2026\/09\/Frederico-Pereira-Tenchini-da-Silva-do-Departamento-de-Ciencias-Administrativas-pela-conquista-do-Premio-Capes-de-Tese-Edicao-2026.png","datePublished":"2026-09-02T18:24:25+00:00","dateModified":"2026-09-02T18:24:26+00:00","breadcrumb":{"@id":"https:\/\/institutos.ufrrj.br\/icsa\/docente-frederico-pereira-tenchini-da-silva-do-departamento-de-ciencias-administrativas-conquista-do-premio-capes-de-tese-edicao-2026\/#breadcrumb"},"inLanguage":"pt-BR","potentialAction":[{"@type":"ReadAction","target":["https:\/\/institutos.ufrrj.br\/icsa\/docente-frederico-pereira-tenchini-da-silva-do-departamento-de-ciencias-administrativas-conquista-do-premio-capes-de-tese-edicao-2026\/"]}]},{"@type":"ImageObject","inLanguage":"pt-BR","@id":"https:\/\/institutos.ufrrj.br\/icsa\/docente-frederico-pereira-tenchini-da-silva-do-departamento-de-ciencias-administrativas-conquista-do-premio-capes-de-tese-edicao-2026\/#primaryimage","url":"https:\/\/institutos.ufrrj.br\/icsa\/wp-content\/uploads\/sites\/101\/2026\/09\/Frederico-Pereira-Tenchini-da-Silva-do-Departamento-de-Ciencias-Administrativas-pela-conquista-do-Premio-Capes-de-Tese-Edicao-2026.png","contentUrl":"https:\/\/institutos.ufrrj.br\/icsa\/wp-content\/uploads\/sites\/101\/2026\/09\/Frederico-Pereira-Tenchini-da-Silva-do-Departamento-de-Ciencias-Administrativas-pela-conquista-do-Premio-Capes-de-Tese-Edicao-2026.png","width":1080,"height":1350},{"@type":"BreadcrumbList","@id":"https:\/\/institutos.ufrrj.br\/icsa\/docente-frederico-pereira-tenchini-da-silva-do-departamento-de-ciencias-administrativas-conquista-do-premio-capes-de-tese-edicao-2026\/#breadcrumb","itemListElement":[{"@type":"ListItem","position":1,"name":"In\u00edcio","item":"https:\/\/institutos.ufrrj.br\/icsa\/"},{"@type":"ListItem","position":2,"name":"Docente Frederico Pereira Tenchini da Silva, do Departamento de Ci\u00eancias Administrativas, conquista do Pr\u00eamio Capes de Tese &#8211; Edi\u00e7\u00e3o 2026!"}]},{"@type":"WebSite","@id":"https:\/\/institutos.ufrrj.br\/icsa\/#website","url":"https:\/\/institutos.ufrrj.br\/icsa\/","name":"ICSA","description":"Institutos de Ci\u00eancias Sociais Aplicadas","publisher":{"@id":"https:\/\/institutos.ufrrj.br\/icsa\/#organization"},"potentialAction":[{"@type":"SearchAction","target":{"@type":"EntryPoint","urlTemplate":"https:\/\/institutos.ufrrj.br\/icsa\/?s={search_term_string}"},"query-input":{"@type":"PropertyValueSpecification","valueRequired":true,"valueName":"search_term_string"}}],"inLanguage":"pt-BR"},{"@type":"Organization","@id":"https:\/\/institutos.ufrrj.br\/icsa\/#organization","name":"ICSA","url":"https:\/\/institutos.ufrrj.br\/icsa\/","logo":{"@type":"ImageObject","inLanguage":"pt-BR","@id":"https:\/\/institutos.ufrrj.br\/icsa\/#\/schema\/logo\/image\/","url":"https:\/\/institutos.ufrrj.br\/icsa\/wp-content\/uploads\/sites\/101\/2023\/10\/logo_icsa_cor_horz_01-4-1.png","contentUrl":"https:\/\/institutos.ufrrj.br\/icsa\/wp-content\/uploads\/sites\/101\/2023\/10\/logo_icsa_cor_horz_01-4-1.png","width":300,"height":101,"caption":"ICSA"},"image":{"@id":"https:\/\/institutos.ufrrj.br\/icsa\/#\/schema\/logo\/image\/"},"sameAs":["https:\/\/www.facebook.com\/ICSA-189767328193686\/","https:\/\/www.instagram.com\/icsa.ufrrj\/","https:\/\/www.youtube.com\/@icsaufrrj"]},{"@type":"Person","@id":"https:\/\/institutos.ufrrj.br\/icsa\/#\/schema\/person\/4c54eec4916f5066a5e43792ab39599e","name":"felipenunes","image":{"@type":"ImageObject","inLanguage":"pt-BR","@id":"https:\/\/institutos.ufrrj.br\/icsa\/#\/schema\/person\/image\/","url":"https:\/\/secure.gravatar.com\/avatar\/bfc5379625d7660ea24f811bba98bd9de42c9661786414b5e792ea344612fe11?s=96&d=mm&r=g","contentUrl":"https:\/\/secure.gravatar.com\/avatar\/bfc5379625d7660ea24f811bba98bd9de42c9661786414b5e792ea344612fe11?s=96&d=mm&r=g","caption":"felipenunes"},"description":"Chamado - ID: 33444 (Rural - Seropedica), Chamado - ID: 37181 (Rural - Seropedica), Chamado - ID: 39992 (Rural - Seropedica)","sameAs":["https:\/\/www.instagram.com\/icsa_ufrrj\/"],"url":"https:\/\/institutos.ufrrj.br\/icsa\/author\/felipenunes1\/"}]}},"_links":{"self":[{"href":"https:\/\/institutos.ufrrj.br\/icsa\/wp-json\/wp\/v2\/posts\/10111","targetHints":{"allow":["GET"]}}],"collection":[{"href":"https:\/\/institutos.ufrrj.br\/icsa\/wp-json\/wp\/v2\/posts"}],"about":[{"href":"https:\/\/institutos.ufrrj.br\/icsa\/wp-json\/wp\/v2\/types\/post"}],"author":[{"embeddable":true,"href":"https:\/\/institutos.ufrrj.br\/icsa\/wp-json\/wp\/v2\/users\/89"}],"replies":[{"embeddable":true,"href":"https:\/\/institutos.ufrrj.br\/icsa\/wp-json\/wp\/v2\/comments?post=10111"}],"version-history":[{"count":1,"href":"https:\/\/institutos.ufrrj.br\/icsa\/wp-json\/wp\/v2\/posts\/10111\/revisions"}],"predecessor-version":[{"id":10113,"href":"https:\/\/institutos.ufrrj.br\/icsa\/wp-json\/wp\/v2\/posts\/10111\/revisions\/10113"}],"wp:featuredmedia":[{"embeddable":true,"href":"https:\/\/institutos.ufrrj.br\/icsa\/wp-json\/wp\/v2\/media\/10112"}],"wp:attachment":[{"href":"https:\/\/institutos.ufrrj.br\/icsa\/wp-json\/wp\/v2\/media?parent=10111"}],"wp:term":[{"taxonomy":"category","embeddable":true,"href":"https:\/\/institutos.ufrrj.br\/icsa\/wp-json\/wp\/v2\/categories?post=10111"},{"taxonomy":"post_tag","embeddable":true,"href":"https:\/\/institutos.ufrrj.br\/icsa\/wp-json\/wp\/v2\/tags?post=10111"}],"curies":[{"name":"wp","href":"https:\/\/api.w.org\/{rel}","templated":true}]}}