{"id":9846,"date":"2026-04-24T10:54:06","date_gmt":"2026-04-24T13:54:06","guid":{"rendered":"https:\/\/institutos.ufrrj.br\/icsa\/?p=9846"},"modified":"2026-04-24T10:55:55","modified_gmt":"2026-04-24T13:55:55","slug":"edital-aberto-bolsa-de-iniciacao-cientifica-faperj","status":"publish","type":"post","link":"https:\/\/institutos.ufrrj.br\/icsa\/edital-aberto-bolsa-de-iniciacao-cientifica-faperj\/","title":{"rendered":"EDITAL ABERTO \u2013 BOLSA DE INICIA\u00c7\u00c3O CIENT\u00cdFICA (FAPERJ)"},"content":{"rendered":"\n<figure class=\"wp-block-image size-large\"><img loading=\"lazy\" decoding=\"async\" width=\"1024\" height=\"1024\" src=\"https:\/\/institutos.ufrrj.br\/icsa\/wp-content\/uploads\/sites\/101\/2026\/04\/WhatsApp-Image-2026-04-23-at-20.41.24-1024x1024.jpeg\" alt=\"\" class=\"wp-image-9847\" srcset=\"https:\/\/institutos.ufrrj.br\/icsa\/wp-content\/uploads\/sites\/101\/2026\/04\/WhatsApp-Image-2026-04-23-at-20.41.24-1024x1024.jpeg 1024w, https:\/\/institutos.ufrrj.br\/icsa\/wp-content\/uploads\/sites\/101\/2026\/04\/WhatsApp-Image-2026-04-23-at-20.41.24-300x300.jpeg 300w, https:\/\/institutos.ufrrj.br\/icsa\/wp-content\/uploads\/sites\/101\/2026\/04\/WhatsApp-Image-2026-04-23-at-20.41.24-150x150.jpeg 150w, https:\/\/institutos.ufrrj.br\/icsa\/wp-content\/uploads\/sites\/101\/2026\/04\/WhatsApp-Image-2026-04-23-at-20.41.24-768x768.jpeg 768w, https:\/\/institutos.ufrrj.br\/icsa\/wp-content\/uploads\/sites\/101\/2026\/04\/WhatsApp-Image-2026-04-23-at-20.41.24.jpeg 1254w\" sizes=\"auto, (max-width: 1024px) 100vw, 1024px\" \/><\/figure>\n\n\n\n<p>EDITAL ABERTO \u2013 BOLSA DE INICIA\u00c7\u00c3O CIENT\u00cdFICA (FAPERJ)<\/p>\n\n\n\n<p>Est\u00e3o abertas as inscri\u00e7\u00f5es para sele\u00e7\u00e3o de um bolsista de Inicia\u00e7\u00e3o Cient\u00edfica para atuar no projeto:<\/p>\n\n\n\n<p>\ud83d\udd0e \u201cEmpreendedorismo em territ\u00f3rios perif\u00e9ricos: estrat\u00e9gias de neg\u00f3cios na Baixada Fluminense\u201d<br>\ud83d\udc69\u200d\ud83c\udfeb Orientadora: Profa. Dra. Alessandra Cassol<br>\ud83d\udcb0 Bolsa: R$ 700,00\/m\u00eas<br>\ud83d\udcc6 Vig\u00eancia: 12 meses (in\u00edcio em 01\/05\/2026)<\/p>\n\n\n\n<p>\ud83d\uddd3\ufe0f Inscri\u00e7\u00f5es: 27\/04\/2026 a 04\/05\/2026<br>\ud83d\udce7 Envio de documentos: bolsista.faperj@gmail.com<\/p>\n\n\n\n<p>\ud83d\udccc Requisitos principais:<br>\u2714 Estar a partir do 3\u00ba per\u00edodo da gradua\u00e7\u00e3o<br>\u2714 CR \u2265 7,0<br>\u2714 Disponibilidade de 16 a 20h semanais<br>\u2714 N\u00e3o possuir outra bolsa<\/p>\n\n\n\n<p>\ud83d\udcc4 Documentos:<br>Curr\u00edculo Lattes<br>Hist\u00f3rico acad\u00eamico<br>Comprovantes (CR e SisFAPERJ)<br>Carta de motiva\u00e7\u00e3o<\/p>\n\n\n\n<p>\ud83d\udca1 Excelente oportunidade para atuar em pesquisa cient\u00edfica, na produ\u00e7\u00e3o de artigos e no desenvolvimento acad\u00eamico! Em caso de d\u00favidas, entre em contato.<\/p>\n\n\n\n<p>Compartilhe com quem possa se interessar \ud83d\ude09<\/p>\n\n\n\n<div data-wp-interactive=\"core\/file\" class=\"wp-block-file\"><object data-wp-bind--hidden=\"!state.hasPdfPreview\" hidden class=\"wp-block-file__embed\" data=\"https:\/\/institutos.ufrrj.br\/icsa\/wp-content\/uploads\/sites\/101\/2026\/04\/Edital_Bolsa_FAPERJ_assinado.pdf\" type=\"application\/pdf\" style=\"width:100%;height:600px\" aria-label=\"Incorporado de Edital_Bolsa_FAPERJ_assinado.\"><\/object><a id=\"wp-block-file--media-589b4abc-a419-46f5-be3f-ae509b2cd939\" href=\"https:\/\/institutos.ufrrj.br\/icsa\/wp-content\/uploads\/sites\/101\/2026\/04\/Edital_Bolsa_FAPERJ_assinado.pdf\">Edital_Bolsa_FAPERJ_assinado<\/a><a href=\"https:\/\/institutos.ufrrj.br\/icsa\/wp-content\/uploads\/sites\/101\/2026\/04\/Edital_Bolsa_FAPERJ_assinado.pdf\" class=\"wp-block-file__button wp-element-button\" download aria-describedby=\"wp-block-file--media-589b4abc-a419-46f5-be3f-ae509b2cd939\">Baixar<\/a><\/div>\n","protected":false},"excerpt":{"rendered":"<p>EDITAL ABERTO \u2013 BOLSA DE INICIA\u00c7\u00c3O CIENT\u00cdFICA (FAPERJ) Est\u00e3o abertas as inscri\u00e7\u00f5es para sele\u00e7\u00e3o de um bolsista de Inicia\u00e7\u00e3o Cient\u00edfica <a class=\"read-more\" href=\"https:\/\/institutos.ufrrj.br\/icsa\/edital-aberto-bolsa-de-iniciacao-cientifica-faperj\/\">&#8230; <em>leia mais <\/em> <i class=\"fa fa-long-arrow-right\"><\/i><\/a><\/p>\n","protected":false},"author":89,"featured_media":9847,"comment_status":"open","ping_status":"open","sticky":false,"template":"","format":"standard","meta":{"_acf_changed":false,"_themeisle_gutenberg_block_has_review":false,"footnotes":"","_links_to":"","_links_to_target":""},"categories":[3],"tags":[],"class_list":["post-9846","post","type-post","status-publish","format-standard","has-post-thumbnail","hentry","category-noticias-destaque"],"acf":[],"yoast_head":"<!-- This site is optimized with the Yoast SEO plugin v26.8 - https:\/\/yoast.com\/product\/yoast-seo-wordpress\/ -->\n<title>EDITAL ABERTO \u2013 BOLSA DE INICIA\u00c7\u00c3O CIENT\u00cdFICA (FAPERJ) - ICSA<\/title>\n<meta name=\"robots\" content=\"index, follow, max-snippet:-1, max-image-preview:large, max-video-preview:-1\" \/>\n<link rel=\"canonical\" href=\"https:\/\/institutos.ufrrj.br\/icsa\/edital-aberto-bolsa-de-iniciacao-cientifica-faperj\/\" \/>\n<meta property=\"og:locale\" content=\"pt_BR\" \/>\n<meta property=\"og:type\" content=\"article\" \/>\n<meta property=\"og:title\" content=\"EDITAL ABERTO \u2013 BOLSA DE INICIA\u00c7\u00c3O CIENT\u00cdFICA (FAPERJ) - ICSA\" \/>\n<meta property=\"og:description\" content=\"EDITAL ABERTO \u2013 BOLSA DE INICIA\u00c7\u00c3O CIENT\u00cdFICA (FAPERJ) Est\u00e3o abertas as inscri\u00e7\u00f5es para sele\u00e7\u00e3o de um bolsista de Inicia\u00e7\u00e3o Cient\u00edfica ... leia mais\" \/>\n<meta property=\"og:url\" content=\"https:\/\/institutos.ufrrj.br\/icsa\/edital-aberto-bolsa-de-iniciacao-cientifica-faperj\/\" \/>\n<meta property=\"og:site_name\" content=\"ICSA\" \/>\n<meta property=\"article:publisher\" content=\"https:\/\/www.facebook.com\/ICSA-189767328193686\/\" \/>\n<meta property=\"article:published_time\" content=\"2026-04-24T13:54:06+00:00\" \/>\n<meta property=\"article:modified_time\" content=\"2026-04-24T13:55:55+00:00\" \/>\n<meta property=\"og:image\" content=\"https:\/\/institutos.ufrrj.br\/icsa\/wp-content\/uploads\/sites\/101\/2026\/04\/WhatsApp-Image-2026-04-23-at-20.41.24.jpeg\" \/>\n\t<meta property=\"og:image:width\" content=\"1254\" \/>\n\t<meta property=\"og:image:height\" content=\"1254\" \/>\n\t<meta property=\"og:image:type\" content=\"image\/jpeg\" \/>\n<meta name=\"author\" content=\"felipenunes\" \/>\n<meta name=\"twitter:card\" content=\"summary_large_image\" \/>\n<meta name=\"twitter:label1\" content=\"Escrito por\" \/>\n\t<meta name=\"twitter:data1\" content=\"felipenunes\" \/>\n\t<meta name=\"twitter:label2\" content=\"Est. tempo de leitura\" \/>\n\t<meta name=\"twitter:data2\" content=\"2 minutos\" \/>\n<script type=\"application\/ld+json\" class=\"yoast-schema-graph\">{\"@context\":\"https:\/\/schema.org\",\"@graph\":[{\"@type\":\"Article\",\"@id\":\"https:\/\/institutos.ufrrj.br\/icsa\/edital-aberto-bolsa-de-iniciacao-cientifica-faperj\/#article\",\"isPartOf\":{\"@id\":\"https:\/\/institutos.ufrrj.br\/icsa\/edital-aberto-bolsa-de-iniciacao-cientifica-faperj\/\"},\"author\":{\"name\":\"felipenunes\",\"@id\":\"https:\/\/institutos.ufrrj.br\/icsa\/#\/schema\/person\/4c54eec4916f5066a5e43792ab39599e\"},\"headline\":\"EDITAL ABERTO \u2013 BOLSA DE INICIA\u00c7\u00c3O CIENT\u00cdFICA (FAPERJ)\",\"datePublished\":\"2026-04-24T13:54:06+00:00\",\"dateModified\":\"2026-04-24T13:55:55+00:00\",\"mainEntityOfPage\":{\"@id\":\"https:\/\/institutos.ufrrj.br\/icsa\/edital-aberto-bolsa-de-iniciacao-cientifica-faperj\/\"},\"wordCount\":151,\"commentCount\":0,\"publisher\":{\"@id\":\"https:\/\/institutos.ufrrj.br\/icsa\/#organization\"},\"image\":{\"@id\":\"https:\/\/institutos.ufrrj.br\/icsa\/edital-aberto-bolsa-de-iniciacao-cientifica-faperj\/#primaryimage\"},\"thumbnailUrl\":\"https:\/\/institutos.ufrrj.br\/icsa\/wp-content\/uploads\/sites\/101\/2026\/04\/WhatsApp-Image-2026-04-23-at-20.41.24.jpeg\",\"articleSection\":[\"Not\u00edcias\"],\"inLanguage\":\"pt-BR\",\"potentialAction\":[{\"@type\":\"CommentAction\",\"name\":\"Comment\",\"target\":[\"https:\/\/institutos.ufrrj.br\/icsa\/edital-aberto-bolsa-de-iniciacao-cientifica-faperj\/#respond\"]}]},{\"@type\":\"WebPage\",\"@id\":\"https:\/\/institutos.ufrrj.br\/icsa\/edital-aberto-bolsa-de-iniciacao-cientifica-faperj\/\",\"url\":\"https:\/\/institutos.ufrrj.br\/icsa\/edital-aberto-bolsa-de-iniciacao-cientifica-faperj\/\",\"name\":\"EDITAL ABERTO \u2013 BOLSA DE INICIA\u00c7\u00c3O CIENT\u00cdFICA (FAPERJ) - ICSA\",\"isPartOf\":{\"@id\":\"https:\/\/institutos.ufrrj.br\/icsa\/#website\"},\"primaryImageOfPage\":{\"@id\":\"https:\/\/institutos.ufrrj.br\/icsa\/edital-aberto-bolsa-de-iniciacao-cientifica-faperj\/#primaryimage\"},\"image\":{\"@id\":\"https:\/\/institutos.ufrrj.br\/icsa\/edital-aberto-bolsa-de-iniciacao-cientifica-faperj\/#primaryimage\"},\"thumbnailUrl\":\"https:\/\/institutos.ufrrj.br\/icsa\/wp-content\/uploads\/sites\/101\/2026\/04\/WhatsApp-Image-2026-04-23-at-20.41.24.jpeg\",\"datePublished\":\"2026-04-24T13:54:06+00:00\",\"dateModified\":\"2026-04-24T13:55:55+00:00\",\"breadcrumb\":{\"@id\":\"https:\/\/institutos.ufrrj.br\/icsa\/edital-aberto-bolsa-de-iniciacao-cientifica-faperj\/#breadcrumb\"},\"inLanguage\":\"pt-BR\",\"potentialAction\":[{\"@type\":\"ReadAction\",\"target\":[\"https:\/\/institutos.ufrrj.br\/icsa\/edital-aberto-bolsa-de-iniciacao-cientifica-faperj\/\"]}]},{\"@type\":\"ImageObject\",\"inLanguage\":\"pt-BR\",\"@id\":\"https:\/\/institutos.ufrrj.br\/icsa\/edital-aberto-bolsa-de-iniciacao-cientifica-faperj\/#primaryimage\",\"url\":\"https:\/\/institutos.ufrrj.br\/icsa\/wp-content\/uploads\/sites\/101\/2026\/04\/WhatsApp-Image-2026-04-23-at-20.41.24.jpeg\",\"contentUrl\":\"https:\/\/institutos.ufrrj.br\/icsa\/wp-content\/uploads\/sites\/101\/2026\/04\/WhatsApp-Image-2026-04-23-at-20.41.24.jpeg\",\"width\":1254,\"height\":1254},{\"@type\":\"BreadcrumbList\",\"@id\":\"https:\/\/institutos.ufrrj.br\/icsa\/edital-aberto-bolsa-de-iniciacao-cientifica-faperj\/#breadcrumb\",\"itemListElement\":[{\"@type\":\"ListItem\",\"position\":1,\"name\":\"In\u00edcio\",\"item\":\"https:\/\/institutos.ufrrj.br\/icsa\/\"},{\"@type\":\"ListItem\",\"position\":2,\"name\":\"EDITAL ABERTO \u2013 BOLSA DE INICIA\u00c7\u00c3O CIENT\u00cdFICA (FAPERJ)\"}]},{\"@type\":\"WebSite\",\"@id\":\"https:\/\/institutos.ufrrj.br\/icsa\/#website\",\"url\":\"https:\/\/institutos.ufrrj.br\/icsa\/\",\"name\":\"ICSA\",\"description\":\"Institutos de Ci\u00eancias Sociais Aplicadas\",\"publisher\":{\"@id\":\"https:\/\/institutos.ufrrj.br\/icsa\/#organization\"},\"potentialAction\":[{\"@type\":\"SearchAction\",\"target\":{\"@type\":\"EntryPoint\",\"urlTemplate\":\"https:\/\/institutos.ufrrj.br\/icsa\/?s={search_term_string}\"},\"query-input\":{\"@type\":\"PropertyValueSpecification\",\"valueRequired\":true,\"valueName\":\"search_term_string\"}}],\"inLanguage\":\"pt-BR\"},{\"@type\":\"Organization\",\"@id\":\"https:\/\/institutos.ufrrj.br\/icsa\/#organization\",\"name\":\"ICSA\",\"url\":\"https:\/\/institutos.ufrrj.br\/icsa\/\",\"logo\":{\"@type\":\"ImageObject\",\"inLanguage\":\"pt-BR\",\"@id\":\"https:\/\/institutos.ufrrj.br\/icsa\/#\/schema\/logo\/image\/\",\"url\":\"https:\/\/institutos.ufrrj.br\/icsa\/wp-content\/uploads\/sites\/101\/2023\/10\/logo_icsa_cor_horz_01-4-1.png\",\"contentUrl\":\"https:\/\/institutos.ufrrj.br\/icsa\/wp-content\/uploads\/sites\/101\/2023\/10\/logo_icsa_cor_horz_01-4-1.png\",\"width\":300,\"height\":101,\"caption\":\"ICSA\"},\"image\":{\"@id\":\"https:\/\/institutos.ufrrj.br\/icsa\/#\/schema\/logo\/image\/\"},\"sameAs\":[\"https:\/\/www.facebook.com\/ICSA-189767328193686\/\",\"https:\/\/www.instagram.com\/icsa.ufrrj\/\",\"https:\/\/www.youtube.com\/@icsaufrrj\"]},{\"@type\":\"Person\",\"@id\":\"https:\/\/institutos.ufrrj.br\/icsa\/#\/schema\/person\/4c54eec4916f5066a5e43792ab39599e\",\"name\":\"felipenunes\",\"image\":{\"@type\":\"ImageObject\",\"inLanguage\":\"pt-BR\",\"@id\":\"https:\/\/institutos.ufrrj.br\/icsa\/#\/schema\/person\/image\/\",\"url\":\"https:\/\/secure.gravatar.com\/avatar\/bfc5379625d7660ea24f811bba98bd9de42c9661786414b5e792ea344612fe11?s=96&d=mm&r=g\",\"contentUrl\":\"https:\/\/secure.gravatar.com\/avatar\/bfc5379625d7660ea24f811bba98bd9de42c9661786414b5e792ea344612fe11?s=96&d=mm&r=g\",\"caption\":\"felipenunes\"},\"description\":\"Chamado - ID: 33444 (Rural - Seropedica), Chamado - ID: 37181 (Rural - Seropedica), Chamado - ID: 39992 (Rural - Seropedica)\",\"url\":\"https:\/\/institutos.ufrrj.br\/icsa\/author\/felipenunes1\/\"}]}<\/script>\n<!-- \/ Yoast SEO plugin. -->","yoast_head_json":{"title":"EDITAL ABERTO \u2013 BOLSA DE INICIA\u00c7\u00c3O CIENT\u00cdFICA (FAPERJ) - ICSA","robots":{"index":"index","follow":"follow","max-snippet":"max-snippet:-1","max-image-preview":"max-image-preview:large","max-video-preview":"max-video-preview:-1"},"canonical":"https:\/\/institutos.ufrrj.br\/icsa\/edital-aberto-bolsa-de-iniciacao-cientifica-faperj\/","og_locale":"pt_BR","og_type":"article","og_title":"EDITAL ABERTO \u2013 BOLSA DE INICIA\u00c7\u00c3O CIENT\u00cdFICA (FAPERJ) - ICSA","og_description":"EDITAL ABERTO \u2013 BOLSA DE INICIA\u00c7\u00c3O CIENT\u00cdFICA (FAPERJ) Est\u00e3o abertas as inscri\u00e7\u00f5es para sele\u00e7\u00e3o de um bolsista de Inicia\u00e7\u00e3o Cient\u00edfica ... leia mais","og_url":"https:\/\/institutos.ufrrj.br\/icsa\/edital-aberto-bolsa-de-iniciacao-cientifica-faperj\/","og_site_name":"ICSA","article_publisher":"https:\/\/www.facebook.com\/ICSA-189767328193686\/","article_published_time":"2026-04-24T13:54:06+00:00","article_modified_time":"2026-04-24T13:55:55+00:00","og_image":[{"width":1254,"height":1254,"url":"https:\/\/institutos.ufrrj.br\/icsa\/wp-content\/uploads\/sites\/101\/2026\/04\/WhatsApp-Image-2026-04-23-at-20.41.24.jpeg","type":"image\/jpeg"}],"author":"felipenunes","twitter_card":"summary_large_image","twitter_misc":{"Escrito por":"felipenunes","Est. tempo de leitura":"2 minutos"},"schema":{"@context":"https:\/\/schema.org","@graph":[{"@type":"Article","@id":"https:\/\/institutos.ufrrj.br\/icsa\/edital-aberto-bolsa-de-iniciacao-cientifica-faperj\/#article","isPartOf":{"@id":"https:\/\/institutos.ufrrj.br\/icsa\/edital-aberto-bolsa-de-iniciacao-cientifica-faperj\/"},"author":{"name":"felipenunes","@id":"https:\/\/institutos.ufrrj.br\/icsa\/#\/schema\/person\/4c54eec4916f5066a5e43792ab39599e"},"headline":"EDITAL ABERTO \u2013 BOLSA DE INICIA\u00c7\u00c3O CIENT\u00cdFICA (FAPERJ)","datePublished":"2026-04-24T13:54:06+00:00","dateModified":"2026-04-24T13:55:55+00:00","mainEntityOfPage":{"@id":"https:\/\/institutos.ufrrj.br\/icsa\/edital-aberto-bolsa-de-iniciacao-cientifica-faperj\/"},"wordCount":151,"commentCount":0,"publisher":{"@id":"https:\/\/institutos.ufrrj.br\/icsa\/#organization"},"image":{"@id":"https:\/\/institutos.ufrrj.br\/icsa\/edital-aberto-bolsa-de-iniciacao-cientifica-faperj\/#primaryimage"},"thumbnailUrl":"https:\/\/institutos.ufrrj.br\/icsa\/wp-content\/uploads\/sites\/101\/2026\/04\/WhatsApp-Image-2026-04-23-at-20.41.24.jpeg","articleSection":["Not\u00edcias"],"inLanguage":"pt-BR","potentialAction":[{"@type":"CommentAction","name":"Comment","target":["https:\/\/institutos.ufrrj.br\/icsa\/edital-aberto-bolsa-de-iniciacao-cientifica-faperj\/#respond"]}]},{"@type":"WebPage","@id":"https:\/\/institutos.ufrrj.br\/icsa\/edital-aberto-bolsa-de-iniciacao-cientifica-faperj\/","url":"https:\/\/institutos.ufrrj.br\/icsa\/edital-aberto-bolsa-de-iniciacao-cientifica-faperj\/","name":"EDITAL ABERTO \u2013 BOLSA DE INICIA\u00c7\u00c3O CIENT\u00cdFICA (FAPERJ) - ICSA","isPartOf":{"@id":"https:\/\/institutos.ufrrj.br\/icsa\/#website"},"primaryImageOfPage":{"@id":"https:\/\/institutos.ufrrj.br\/icsa\/edital-aberto-bolsa-de-iniciacao-cientifica-faperj\/#primaryimage"},"image":{"@id":"https:\/\/institutos.ufrrj.br\/icsa\/edital-aberto-bolsa-de-iniciacao-cientifica-faperj\/#primaryimage"},"thumbnailUrl":"https:\/\/institutos.ufrrj.br\/icsa\/wp-content\/uploads\/sites\/101\/2026\/04\/WhatsApp-Image-2026-04-23-at-20.41.24.jpeg","datePublished":"2026-04-24T13:54:06+00:00","dateModified":"2026-04-24T13:55:55+00:00","breadcrumb":{"@id":"https:\/\/institutos.ufrrj.br\/icsa\/edital-aberto-bolsa-de-iniciacao-cientifica-faperj\/#breadcrumb"},"inLanguage":"pt-BR","potentialAction":[{"@type":"ReadAction","target":["https:\/\/institutos.ufrrj.br\/icsa\/edital-aberto-bolsa-de-iniciacao-cientifica-faperj\/"]}]},{"@type":"ImageObject","inLanguage":"pt-BR","@id":"https:\/\/institutos.ufrrj.br\/icsa\/edital-aberto-bolsa-de-iniciacao-cientifica-faperj\/#primaryimage","url":"https:\/\/institutos.ufrrj.br\/icsa\/wp-content\/uploads\/sites\/101\/2026\/04\/WhatsApp-Image-2026-04-23-at-20.41.24.jpeg","contentUrl":"https:\/\/institutos.ufrrj.br\/icsa\/wp-content\/uploads\/sites\/101\/2026\/04\/WhatsApp-Image-2026-04-23-at-20.41.24.jpeg","width":1254,"height":1254},{"@type":"BreadcrumbList","@id":"https:\/\/institutos.ufrrj.br\/icsa\/edital-aberto-bolsa-de-iniciacao-cientifica-faperj\/#breadcrumb","itemListElement":[{"@type":"ListItem","position":1,"name":"In\u00edcio","item":"https:\/\/institutos.ufrrj.br\/icsa\/"},{"@type":"ListItem","position":2,"name":"EDITAL ABERTO \u2013 BOLSA DE INICIA\u00c7\u00c3O CIENT\u00cdFICA (FAPERJ)"}]},{"@type":"WebSite","@id":"https:\/\/institutos.ufrrj.br\/icsa\/#website","url":"https:\/\/institutos.ufrrj.br\/icsa\/","name":"ICSA","description":"Institutos de Ci\u00eancias Sociais Aplicadas","publisher":{"@id":"https:\/\/institutos.ufrrj.br\/icsa\/#organization"},"potentialAction":[{"@type":"SearchAction","target":{"@type":"EntryPoint","urlTemplate":"https:\/\/institutos.ufrrj.br\/icsa\/?s={search_term_string}"},"query-input":{"@type":"PropertyValueSpecification","valueRequired":true,"valueName":"search_term_string"}}],"inLanguage":"pt-BR"},{"@type":"Organization","@id":"https:\/\/institutos.ufrrj.br\/icsa\/#organization","name":"ICSA","url":"https:\/\/institutos.ufrrj.br\/icsa\/","logo":{"@type":"ImageObject","inLanguage":"pt-BR","@id":"https:\/\/institutos.ufrrj.br\/icsa\/#\/schema\/logo\/image\/","url":"https:\/\/institutos.ufrrj.br\/icsa\/wp-content\/uploads\/sites\/101\/2023\/10\/logo_icsa_cor_horz_01-4-1.png","contentUrl":"https:\/\/institutos.ufrrj.br\/icsa\/wp-content\/uploads\/sites\/101\/2023\/10\/logo_icsa_cor_horz_01-4-1.png","width":300,"height":101,"caption":"ICSA"},"image":{"@id":"https:\/\/institutos.ufrrj.br\/icsa\/#\/schema\/logo\/image\/"},"sameAs":["https:\/\/www.facebook.com\/ICSA-189767328193686\/","https:\/\/www.instagram.com\/icsa.ufrrj\/","https:\/\/www.youtube.com\/@icsaufrrj"]},{"@type":"Person","@id":"https:\/\/institutos.ufrrj.br\/icsa\/#\/schema\/person\/4c54eec4916f5066a5e43792ab39599e","name":"felipenunes","image":{"@type":"ImageObject","inLanguage":"pt-BR","@id":"https:\/\/institutos.ufrrj.br\/icsa\/#\/schema\/person\/image\/","url":"https:\/\/secure.gravatar.com\/avatar\/bfc5379625d7660ea24f811bba98bd9de42c9661786414b5e792ea344612fe11?s=96&d=mm&r=g","contentUrl":"https:\/\/secure.gravatar.com\/avatar\/bfc5379625d7660ea24f811bba98bd9de42c9661786414b5e792ea344612fe11?s=96&d=mm&r=g","caption":"felipenunes"},"description":"Chamado - ID: 33444 (Rural - Seropedica), Chamado - ID: 37181 (Rural - Seropedica), Chamado - ID: 39992 (Rural - Seropedica)","url":"https:\/\/institutos.ufrrj.br\/icsa\/author\/felipenunes1\/"}]}},"_links":{"self":[{"href":"https:\/\/institutos.ufrrj.br\/icsa\/wp-json\/wp\/v2\/posts\/9846","targetHints":{"allow":["GET"]}}],"collection":[{"href":"https:\/\/institutos.ufrrj.br\/icsa\/wp-json\/wp\/v2\/posts"}],"about":[{"href":"https:\/\/institutos.ufrrj.br\/icsa\/wp-json\/wp\/v2\/types\/post"}],"author":[{"embeddable":true,"href":"https:\/\/institutos.ufrrj.br\/icsa\/wp-json\/wp\/v2\/users\/89"}],"replies":[{"embeddable":true,"href":"https:\/\/institutos.ufrrj.br\/icsa\/wp-json\/wp\/v2\/comments?post=9846"}],"version-history":[{"count":2,"href":"https:\/\/institutos.ufrrj.br\/icsa\/wp-json\/wp\/v2\/posts\/9846\/revisions"}],"predecessor-version":[{"id":9851,"href":"https:\/\/institutos.ufrrj.br\/icsa\/wp-json\/wp\/v2\/posts\/9846\/revisions\/9851"}],"wp:featuredmedia":[{"embeddable":true,"href":"https:\/\/institutos.ufrrj.br\/icsa\/wp-json\/wp\/v2\/media\/9847"}],"wp:attachment":[{"href":"https:\/\/institutos.ufrrj.br\/icsa\/wp-json\/wp\/v2\/media?parent=9846"}],"wp:term":[{"taxonomy":"category","embeddable":true,"href":"https:\/\/institutos.ufrrj.br\/icsa\/wp-json\/wp\/v2\/categories?post=9846"},{"taxonomy":"post_tag","embeddable":true,"href":"https:\/\/institutos.ufrrj.br\/icsa\/wp-json\/wp\/v2\/tags?post=9846"}],"curies":[{"name":"wp","href":"https:\/\/api.w.org\/{rel}","templated":true}]}}