{"id":9852,"date":"2026-04-29T10:53:40","date_gmt":"2026-04-29T13:53:40","guid":{"rendered":"https:\/\/institutos.ufrrj.br\/icsa\/?p=9852"},"modified":"2026-04-29T10:53:41","modified_gmt":"2026-04-29T13:53:41","slug":"v-oficina-de-capacitacao-discente","status":"publish","type":"post","link":"https:\/\/institutos.ufrrj.br\/icsa\/v-oficina-de-capacitacao-discente\/","title":{"rendered":"V Oficina de Capacita\u00e7\u00e3o Discente"},"content":{"rendered":"\n<p>A Dire\u00e7\u00e3o do ICSA (2023 &#8211; 2027) promover\u00e1, no dia 11 de maio de 2026, a palestra \u201cIntegridade e \u00c9tica na Pesquisa Cient\u00edfica\u201d, ministrada pelo Prof. Dr. Rafael Ferro (DHSS). A atividade abordar\u00e1 temas fundamentais \u00e0 forma\u00e7\u00e3o acad\u00eamica e cient\u00edfica, tais como pl\u00e1gio, conflito de interesses, crit\u00e9rios de autoria, boas pr\u00e1ticas em pesquisa e uso de intelig\u00eancia artificial.<br>As inscri\u00e7\u00f5es ser\u00e3o gratuitas e devem ser realizadas por meio do link dispon\u00edvel na bio, at\u00e9 o dia 10 de maio de 2026, ou enquanto houver vagas. No ato da inscri\u00e7\u00e3o, ser\u00e3o solicitadas as seguintes informa\u00e7\u00f5es: nome completo, matr\u00edcula, curso e e-mail.<\/p>\n\n\n\n<p>Data: 11 de maio de 2026 (segunda-feira)<br>Hor\u00e1rio: das 15h \u00e0s 17h<br>Local: Sala de Reuni\u00f5es do PPGE (Bloco PPG)<\/p>\n\n\n\n<p>Haver\u00e1 emiss\u00e3o de certificado de participa\u00e7\u00e3o para abatimento de horas complementares (atividades aut\u00f4nomas).<\/p>\n\n\n\n<p>Inscreva-se <a href=\"https:\/\/docs.google.com\/forms\/d\/e\/1FAIpQLSdfJriPMrcuOWptxZvfAwaHbmpqAmVNn7l_5aRzBHXbRrzvkg\/viewform?usp=header\" type=\"link\" id=\"https:\/\/docs.google.com\/forms\/d\/e\/1FAIpQLSdfJriPMrcuOWptxZvfAwaHbmpqAmVNn7l_5aRzBHXbRrzvkg\/viewform?usp=header\"><strong>aqui<\/strong><\/a> <\/p>\n\n\n\n<figure class=\"wp-block-image size-large\"><img loading=\"lazy\" decoding=\"async\" width=\"819\" height=\"1024\" src=\"https:\/\/institutos.ufrrj.br\/icsa\/wp-content\/uploads\/sites\/101\/2026\/04\/WhatsApp-Image-2026-04-29-at-10.40.15-819x1024.jpeg\" alt=\"\" class=\"wp-image-9853\" srcset=\"https:\/\/institutos.ufrrj.br\/icsa\/wp-content\/uploads\/sites\/101\/2026\/04\/WhatsApp-Image-2026-04-29-at-10.40.15-819x1024.jpeg 819w, https:\/\/institutos.ufrrj.br\/icsa\/wp-content\/uploads\/sites\/101\/2026\/04\/WhatsApp-Image-2026-04-29-at-10.40.15-240x300.jpeg 240w, https:\/\/institutos.ufrrj.br\/icsa\/wp-content\/uploads\/sites\/101\/2026\/04\/WhatsApp-Image-2026-04-29-at-10.40.15-768x960.jpeg 768w, https:\/\/institutos.ufrrj.br\/icsa\/wp-content\/uploads\/sites\/101\/2026\/04\/WhatsApp-Image-2026-04-29-at-10.40.15.jpeg 1080w\" sizes=\"auto, (max-width: 819px) 100vw, 819px\" \/><\/figure>\n","protected":false},"excerpt":{"rendered":"<p>A Dire\u00e7\u00e3o do ICSA (2023 &#8211; 2027) promover\u00e1, no dia 11 de maio de 2026, a palestra \u201cIntegridade e \u00c9tica <a class=\"read-more\" href=\"https:\/\/institutos.ufrrj.br\/icsa\/v-oficina-de-capacitacao-discente\/\">&#8230; <em>leia mais <\/em> <i class=\"fa fa-long-arrow-right\"><\/i><\/a><\/p>\n","protected":false},"author":89,"featured_media":9853,"comment_status":"open","ping_status":"open","sticky":false,"template":"","format":"standard","meta":{"_acf_changed":false,"_themeisle_gutenberg_block_has_review":false,"footnotes":"","_links_to":"","_links_to_target":""},"categories":[3],"tags":[],"class_list":["post-9852","post","type-post","status-publish","format-standard","has-post-thumbnail","hentry","category-noticias-destaque"],"acf":[],"yoast_head":"<!-- This site is optimized with the Yoast SEO plugin v26.8 - https:\/\/yoast.com\/product\/yoast-seo-wordpress\/ -->\n<title>V Oficina de Capacita\u00e7\u00e3o Discente - ICSA<\/title>\n<meta name=\"robots\" content=\"index, follow, max-snippet:-1, max-image-preview:large, max-video-preview:-1\" \/>\n<link rel=\"canonical\" href=\"https:\/\/institutos.ufrrj.br\/icsa\/v-oficina-de-capacitacao-discente\/\" \/>\n<meta property=\"og:locale\" content=\"pt_BR\" \/>\n<meta property=\"og:type\" content=\"article\" \/>\n<meta property=\"og:title\" content=\"V Oficina de Capacita\u00e7\u00e3o Discente - ICSA\" \/>\n<meta property=\"og:description\" content=\"A Dire\u00e7\u00e3o do ICSA (2023 &#8211; 2027) promover\u00e1, no dia 11 de maio de 2026, a palestra \u201cIntegridade e \u00c9tica ... leia mais\" \/>\n<meta property=\"og:url\" content=\"https:\/\/institutos.ufrrj.br\/icsa\/v-oficina-de-capacitacao-discente\/\" \/>\n<meta property=\"og:site_name\" content=\"ICSA\" \/>\n<meta property=\"article:publisher\" content=\"https:\/\/www.facebook.com\/ICSA-189767328193686\/\" \/>\n<meta property=\"article:published_time\" content=\"2026-04-29T13:53:40+00:00\" \/>\n<meta property=\"article:modified_time\" content=\"2026-04-29T13:53:41+00:00\" \/>\n<meta property=\"og:image\" content=\"https:\/\/institutos.ufrrj.br\/icsa\/wp-content\/uploads\/sites\/101\/2026\/04\/WhatsApp-Image-2026-04-29-at-10.40.15.jpeg\" \/>\n\t<meta property=\"og:image:width\" content=\"1080\" \/>\n\t<meta property=\"og:image:height\" content=\"1350\" \/>\n\t<meta property=\"og:image:type\" content=\"image\/jpeg\" \/>\n<meta name=\"author\" content=\"felipenunes\" \/>\n<meta name=\"twitter:card\" content=\"summary_large_image\" \/>\n<meta name=\"twitter:label1\" content=\"Escrito por\" \/>\n\t<meta name=\"twitter:data1\" content=\"felipenunes\" \/>\n\t<meta name=\"twitter:label2\" content=\"Est. tempo de leitura\" \/>\n\t<meta name=\"twitter:data2\" content=\"2 minutos\" \/>\n<script type=\"application\/ld+json\" class=\"yoast-schema-graph\">{\"@context\":\"https:\/\/schema.org\",\"@graph\":[{\"@type\":\"Article\",\"@id\":\"https:\/\/institutos.ufrrj.br\/icsa\/v-oficina-de-capacitacao-discente\/#article\",\"isPartOf\":{\"@id\":\"https:\/\/institutos.ufrrj.br\/icsa\/v-oficina-de-capacitacao-discente\/\"},\"author\":{\"name\":\"felipenunes\",\"@id\":\"https:\/\/institutos.ufrrj.br\/icsa\/#\/schema\/person\/4c54eec4916f5066a5e43792ab39599e\"},\"headline\":\"V Oficina de Capacita\u00e7\u00e3o Discente\",\"datePublished\":\"2026-04-29T13:53:40+00:00\",\"dateModified\":\"2026-04-29T13:53:41+00:00\",\"mainEntityOfPage\":{\"@id\":\"https:\/\/institutos.ufrrj.br\/icsa\/v-oficina-de-capacitacao-discente\/\"},\"wordCount\":152,\"commentCount\":0,\"publisher\":{\"@id\":\"https:\/\/institutos.ufrrj.br\/icsa\/#organization\"},\"image\":{\"@id\":\"https:\/\/institutos.ufrrj.br\/icsa\/v-oficina-de-capacitacao-discente\/#primaryimage\"},\"thumbnailUrl\":\"https:\/\/institutos.ufrrj.br\/icsa\/wp-content\/uploads\/sites\/101\/2026\/04\/WhatsApp-Image-2026-04-29-at-10.40.15.jpeg\",\"articleSection\":[\"Not\u00edcias\"],\"inLanguage\":\"pt-BR\",\"potentialAction\":[{\"@type\":\"CommentAction\",\"name\":\"Comment\",\"target\":[\"https:\/\/institutos.ufrrj.br\/icsa\/v-oficina-de-capacitacao-discente\/#respond\"]}]},{\"@type\":\"WebPage\",\"@id\":\"https:\/\/institutos.ufrrj.br\/icsa\/v-oficina-de-capacitacao-discente\/\",\"url\":\"https:\/\/institutos.ufrrj.br\/icsa\/v-oficina-de-capacitacao-discente\/\",\"name\":\"V Oficina de Capacita\u00e7\u00e3o Discente - ICSA\",\"isPartOf\":{\"@id\":\"https:\/\/institutos.ufrrj.br\/icsa\/#website\"},\"primaryImageOfPage\":{\"@id\":\"https:\/\/institutos.ufrrj.br\/icsa\/v-oficina-de-capacitacao-discente\/#primaryimage\"},\"image\":{\"@id\":\"https:\/\/institutos.ufrrj.br\/icsa\/v-oficina-de-capacitacao-discente\/#primaryimage\"},\"thumbnailUrl\":\"https:\/\/institutos.ufrrj.br\/icsa\/wp-content\/uploads\/sites\/101\/2026\/04\/WhatsApp-Image-2026-04-29-at-10.40.15.jpeg\",\"datePublished\":\"2026-04-29T13:53:40+00:00\",\"dateModified\":\"2026-04-29T13:53:41+00:00\",\"breadcrumb\":{\"@id\":\"https:\/\/institutos.ufrrj.br\/icsa\/v-oficina-de-capacitacao-discente\/#breadcrumb\"},\"inLanguage\":\"pt-BR\",\"potentialAction\":[{\"@type\":\"ReadAction\",\"target\":[\"https:\/\/institutos.ufrrj.br\/icsa\/v-oficina-de-capacitacao-discente\/\"]}]},{\"@type\":\"ImageObject\",\"inLanguage\":\"pt-BR\",\"@id\":\"https:\/\/institutos.ufrrj.br\/icsa\/v-oficina-de-capacitacao-discente\/#primaryimage\",\"url\":\"https:\/\/institutos.ufrrj.br\/icsa\/wp-content\/uploads\/sites\/101\/2026\/04\/WhatsApp-Image-2026-04-29-at-10.40.15.jpeg\",\"contentUrl\":\"https:\/\/institutos.ufrrj.br\/icsa\/wp-content\/uploads\/sites\/101\/2026\/04\/WhatsApp-Image-2026-04-29-at-10.40.15.jpeg\",\"width\":1080,\"height\":1350},{\"@type\":\"BreadcrumbList\",\"@id\":\"https:\/\/institutos.ufrrj.br\/icsa\/v-oficina-de-capacitacao-discente\/#breadcrumb\",\"itemListElement\":[{\"@type\":\"ListItem\",\"position\":1,\"name\":\"In\u00edcio\",\"item\":\"https:\/\/institutos.ufrrj.br\/icsa\/\"},{\"@type\":\"ListItem\",\"position\":2,\"name\":\"V Oficina de Capacita\u00e7\u00e3o Discente\"}]},{\"@type\":\"WebSite\",\"@id\":\"https:\/\/institutos.ufrrj.br\/icsa\/#website\",\"url\":\"https:\/\/institutos.ufrrj.br\/icsa\/\",\"name\":\"ICSA\",\"description\":\"Institutos de Ci\u00eancias Sociais Aplicadas\",\"publisher\":{\"@id\":\"https:\/\/institutos.ufrrj.br\/icsa\/#organization\"},\"potentialAction\":[{\"@type\":\"SearchAction\",\"target\":{\"@type\":\"EntryPoint\",\"urlTemplate\":\"https:\/\/institutos.ufrrj.br\/icsa\/?s={search_term_string}\"},\"query-input\":{\"@type\":\"PropertyValueSpecification\",\"valueRequired\":true,\"valueName\":\"search_term_string\"}}],\"inLanguage\":\"pt-BR\"},{\"@type\":\"Organization\",\"@id\":\"https:\/\/institutos.ufrrj.br\/icsa\/#organization\",\"name\":\"ICSA\",\"url\":\"https:\/\/institutos.ufrrj.br\/icsa\/\",\"logo\":{\"@type\":\"ImageObject\",\"inLanguage\":\"pt-BR\",\"@id\":\"https:\/\/institutos.ufrrj.br\/icsa\/#\/schema\/logo\/image\/\",\"url\":\"https:\/\/institutos.ufrrj.br\/icsa\/wp-content\/uploads\/sites\/101\/2023\/10\/logo_icsa_cor_horz_01-4-1.png\",\"contentUrl\":\"https:\/\/institutos.ufrrj.br\/icsa\/wp-content\/uploads\/sites\/101\/2023\/10\/logo_icsa_cor_horz_01-4-1.png\",\"width\":300,\"height\":101,\"caption\":\"ICSA\"},\"image\":{\"@id\":\"https:\/\/institutos.ufrrj.br\/icsa\/#\/schema\/logo\/image\/\"},\"sameAs\":[\"https:\/\/www.facebook.com\/ICSA-189767328193686\/\",\"https:\/\/www.instagram.com\/icsa.ufrrj\/\",\"https:\/\/www.youtube.com\/@icsaufrrj\"]},{\"@type\":\"Person\",\"@id\":\"https:\/\/institutos.ufrrj.br\/icsa\/#\/schema\/person\/4c54eec4916f5066a5e43792ab39599e\",\"name\":\"felipenunes\",\"image\":{\"@type\":\"ImageObject\",\"inLanguage\":\"pt-BR\",\"@id\":\"https:\/\/institutos.ufrrj.br\/icsa\/#\/schema\/person\/image\/\",\"url\":\"https:\/\/secure.gravatar.com\/avatar\/bfc5379625d7660ea24f811bba98bd9de42c9661786414b5e792ea344612fe11?s=96&d=mm&r=g\",\"contentUrl\":\"https:\/\/secure.gravatar.com\/avatar\/bfc5379625d7660ea24f811bba98bd9de42c9661786414b5e792ea344612fe11?s=96&d=mm&r=g\",\"caption\":\"felipenunes\"},\"description\":\"Chamado - ID: 33444 (Rural - Seropedica), Chamado - ID: 37181 (Rural - Seropedica), Chamado - ID: 39992 (Rural - Seropedica)\",\"url\":\"https:\/\/institutos.ufrrj.br\/icsa\/author\/felipenunes1\/\"}]}<\/script>\n<!-- \/ Yoast SEO plugin. -->","yoast_head_json":{"title":"V Oficina de Capacita\u00e7\u00e3o Discente - ICSA","robots":{"index":"index","follow":"follow","max-snippet":"max-snippet:-1","max-image-preview":"max-image-preview:large","max-video-preview":"max-video-preview:-1"},"canonical":"https:\/\/institutos.ufrrj.br\/icsa\/v-oficina-de-capacitacao-discente\/","og_locale":"pt_BR","og_type":"article","og_title":"V Oficina de Capacita\u00e7\u00e3o Discente - ICSA","og_description":"A Dire\u00e7\u00e3o do ICSA (2023 &#8211; 2027) promover\u00e1, no dia 11 de maio de 2026, a palestra \u201cIntegridade e \u00c9tica ... leia mais","og_url":"https:\/\/institutos.ufrrj.br\/icsa\/v-oficina-de-capacitacao-discente\/","og_site_name":"ICSA","article_publisher":"https:\/\/www.facebook.com\/ICSA-189767328193686\/","article_published_time":"2026-04-29T13:53:40+00:00","article_modified_time":"2026-04-29T13:53:41+00:00","og_image":[{"width":1080,"height":1350,"url":"https:\/\/institutos.ufrrj.br\/icsa\/wp-content\/uploads\/sites\/101\/2026\/04\/WhatsApp-Image-2026-04-29-at-10.40.15.jpeg","type":"image\/jpeg"}],"author":"felipenunes","twitter_card":"summary_large_image","twitter_misc":{"Escrito por":"felipenunes","Est. tempo de leitura":"2 minutos"},"schema":{"@context":"https:\/\/schema.org","@graph":[{"@type":"Article","@id":"https:\/\/institutos.ufrrj.br\/icsa\/v-oficina-de-capacitacao-discente\/#article","isPartOf":{"@id":"https:\/\/institutos.ufrrj.br\/icsa\/v-oficina-de-capacitacao-discente\/"},"author":{"name":"felipenunes","@id":"https:\/\/institutos.ufrrj.br\/icsa\/#\/schema\/person\/4c54eec4916f5066a5e43792ab39599e"},"headline":"V Oficina de Capacita\u00e7\u00e3o Discente","datePublished":"2026-04-29T13:53:40+00:00","dateModified":"2026-04-29T13:53:41+00:00","mainEntityOfPage":{"@id":"https:\/\/institutos.ufrrj.br\/icsa\/v-oficina-de-capacitacao-discente\/"},"wordCount":152,"commentCount":0,"publisher":{"@id":"https:\/\/institutos.ufrrj.br\/icsa\/#organization"},"image":{"@id":"https:\/\/institutos.ufrrj.br\/icsa\/v-oficina-de-capacitacao-discente\/#primaryimage"},"thumbnailUrl":"https:\/\/institutos.ufrrj.br\/icsa\/wp-content\/uploads\/sites\/101\/2026\/04\/WhatsApp-Image-2026-04-29-at-10.40.15.jpeg","articleSection":["Not\u00edcias"],"inLanguage":"pt-BR","potentialAction":[{"@type":"CommentAction","name":"Comment","target":["https:\/\/institutos.ufrrj.br\/icsa\/v-oficina-de-capacitacao-discente\/#respond"]}]},{"@type":"WebPage","@id":"https:\/\/institutos.ufrrj.br\/icsa\/v-oficina-de-capacitacao-discente\/","url":"https:\/\/institutos.ufrrj.br\/icsa\/v-oficina-de-capacitacao-discente\/","name":"V Oficina de Capacita\u00e7\u00e3o Discente - ICSA","isPartOf":{"@id":"https:\/\/institutos.ufrrj.br\/icsa\/#website"},"primaryImageOfPage":{"@id":"https:\/\/institutos.ufrrj.br\/icsa\/v-oficina-de-capacitacao-discente\/#primaryimage"},"image":{"@id":"https:\/\/institutos.ufrrj.br\/icsa\/v-oficina-de-capacitacao-discente\/#primaryimage"},"thumbnailUrl":"https:\/\/institutos.ufrrj.br\/icsa\/wp-content\/uploads\/sites\/101\/2026\/04\/WhatsApp-Image-2026-04-29-at-10.40.15.jpeg","datePublished":"2026-04-29T13:53:40+00:00","dateModified":"2026-04-29T13:53:41+00:00","breadcrumb":{"@id":"https:\/\/institutos.ufrrj.br\/icsa\/v-oficina-de-capacitacao-discente\/#breadcrumb"},"inLanguage":"pt-BR","potentialAction":[{"@type":"ReadAction","target":["https:\/\/institutos.ufrrj.br\/icsa\/v-oficina-de-capacitacao-discente\/"]}]},{"@type":"ImageObject","inLanguage":"pt-BR","@id":"https:\/\/institutos.ufrrj.br\/icsa\/v-oficina-de-capacitacao-discente\/#primaryimage","url":"https:\/\/institutos.ufrrj.br\/icsa\/wp-content\/uploads\/sites\/101\/2026\/04\/WhatsApp-Image-2026-04-29-at-10.40.15.jpeg","contentUrl":"https:\/\/institutos.ufrrj.br\/icsa\/wp-content\/uploads\/sites\/101\/2026\/04\/WhatsApp-Image-2026-04-29-at-10.40.15.jpeg","width":1080,"height":1350},{"@type":"BreadcrumbList","@id":"https:\/\/institutos.ufrrj.br\/icsa\/v-oficina-de-capacitacao-discente\/#breadcrumb","itemListElement":[{"@type":"ListItem","position":1,"name":"In\u00edcio","item":"https:\/\/institutos.ufrrj.br\/icsa\/"},{"@type":"ListItem","position":2,"name":"V Oficina de Capacita\u00e7\u00e3o Discente"}]},{"@type":"WebSite","@id":"https:\/\/institutos.ufrrj.br\/icsa\/#website","url":"https:\/\/institutos.ufrrj.br\/icsa\/","name":"ICSA","description":"Institutos de Ci\u00eancias Sociais Aplicadas","publisher":{"@id":"https:\/\/institutos.ufrrj.br\/icsa\/#organization"},"potentialAction":[{"@type":"SearchAction","target":{"@type":"EntryPoint","urlTemplate":"https:\/\/institutos.ufrrj.br\/icsa\/?s={search_term_string}"},"query-input":{"@type":"PropertyValueSpecification","valueRequired":true,"valueName":"search_term_string"}}],"inLanguage":"pt-BR"},{"@type":"Organization","@id":"https:\/\/institutos.ufrrj.br\/icsa\/#organization","name":"ICSA","url":"https:\/\/institutos.ufrrj.br\/icsa\/","logo":{"@type":"ImageObject","inLanguage":"pt-BR","@id":"https:\/\/institutos.ufrrj.br\/icsa\/#\/schema\/logo\/image\/","url":"https:\/\/institutos.ufrrj.br\/icsa\/wp-content\/uploads\/sites\/101\/2023\/10\/logo_icsa_cor_horz_01-4-1.png","contentUrl":"https:\/\/institutos.ufrrj.br\/icsa\/wp-content\/uploads\/sites\/101\/2023\/10\/logo_icsa_cor_horz_01-4-1.png","width":300,"height":101,"caption":"ICSA"},"image":{"@id":"https:\/\/institutos.ufrrj.br\/icsa\/#\/schema\/logo\/image\/"},"sameAs":["https:\/\/www.facebook.com\/ICSA-189767328193686\/","https:\/\/www.instagram.com\/icsa.ufrrj\/","https:\/\/www.youtube.com\/@icsaufrrj"]},{"@type":"Person","@id":"https:\/\/institutos.ufrrj.br\/icsa\/#\/schema\/person\/4c54eec4916f5066a5e43792ab39599e","name":"felipenunes","image":{"@type":"ImageObject","inLanguage":"pt-BR","@id":"https:\/\/institutos.ufrrj.br\/icsa\/#\/schema\/person\/image\/","url":"https:\/\/secure.gravatar.com\/avatar\/bfc5379625d7660ea24f811bba98bd9de42c9661786414b5e792ea344612fe11?s=96&d=mm&r=g","contentUrl":"https:\/\/secure.gravatar.com\/avatar\/bfc5379625d7660ea24f811bba98bd9de42c9661786414b5e792ea344612fe11?s=96&d=mm&r=g","caption":"felipenunes"},"description":"Chamado - ID: 33444 (Rural - Seropedica), Chamado - ID: 37181 (Rural - Seropedica), Chamado - ID: 39992 (Rural - Seropedica)","url":"https:\/\/institutos.ufrrj.br\/icsa\/author\/felipenunes1\/"}]}},"_links":{"self":[{"href":"https:\/\/institutos.ufrrj.br\/icsa\/wp-json\/wp\/v2\/posts\/9852","targetHints":{"allow":["GET"]}}],"collection":[{"href":"https:\/\/institutos.ufrrj.br\/icsa\/wp-json\/wp\/v2\/posts"}],"about":[{"href":"https:\/\/institutos.ufrrj.br\/icsa\/wp-json\/wp\/v2\/types\/post"}],"author":[{"embeddable":true,"href":"https:\/\/institutos.ufrrj.br\/icsa\/wp-json\/wp\/v2\/users\/89"}],"replies":[{"embeddable":true,"href":"https:\/\/institutos.ufrrj.br\/icsa\/wp-json\/wp\/v2\/comments?post=9852"}],"version-history":[{"count":1,"href":"https:\/\/institutos.ufrrj.br\/icsa\/wp-json\/wp\/v2\/posts\/9852\/revisions"}],"predecessor-version":[{"id":9854,"href":"https:\/\/institutos.ufrrj.br\/icsa\/wp-json\/wp\/v2\/posts\/9852\/revisions\/9854"}],"wp:featuredmedia":[{"embeddable":true,"href":"https:\/\/institutos.ufrrj.br\/icsa\/wp-json\/wp\/v2\/media\/9853"}],"wp:attachment":[{"href":"https:\/\/institutos.ufrrj.br\/icsa\/wp-json\/wp\/v2\/media?parent=9852"}],"wp:term":[{"taxonomy":"category","embeddable":true,"href":"https:\/\/institutos.ufrrj.br\/icsa\/wp-json\/wp\/v2\/categories?post=9852"},{"taxonomy":"post_tag","embeddable":true,"href":"https:\/\/institutos.ufrrj.br\/icsa\/wp-json\/wp\/v2\/tags?post=9852"}],"curies":[{"name":"wp","href":"https:\/\/api.w.org\/{rel}","templated":true}]}}