{"id":655,"date":"2026-09-03T16:31:05","date_gmt":"2026-09-03T19:31:05","guid":{"rendered":"https:\/\/institutos.ufrrj.br\/ie\/?p=655"},"modified":"2026-09-03T16:34:13","modified_gmt":"2026-09-03T19:34:13","slug":"resultado-parcial-da-selecao-de-monitores-edital-02-2026-chamada-da-alternancia-nos-territorios-da-educacao-do-campoprojetos-discentes-nos-territorios-da-alternancia-e-monitoriade-acompanhamento-pe","status":"publish","type":"post","link":"https:\/\/institutos.ufrrj.br\/ie\/resultado-parcial-da-selecao-de-monitores-edital-02-2026-chamada-da-alternancia-nos-territorios-da-educacao-do-campoprojetos-discentes-nos-territorios-da-alternancia-e-monitoriade-acompanhamento-pe\/","title":{"rendered":"Resultado Parcial da Sele\u00e7\u00e3o de monitores ! EDITAL 02\/2026 CHAMADA DA ALTERN\u00c2NCIA NOS TERRIT\u00d3RIOS DA EDUCA\u00c7\u00c3O DO CAMPO:PROJETOS DISCENTES NOS TERRIT\u00d3RIOS DA ALTERN\u00c2NCIA E MONITORIADE ACOMPANHAMENTO PEDAG\u00d3GICO &#8211; 2026.2"},"content":{"rendered":"\n<div data-wp-interactive=\"core\/file\" class=\"wp-block-file\"><object data-wp-bind--hidden=\"!state.hasPdfPreview\" hidden class=\"wp-block-file__embed\" data=\"https:\/\/institutos.ufrrj.br\/ie\/wp-content\/uploads\/sites\/104\/2026\/08\/Edital-chamada-projetos-da-altenancia-2026.2.docx-6.pdf\" type=\"application\/pdf\" style=\"width:100%;height:600px\" aria-label=\"Incorporado de Edital-chamada-projetos-da-alten\u00e2ncia 2026.2.docx.\"><\/object><a id=\"wp-block-file--media-9e3a32af-9f1e-4e4b-9064-6cdcb69af2e8\" href=\"https:\/\/institutos.ufrrj.br\/ie\/wp-content\/uploads\/sites\/104\/2026\/08\/Edital-chamada-projetos-da-altenancia-2026.2.docx-6.pdf\">Edital-chamada-projetos-da-alten\u00e2ncia 2026.2.docx<\/a><a href=\"https:\/\/institutos.ufrrj.br\/ie\/wp-content\/uploads\/sites\/104\/2026\/08\/Edital-chamada-projetos-da-altenancia-2026.2.docx-6.pdf\" class=\"wp-block-file__button wp-element-button\" download aria-describedby=\"wp-block-file--media-9e3a32af-9f1e-4e4b-9064-6cdcb69af2e8\">Baixar<\/a><\/div>\n\n\n\n<p class=\"has-text-align-center\">MINIST\u00c9RIO DA EDUCA\u00c7\u00c3O<\/p>\n\n\n\n<p class=\"has-text-align-center\">UNIVERSIDADE FEDERAL RURAL DO RIO DE JANEIRO<\/p>\n\n\n\n<p class=\"has-text-align-center\">INSTITUTO DE EDUCA\u00c7\u00c3O<\/p>\n\n\n\n<p>COORDENA\u00c7\u00c3O DA LICENCIATURA EM EDUCA\u00c7\u00c3O DO CAMPO<\/p>\n\n\n\n<p>EDITAL 02\/2026 <\/p>\n\n\n\n<p>CHAMADA DA ALTERN\u00c2NCIA NOS TERRIT\u00d3RIOS DA EDUCA\u00c7\u00c3O DO CAMPO:PROJETOS DISCENTES NOS TERRIT\u00d3RIOS DA ALTERN\u00c2NCIA E MONITORIADE ACOMPANHAMENTO PEDAG\u00d3GICO &#8211; 2026.2<\/p>\n\n\n\n<p>O Instituto de Educa\u00e7\u00e3o da Universidade Federal Rural do Rio de Janeiro (UFRRJ)torna p\u00fablico, por meio deste edital, a abertura das inscri\u00e7\u00f5es para a concess\u00e3o deaux\u00edlio pedag\u00f3gico e financeiro a discentes do curso de Licenciatura em Educa\u00e7\u00e3o doCampo (LEC). A iniciativa constitui uma proposta pedag\u00f3gica no \u00e2mbito do Projeto deForma\u00e7\u00e3o por Altern\u00e2ncia do Tempo Comunidade UFRRJ.Os discentes do curso poder\u00e3o realizar a\u00e7\u00f5es socioeducativas em seus territ\u00f3rios pormeio de:1. \u201cProjetos da Altern\u00e2ncia nos Territ\u00f3rios da Educa\u00e7\u00e3o do Campo\u201d,desenvolvidos durante o Tempo Comunidade nas escolas do campo;<\/p>\n\n\n\n<p>2. Monitoria discente (LEC-UFRRJ), com a sele\u00e7\u00e3o de estudantes que atuar\u00e3o,sob supervis\u00e3o de docentes, como rede de apoio aos projetos discentes.<\/p>\n\n\n\n<div data-wp-interactive=\"core\/file\" class=\"wp-block-file\"><object data-wp-bind--hidden=\"!state.hasPdfPreview\" hidden class=\"wp-block-file__embed\" data=\"https:\/\/institutos.ufrrj.br\/ie\/wp-content\/uploads\/sites\/104\/2026\/08\/RESULTADO-MONITORES.pdf\" type=\"application\/pdf\" style=\"width:100%;height:600px\" aria-label=\"Incorporado de RESULTADO MONITORES.\"><\/object><a id=\"wp-block-file--media-c24e2bc1-d803-497e-a53a-ac0b4c2c6972\" href=\"https:\/\/institutos.ufrrj.br\/ie\/wp-content\/uploads\/sites\/104\/2026\/08\/RESULTADO-MONITORES.pdf\">RESULTADO MONITORES<\/a><a href=\"https:\/\/institutos.ufrrj.br\/ie\/wp-content\/uploads\/sites\/104\/2026\/08\/RESULTADO-MONITORES.pdf\" class=\"wp-block-file__button wp-element-button\" download aria-describedby=\"wp-block-file--media-c24e2bc1-d803-497e-a53a-ac0b4c2c6972\">Baixar<\/a><\/div>\n\n\n\n<p><\/p>\n","protected":false},"excerpt":{"rendered":"<p>MINIST\u00c9RIO DA EDUCA\u00c7\u00c3O UNIVERSIDADE FEDERAL RURAL DO RIO DE JANEIRO INSTITUTO DE EDUCA\u00c7\u00c3O COORDENA\u00c7\u00c3O DA LICENCIATURA EM EDUCA\u00c7\u00c3O DO CAMPO EDITAL 02\/2026 [&hellip;]<\/p>\n","protected":false},"author":21,"featured_media":0,"comment_status":"open","ping_status":"open","sticky":false,"template":"","format":"standard","meta":{"_acf_changed":false,"_themeisle_gutenberg_block_has_review":false,"footnotes":""},"categories":[3,1],"tags":[],"class_list":["post-655","post","type-post","status-publish","format-standard","hentry","category-noticias","category-sem-categoria"],"acf":[],"yoast_head":"<!-- This site is optimized with the Yoast SEO plugin v26.8 - https:\/\/yoast.com\/product\/yoast-seo-wordpress\/ -->\n<title>Resultado Parcial da Sele\u00e7\u00e3o de monitores ! EDITAL 02\/2026 CHAMADA DA ALTERN\u00c2NCIA NOS TERRIT\u00d3RIOS DA EDUCA\u00c7\u00c3O DO CAMPO:PROJETOS DISCENTES NOS TERRIT\u00d3RIOS DA ALTERN\u00c2NCIA E MONITORIADE ACOMPANHAMENTO PEDAG\u00d3GICO - 2026.2 - Instituto de Educa\u00e7\u00e3o<\/title>\n<meta name=\"robots\" content=\"index, follow, max-snippet:-1, max-image-preview:large, max-video-preview:-1\" \/>\n<link rel=\"canonical\" href=\"https:\/\/institutos.ufrrj.br\/ie\/resultado-parcial-da-selecao-de-monitores-edital-02-2026-chamada-da-alternancia-nos-territorios-da-educacao-do-campoprojetos-discentes-nos-territorios-da-alternancia-e-monitoriade-acompanhamento-pe\/\" \/>\n<meta property=\"og:locale\" content=\"pt_BR\" \/>\n<meta property=\"og:type\" content=\"article\" \/>\n<meta property=\"og:title\" content=\"Resultado Parcial da Sele\u00e7\u00e3o de monitores ! EDITAL 02\/2026 CHAMADA DA ALTERN\u00c2NCIA NOS TERRIT\u00d3RIOS DA EDUCA\u00c7\u00c3O DO CAMPO:PROJETOS DISCENTES NOS TERRIT\u00d3RIOS DA ALTERN\u00c2NCIA E MONITORIADE ACOMPANHAMENTO PEDAG\u00d3GICO - 2026.2 - Instituto de Educa\u00e7\u00e3o\" \/>\n<meta property=\"og:description\" content=\"MINIST\u00c9RIO DA EDUCA\u00c7\u00c3O UNIVERSIDADE FEDERAL RURAL DO RIO DE JANEIRO INSTITUTO DE EDUCA\u00c7\u00c3O COORDENA\u00c7\u00c3O DA LICENCIATURA EM EDUCA\u00c7\u00c3O DO CAMPO EDITAL 02\/2026 [&hellip;]\" \/>\n<meta property=\"og:url\" content=\"https:\/\/institutos.ufrrj.br\/ie\/resultado-parcial-da-selecao-de-monitores-edital-02-2026-chamada-da-alternancia-nos-territorios-da-educacao-do-campoprojetos-discentes-nos-territorios-da-alternancia-e-monitoriade-acompanhamento-pe\/\" \/>\n<meta property=\"og:site_name\" content=\"Instituto de Educa\u00e7\u00e3o\" \/>\n<meta property=\"article:published_time\" content=\"2026-09-03T19:31:05+00:00\" \/>\n<meta property=\"article:modified_time\" content=\"2026-09-03T19:34:13+00:00\" \/>\n<meta name=\"author\" content=\"dnaiff\" \/>\n<meta name=\"twitter:card\" content=\"summary_large_image\" \/>\n<meta name=\"twitter:label1\" content=\"Escrito por\" \/>\n\t<meta name=\"twitter:data1\" content=\"dnaiff\" \/>\n\t<meta name=\"twitter:label2\" content=\"Est. tempo de leitura\" \/>\n\t<meta name=\"twitter:data2\" content=\"1 minuto\" \/>\n<script type=\"application\/ld+json\" class=\"yoast-schema-graph\">{\"@context\":\"https:\/\/schema.org\",\"@graph\":[{\"@type\":\"Article\",\"@id\":\"https:\/\/institutos.ufrrj.br\/ie\/resultado-parcial-da-selecao-de-monitores-edital-02-2026-chamada-da-alternancia-nos-territorios-da-educacao-do-campoprojetos-discentes-nos-territorios-da-alternancia-e-monitoriade-acompanhamento-pe\/#article\",\"isPartOf\":{\"@id\":\"https:\/\/institutos.ufrrj.br\/ie\/resultado-parcial-da-selecao-de-monitores-edital-02-2026-chamada-da-alternancia-nos-territorios-da-educacao-do-campoprojetos-discentes-nos-territorios-da-alternancia-e-monitoriade-acompanhamento-pe\/\"},\"author\":{\"name\":\"dnaiff\",\"@id\":\"https:\/\/institutos.ufrrj.br\/ie\/#\/schema\/person\/8daaf3ec46a4577d9515b4ad06904a2a\"},\"headline\":\"Resultado Parcial da Sele\u00e7\u00e3o de monitores ! EDITAL 02\/2026 CHAMADA DA ALTERN\u00c2NCIA NOS TERRIT\u00d3RIOS DA EDUCA\u00c7\u00c3O DO CAMPO:PROJETOS DISCENTES NOS TERRIT\u00d3RIOS DA ALTERN\u00c2NCIA E MONITORIADE ACOMPANHAMENTO PEDAG\u00d3GICO &#8211; 2026.2\",\"datePublished\":\"2026-09-03T19:31:05+00:00\",\"dateModified\":\"2026-09-03T19:34:13+00:00\",\"mainEntityOfPage\":{\"@id\":\"https:\/\/institutos.ufrrj.br\/ie\/resultado-parcial-da-selecao-de-monitores-edital-02-2026-chamada-da-alternancia-nos-territorios-da-educacao-do-campoprojetos-discentes-nos-territorios-da-alternancia-e-monitoriade-acompanhamento-pe\/\"},\"wordCount\":221,\"commentCount\":0,\"publisher\":{\"@id\":\"https:\/\/institutos.ufrrj.br\/ie\/#organization\"},\"articleSection\":[\"Not\u00edcias\"],\"inLanguage\":\"pt-BR\",\"potentialAction\":[{\"@type\":\"CommentAction\",\"name\":\"Comment\",\"target\":[\"https:\/\/institutos.ufrrj.br\/ie\/resultado-parcial-da-selecao-de-monitores-edital-02-2026-chamada-da-alternancia-nos-territorios-da-educacao-do-campoprojetos-discentes-nos-territorios-da-alternancia-e-monitoriade-acompanhamento-pe\/#respond\"]}]},{\"@type\":\"WebPage\",\"@id\":\"https:\/\/institutos.ufrrj.br\/ie\/resultado-parcial-da-selecao-de-monitores-edital-02-2026-chamada-da-alternancia-nos-territorios-da-educacao-do-campoprojetos-discentes-nos-territorios-da-alternancia-e-monitoriade-acompanhamento-pe\/\",\"url\":\"https:\/\/institutos.ufrrj.br\/ie\/resultado-parcial-da-selecao-de-monitores-edital-02-2026-chamada-da-alternancia-nos-territorios-da-educacao-do-campoprojetos-discentes-nos-territorios-da-alternancia-e-monitoriade-acompanhamento-pe\/\",\"name\":\"Resultado Parcial da Sele\u00e7\u00e3o de monitores ! EDITAL 02\/2026 CHAMADA DA ALTERN\u00c2NCIA NOS TERRIT\u00d3RIOS DA EDUCA\u00c7\u00c3O DO CAMPO:PROJETOS DISCENTES NOS TERRIT\u00d3RIOS DA ALTERN\u00c2NCIA E MONITORIADE ACOMPANHAMENTO PEDAG\u00d3GICO - 2026.2 - Instituto de Educa\u00e7\u00e3o\",\"isPartOf\":{\"@id\":\"https:\/\/institutos.ufrrj.br\/ie\/#website\"},\"datePublished\":\"2026-09-03T19:31:05+00:00\",\"dateModified\":\"2026-09-03T19:34:13+00:00\",\"breadcrumb\":{\"@id\":\"https:\/\/institutos.ufrrj.br\/ie\/resultado-parcial-da-selecao-de-monitores-edital-02-2026-chamada-da-alternancia-nos-territorios-da-educacao-do-campoprojetos-discentes-nos-territorios-da-alternancia-e-monitoriade-acompanhamento-pe\/#breadcrumb\"},\"inLanguage\":\"pt-BR\",\"potentialAction\":[{\"@type\":\"ReadAction\",\"target\":[\"https:\/\/institutos.ufrrj.br\/ie\/resultado-parcial-da-selecao-de-monitores-edital-02-2026-chamada-da-alternancia-nos-territorios-da-educacao-do-campoprojetos-discentes-nos-territorios-da-alternancia-e-monitoriade-acompanhamento-pe\/\"]}]},{\"@type\":\"BreadcrumbList\",\"@id\":\"https:\/\/institutos.ufrrj.br\/ie\/resultado-parcial-da-selecao-de-monitores-edital-02-2026-chamada-da-alternancia-nos-territorios-da-educacao-do-campoprojetos-discentes-nos-territorios-da-alternancia-e-monitoriade-acompanhamento-pe\/#breadcrumb\",\"itemListElement\":[{\"@type\":\"ListItem\",\"position\":1,\"name\":\"In\u00edcio\",\"item\":\"https:\/\/institutos.ufrrj.br\/ie\/\"},{\"@type\":\"ListItem\",\"position\":2,\"name\":\"Resultado Parcial da Sele\u00e7\u00e3o de monitores ! EDITAL 02\/2026 CHAMADA DA ALTERN\u00c2NCIA NOS TERRIT\u00d3RIOS DA EDUCA\u00c7\u00c3O DO CAMPO:PROJETOS DISCENTES NOS TERRIT\u00d3RIOS DA ALTERN\u00c2NCIA E MONITORIADE ACOMPANHAMENTO PEDAG\u00d3GICO &#8211; 2026.2\"}]},{\"@type\":\"WebSite\",\"@id\":\"https:\/\/institutos.ufrrj.br\/ie\/#website\",\"url\":\"https:\/\/institutos.ufrrj.br\/ie\/\",\"name\":\"Instituto de Educa\u00e7\u00e3o\",\"description\":\"CAMPUS SEROP\u00c9DICA \u2013 UFRRJ\",\"publisher\":{\"@id\":\"https:\/\/institutos.ufrrj.br\/ie\/#organization\"},\"potentialAction\":[{\"@type\":\"SearchAction\",\"target\":{\"@type\":\"EntryPoint\",\"urlTemplate\":\"https:\/\/institutos.ufrrj.br\/ie\/?s={search_term_string}\"},\"query-input\":{\"@type\":\"PropertyValueSpecification\",\"valueRequired\":true,\"valueName\":\"search_term_string\"}}],\"inLanguage\":\"pt-BR\"},{\"@type\":\"Organization\",\"@id\":\"https:\/\/institutos.ufrrj.br\/ie\/#organization\",\"name\":\"UFRRJ - Universidade Federal Rural do Rio de Janeiro\",\"url\":\"https:\/\/institutos.ufrrj.br\/ie\/\",\"logo\":{\"@type\":\"ImageObject\",\"inLanguage\":\"pt-BR\",\"@id\":\"https:\/\/institutos.ufrrj.br\/ie\/#\/schema\/logo\/image\/\",\"url\":\"https:\/\/institutos.ufrrj.br\/ie\/wp-content\/uploads\/sites\/104\/2023\/06\/logo_ie.png\",\"contentUrl\":\"https:\/\/institutos.ufrrj.br\/ie\/wp-content\/uploads\/sites\/104\/2023\/06\/logo_ie.png\",\"width\":500,\"height\":110,\"caption\":\"UFRRJ - Universidade Federal Rural do Rio de Janeiro\"},\"image\":{\"@id\":\"https:\/\/institutos.ufrrj.br\/ie\/#\/schema\/logo\/image\/\"}},{\"@type\":\"Person\",\"@id\":\"https:\/\/institutos.ufrrj.br\/ie\/#\/schema\/person\/8daaf3ec46a4577d9515b4ad06904a2a\",\"name\":\"dnaiff\",\"image\":{\"@type\":\"ImageObject\",\"inLanguage\":\"pt-BR\",\"@id\":\"https:\/\/institutos.ufrrj.br\/ie\/#\/schema\/person\/image\/\",\"url\":\"https:\/\/secure.gravatar.com\/avatar\/91ee05d108addd9c317e97b8defee63fe2930aad92216ce93d44224119fda57e?s=96&d=mm&r=g\",\"contentUrl\":\"https:\/\/secure.gravatar.com\/avatar\/91ee05d108addd9c317e97b8defee63fe2930aad92216ce93d44224119fda57e?s=96&d=mm&r=g\",\"caption\":\"dnaiff\"},\"url\":\"https:\/\/institutos.ufrrj.br\/ie\/author\/denis-naiff\/\"}]}<\/script>\n<!-- \/ Yoast SEO plugin. -->","yoast_head_json":{"title":"Resultado Parcial da Sele\u00e7\u00e3o de monitores ! EDITAL 02\/2026 CHAMADA DA ALTERN\u00c2NCIA NOS TERRIT\u00d3RIOS DA EDUCA\u00c7\u00c3O DO CAMPO:PROJETOS DISCENTES NOS TERRIT\u00d3RIOS DA ALTERN\u00c2NCIA E MONITORIADE ACOMPANHAMENTO PEDAG\u00d3GICO - 2026.2 - Instituto de Educa\u00e7\u00e3o","robots":{"index":"index","follow":"follow","max-snippet":"max-snippet:-1","max-image-preview":"max-image-preview:large","max-video-preview":"max-video-preview:-1"},"canonical":"https:\/\/institutos.ufrrj.br\/ie\/resultado-parcial-da-selecao-de-monitores-edital-02-2026-chamada-da-alternancia-nos-territorios-da-educacao-do-campoprojetos-discentes-nos-territorios-da-alternancia-e-monitoriade-acompanhamento-pe\/","og_locale":"pt_BR","og_type":"article","og_title":"Resultado Parcial da Sele\u00e7\u00e3o de monitores ! EDITAL 02\/2026 CHAMADA DA ALTERN\u00c2NCIA NOS TERRIT\u00d3RIOS DA EDUCA\u00c7\u00c3O DO CAMPO:PROJETOS DISCENTES NOS TERRIT\u00d3RIOS DA ALTERN\u00c2NCIA E MONITORIADE ACOMPANHAMENTO PEDAG\u00d3GICO - 2026.2 - Instituto de Educa\u00e7\u00e3o","og_description":"MINIST\u00c9RIO DA EDUCA\u00c7\u00c3O UNIVERSIDADE FEDERAL RURAL DO RIO DE JANEIRO INSTITUTO DE EDUCA\u00c7\u00c3O COORDENA\u00c7\u00c3O DA LICENCIATURA EM EDUCA\u00c7\u00c3O DO CAMPO EDITAL 02\/2026 [&hellip;]","og_url":"https:\/\/institutos.ufrrj.br\/ie\/resultado-parcial-da-selecao-de-monitores-edital-02-2026-chamada-da-alternancia-nos-territorios-da-educacao-do-campoprojetos-discentes-nos-territorios-da-alternancia-e-monitoriade-acompanhamento-pe\/","og_site_name":"Instituto de Educa\u00e7\u00e3o","article_published_time":"2026-09-03T19:31:05+00:00","article_modified_time":"2026-09-03T19:34:13+00:00","author":"dnaiff","twitter_card":"summary_large_image","twitter_misc":{"Escrito por":"dnaiff","Est. tempo de leitura":"1 minuto"},"schema":{"@context":"https:\/\/schema.org","@graph":[{"@type":"Article","@id":"https:\/\/institutos.ufrrj.br\/ie\/resultado-parcial-da-selecao-de-monitores-edital-02-2026-chamada-da-alternancia-nos-territorios-da-educacao-do-campoprojetos-discentes-nos-territorios-da-alternancia-e-monitoriade-acompanhamento-pe\/#article","isPartOf":{"@id":"https:\/\/institutos.ufrrj.br\/ie\/resultado-parcial-da-selecao-de-monitores-edital-02-2026-chamada-da-alternancia-nos-territorios-da-educacao-do-campoprojetos-discentes-nos-territorios-da-alternancia-e-monitoriade-acompanhamento-pe\/"},"author":{"name":"dnaiff","@id":"https:\/\/institutos.ufrrj.br\/ie\/#\/schema\/person\/8daaf3ec46a4577d9515b4ad06904a2a"},"headline":"Resultado Parcial da Sele\u00e7\u00e3o de monitores ! EDITAL 02\/2026 CHAMADA DA ALTERN\u00c2NCIA NOS TERRIT\u00d3RIOS DA EDUCA\u00c7\u00c3O DO CAMPO:PROJETOS DISCENTES NOS TERRIT\u00d3RIOS DA ALTERN\u00c2NCIA E MONITORIADE ACOMPANHAMENTO PEDAG\u00d3GICO &#8211; 2026.2","datePublished":"2026-09-03T19:31:05+00:00","dateModified":"2026-09-03T19:34:13+00:00","mainEntityOfPage":{"@id":"https:\/\/institutos.ufrrj.br\/ie\/resultado-parcial-da-selecao-de-monitores-edital-02-2026-chamada-da-alternancia-nos-territorios-da-educacao-do-campoprojetos-discentes-nos-territorios-da-alternancia-e-monitoriade-acompanhamento-pe\/"},"wordCount":221,"commentCount":0,"publisher":{"@id":"https:\/\/institutos.ufrrj.br\/ie\/#organization"},"articleSection":["Not\u00edcias"],"inLanguage":"pt-BR","potentialAction":[{"@type":"CommentAction","name":"Comment","target":["https:\/\/institutos.ufrrj.br\/ie\/resultado-parcial-da-selecao-de-monitores-edital-02-2026-chamada-da-alternancia-nos-territorios-da-educacao-do-campoprojetos-discentes-nos-territorios-da-alternancia-e-monitoriade-acompanhamento-pe\/#respond"]}]},{"@type":"WebPage","@id":"https:\/\/institutos.ufrrj.br\/ie\/resultado-parcial-da-selecao-de-monitores-edital-02-2026-chamada-da-alternancia-nos-territorios-da-educacao-do-campoprojetos-discentes-nos-territorios-da-alternancia-e-monitoriade-acompanhamento-pe\/","url":"https:\/\/institutos.ufrrj.br\/ie\/resultado-parcial-da-selecao-de-monitores-edital-02-2026-chamada-da-alternancia-nos-territorios-da-educacao-do-campoprojetos-discentes-nos-territorios-da-alternancia-e-monitoriade-acompanhamento-pe\/","name":"Resultado Parcial da Sele\u00e7\u00e3o de monitores ! EDITAL 02\/2026 CHAMADA DA ALTERN\u00c2NCIA NOS TERRIT\u00d3RIOS DA EDUCA\u00c7\u00c3O DO CAMPO:PROJETOS DISCENTES NOS TERRIT\u00d3RIOS DA ALTERN\u00c2NCIA E MONITORIADE ACOMPANHAMENTO PEDAG\u00d3GICO - 2026.2 - Instituto de Educa\u00e7\u00e3o","isPartOf":{"@id":"https:\/\/institutos.ufrrj.br\/ie\/#website"},"datePublished":"2026-09-03T19:31:05+00:00","dateModified":"2026-09-03T19:34:13+00:00","breadcrumb":{"@id":"https:\/\/institutos.ufrrj.br\/ie\/resultado-parcial-da-selecao-de-monitores-edital-02-2026-chamada-da-alternancia-nos-territorios-da-educacao-do-campoprojetos-discentes-nos-territorios-da-alternancia-e-monitoriade-acompanhamento-pe\/#breadcrumb"},"inLanguage":"pt-BR","potentialAction":[{"@type":"ReadAction","target":["https:\/\/institutos.ufrrj.br\/ie\/resultado-parcial-da-selecao-de-monitores-edital-02-2026-chamada-da-alternancia-nos-territorios-da-educacao-do-campoprojetos-discentes-nos-territorios-da-alternancia-e-monitoriade-acompanhamento-pe\/"]}]},{"@type":"BreadcrumbList","@id":"https:\/\/institutos.ufrrj.br\/ie\/resultado-parcial-da-selecao-de-monitores-edital-02-2026-chamada-da-alternancia-nos-territorios-da-educacao-do-campoprojetos-discentes-nos-territorios-da-alternancia-e-monitoriade-acompanhamento-pe\/#breadcrumb","itemListElement":[{"@type":"ListItem","position":1,"name":"In\u00edcio","item":"https:\/\/institutos.ufrrj.br\/ie\/"},{"@type":"ListItem","position":2,"name":"Resultado Parcial da Sele\u00e7\u00e3o de monitores ! EDITAL 02\/2026 CHAMADA DA ALTERN\u00c2NCIA NOS TERRIT\u00d3RIOS DA EDUCA\u00c7\u00c3O DO CAMPO:PROJETOS DISCENTES NOS TERRIT\u00d3RIOS DA ALTERN\u00c2NCIA E MONITORIADE ACOMPANHAMENTO PEDAG\u00d3GICO &#8211; 2026.2"}]},{"@type":"WebSite","@id":"https:\/\/institutos.ufrrj.br\/ie\/#website","url":"https:\/\/institutos.ufrrj.br\/ie\/","name":"Instituto de Educa\u00e7\u00e3o","description":"CAMPUS SEROP\u00c9DICA \u2013 UFRRJ","publisher":{"@id":"https:\/\/institutos.ufrrj.br\/ie\/#organization"},"potentialAction":[{"@type":"SearchAction","target":{"@type":"EntryPoint","urlTemplate":"https:\/\/institutos.ufrrj.br\/ie\/?s={search_term_string}"},"query-input":{"@type":"PropertyValueSpecification","valueRequired":true,"valueName":"search_term_string"}}],"inLanguage":"pt-BR"},{"@type":"Organization","@id":"https:\/\/institutos.ufrrj.br\/ie\/#organization","name":"UFRRJ - Universidade Federal Rural do Rio de Janeiro","url":"https:\/\/institutos.ufrrj.br\/ie\/","logo":{"@type":"ImageObject","inLanguage":"pt-BR","@id":"https:\/\/institutos.ufrrj.br\/ie\/#\/schema\/logo\/image\/","url":"https:\/\/institutos.ufrrj.br\/ie\/wp-content\/uploads\/sites\/104\/2023\/06\/logo_ie.png","contentUrl":"https:\/\/institutos.ufrrj.br\/ie\/wp-content\/uploads\/sites\/104\/2023\/06\/logo_ie.png","width":500,"height":110,"caption":"UFRRJ - Universidade Federal Rural do Rio de Janeiro"},"image":{"@id":"https:\/\/institutos.ufrrj.br\/ie\/#\/schema\/logo\/image\/"}},{"@type":"Person","@id":"https:\/\/institutos.ufrrj.br\/ie\/#\/schema\/person\/8daaf3ec46a4577d9515b4ad06904a2a","name":"dnaiff","image":{"@type":"ImageObject","inLanguage":"pt-BR","@id":"https:\/\/institutos.ufrrj.br\/ie\/#\/schema\/person\/image\/","url":"https:\/\/secure.gravatar.com\/avatar\/91ee05d108addd9c317e97b8defee63fe2930aad92216ce93d44224119fda57e?s=96&d=mm&r=g","contentUrl":"https:\/\/secure.gravatar.com\/avatar\/91ee05d108addd9c317e97b8defee63fe2930aad92216ce93d44224119fda57e?s=96&d=mm&r=g","caption":"dnaiff"},"url":"https:\/\/institutos.ufrrj.br\/ie\/author\/denis-naiff\/"}]}},"_links":{"self":[{"href":"https:\/\/institutos.ufrrj.br\/ie\/wp-json\/wp\/v2\/posts\/655","targetHints":{"allow":["GET"]}}],"collection":[{"href":"https:\/\/institutos.ufrrj.br\/ie\/wp-json\/wp\/v2\/posts"}],"about":[{"href":"https:\/\/institutos.ufrrj.br\/ie\/wp-json\/wp\/v2\/types\/post"}],"author":[{"embeddable":true,"href":"https:\/\/institutos.ufrrj.br\/ie\/wp-json\/wp\/v2\/users\/21"}],"replies":[{"embeddable":true,"href":"https:\/\/institutos.ufrrj.br\/ie\/wp-json\/wp\/v2\/comments?post=655"}],"version-history":[{"count":1,"href":"https:\/\/institutos.ufrrj.br\/ie\/wp-json\/wp\/v2\/posts\/655\/revisions"}],"predecessor-version":[{"id":672,"href":"https:\/\/institutos.ufrrj.br\/ie\/wp-json\/wp\/v2\/posts\/655\/revisions\/672"}],"wp:attachment":[{"href":"https:\/\/institutos.ufrrj.br\/ie\/wp-json\/wp\/v2\/media?parent=655"}],"wp:term":[{"taxonomy":"category","embeddable":true,"href":"https:\/\/institutos.ufrrj.br\/ie\/wp-json\/wp\/v2\/categories?post=655"},{"taxonomy":"post_tag","embeddable":true,"href":"https:\/\/institutos.ufrrj.br\/ie\/wp-json\/wp\/v2\/tags?post=655"}],"curies":[{"name":"wp","href":"https:\/\/api.w.org\/{rel}","templated":true}]}}