{"id":657,"date":"2026-08-28T09:53:41","date_gmt":"2026-08-28T12:53:41","guid":{"rendered":"https:\/\/institutos.ufrrj.br\/ie\/?p=657"},"modified":"2026-09-01T10:42:44","modified_gmt":"2026-09-01T13:42:44","slug":"edital-02-2026-chamada-da-alternancia-nos-territorios-da-educacao-do-campoprojetos-discentes-nos-territorios-da-alternancia-e-monitoria-de-acompanhamento-pedagogico-2026-2","status":"publish","type":"post","link":"https:\/\/institutos.ufrrj.br\/ie\/edital-02-2026-chamada-da-alternancia-nos-territorios-da-educacao-do-campoprojetos-discentes-nos-territorios-da-alternancia-e-monitoria-de-acompanhamento-pedagogico-2026-2\/","title":{"rendered":"Aten\u00e7\u00e3o Prorroga\u00e7\u00e3o!! EDITAL 02\/2026 CHAMADA DA ALTERN\u00c2NCIA NOS TERRIT\u00d3RIOS DA EDUCA\u00c7\u00c3O DO CAMPO:PROJETOS DISCENTES NOS TERRIT\u00d3RIOS DA ALTERN\u00c2NCIA E MONITORIA DE ACOMPANHAMENTO PEDAG\u00d3GICO &#8211; 2026.2"},"content":{"rendered":"\n<p class=\"has-text-align-center\">MINIST\u00c9RIO DA EDUCA\u00c7\u00c3O<\/p>\n\n\n\n<p class=\"has-text-align-center\">UNIVERSIDADE FEDERAL RURAL DO RIO DE JANEIRO<\/p>\n\n\n\n<p class=\"has-text-align-center\">INSTITUTO DE EDUCA\u00c7\u00c3O<\/p>\n\n\n\n<p class=\"has-text-align-center\">COORDENA\u00c7\u00c3O DA LICENCIATURA EM EDUCA\u00c7\u00c3O DO CAMPO<\/p>\n\n\n\n<p class=\"has-text-align-center\">EDITAL 02\/2026 CHAMADA DA ALTERN\u00c2NCIA NOS TERRIT\u00d3RIOS DA EDUCA\u00c7\u00c3O DO CAMPO:PROJETOS DISCENTES NOS TERRIT\u00d3RIOS DA ALTERN\u00c2NCIA E MONITORIADE ACOMPANHAMENTO PEDAG\u00d3GICO &#8211; 2026.2<\/p>\n\n\n\n<p class=\"has-text-align-left\">O Instituto de Educa\u00e7\u00e3o da Universidade Federal Rural do Rio de Janeiro (UFRRJ)torna p\u00fablico, por meio deste edital, a abertura das inscri\u00e7\u00f5es para a concess\u00e3o deaux\u00edlio pedag\u00f3gico e financeiro a discentes do curso de Licenciatura em Educa\u00e7\u00e3o doCampo (LEC). A iniciativa constitui uma proposta pedag\u00f3gica no \u00e2mbito do Projeto de Forma\u00e7\u00e3o por Altern\u00e2ncia do Tempo Comunidade UFRRJ.<\/p>\n\n\n\n<p class=\"has-text-align-left\">Os discentes do curso poder\u00e3o realizar a\u00e7\u00f5es socioeducativas em seus territ\u00f3rios pormeio de:1. \u201cProjetos da Altern\u00e2ncia nos Territ\u00f3rios da Educa\u00e7\u00e3o do Campo\u201d,desenvolvidos durante o Tempo Comunidade nas escolas do campo;2. Monitoria discente (LEC-UFRRJ), com a sele\u00e7\u00e3o de estudantes que atuar\u00e3o,sob supervis\u00e3o de docentes, como rede de apoio aos projetos discentes.<\/p>\n\n\n\n<p>Aten\u00e7\u00e3o <\/p>\n\n\n\n<p>PRORROGA\u00c7\u00c3O DO PRAZO DE INSCRI\u00c7\u00d5ES. Informamos que o prazo para inscri\u00e7\u00f5es no EDITAL 02\/2026 \u2013 CHAMADA DA ALTERN\u00c2NCIA NOS TERRIT\u00d3RIOS DA EDUCA\u00c7\u00c3O DO CAMPO \u2013 2026.2 foi prorrogado at\u00e9 o dia 01 de setembro de 2026.Os interessados em participar como Monitores-Formadores dever\u00e3o realizar sua inscri\u00e7\u00e3o dentro do novo prazo estabelecido.Aten\u00e7\u00e3o: o prazo encerra-se hoje, 01\/09\/2026.<\/p>\n\n\n\n<div data-wp-interactive=\"core\/file\" class=\"wp-block-file\"><object data-wp-bind--hidden=\"!state.hasPdfPreview\" hidden class=\"wp-block-file__embed\" data=\"https:\/\/institutos.ufrrj.br\/ie\/wp-content\/uploads\/sites\/104\/2026\/08\/Edital-chamada-projetos-da-altenancia-2026.2.docx-1-1.pdf\" type=\"application\/pdf\" style=\"width:100%;height:600px\" aria-label=\"Incorporado de Edital-chamada-projetos-da-alten\u00e2ncia 2026.2.docx-1.\"><\/object><a id=\"wp-block-file--media-efcdbb93-c89b-4f07-b8e9-5ba0a78c1492\" href=\"https:\/\/institutos.ufrrj.br\/ie\/wp-content\/uploads\/sites\/104\/2026\/08\/Edital-chamada-projetos-da-altenancia-2026.2.docx-1-1.pdf\">Edital-chamada-projetos-da-alten\u00e2ncia 2026.2.docx-1<\/a><a href=\"https:\/\/institutos.ufrrj.br\/ie\/wp-content\/uploads\/sites\/104\/2026\/08\/Edital-chamada-projetos-da-altenancia-2026.2.docx-1-1.pdf\" class=\"wp-block-file__button wp-element-button\" download aria-describedby=\"wp-block-file--media-efcdbb93-c89b-4f07-b8e9-5ba0a78c1492\">Baixar<\/a><\/div>\n\n\n\n\n\n\n","protected":false},"excerpt":{"rendered":"<p>MINIST\u00c9RIO DA EDUCA\u00c7\u00c3O UNIVERSIDADE FEDERAL RURAL DO RIO DE JANEIRO INSTITUTO DE EDUCA\u00c7\u00c3O COORDENA\u00c7\u00c3O DA LICENCIATURA EM EDUCA\u00c7\u00c3O DO CAMPO EDITAL 02\/2026 [&hellip;]<\/p>\n","protected":false},"author":21,"featured_media":660,"comment_status":"open","ping_status":"open","sticky":false,"template":"","format":"standard","meta":{"_acf_changed":false,"_themeisle_gutenberg_block_has_review":false,"footnotes":""},"categories":[3,1],"tags":[],"class_list":["post-657","post","type-post","status-publish","format-standard","has-post-thumbnail","hentry","category-noticias","category-sem-categoria"],"acf":[],"yoast_head":"<!-- This site is optimized with the Yoast SEO plugin v26.8 - https:\/\/yoast.com\/product\/yoast-seo-wordpress\/ -->\n<title>Aten\u00e7\u00e3o Prorroga\u00e7\u00e3o!! EDITAL 02\/2026 CHAMADA DA ALTERN\u00c2NCIA NOS TERRIT\u00d3RIOS DA EDUCA\u00c7\u00c3O DO CAMPO:PROJETOS DISCENTES NOS TERRIT\u00d3RIOS DA ALTERN\u00c2NCIA E MONITORIA DE ACOMPANHAMENTO PEDAG\u00d3GICO - 2026.2 - Instituto de Educa\u00e7\u00e3o<\/title>\n<meta name=\"robots\" content=\"index, follow, max-snippet:-1, max-image-preview:large, max-video-preview:-1\" \/>\n<link rel=\"canonical\" href=\"https:\/\/institutos.ufrrj.br\/ie\/edital-02-2026-chamada-da-alternancia-nos-territorios-da-educacao-do-campoprojetos-discentes-nos-territorios-da-alternancia-e-monitoria-de-acompanhamento-pedagogico-2026-2\/\" \/>\n<meta property=\"og:locale\" content=\"pt_BR\" \/>\n<meta property=\"og:type\" content=\"article\" \/>\n<meta property=\"og:title\" content=\"Aten\u00e7\u00e3o Prorroga\u00e7\u00e3o!! EDITAL 02\/2026 CHAMADA DA ALTERN\u00c2NCIA NOS TERRIT\u00d3RIOS DA EDUCA\u00c7\u00c3O DO CAMPO:PROJETOS DISCENTES NOS TERRIT\u00d3RIOS DA ALTERN\u00c2NCIA E MONITORIA DE ACOMPANHAMENTO PEDAG\u00d3GICO - 2026.2 - Instituto de Educa\u00e7\u00e3o\" \/>\n<meta property=\"og:description\" content=\"MINIST\u00c9RIO DA EDUCA\u00c7\u00c3O UNIVERSIDADE FEDERAL RURAL DO RIO DE JANEIRO INSTITUTO DE EDUCA\u00c7\u00c3O COORDENA\u00c7\u00c3O DA LICENCIATURA EM EDUCA\u00c7\u00c3O DO CAMPO EDITAL 02\/2026 [&hellip;]\" \/>\n<meta property=\"og:url\" content=\"https:\/\/institutos.ufrrj.br\/ie\/edital-02-2026-chamada-da-alternancia-nos-territorios-da-educacao-do-campoprojetos-discentes-nos-territorios-da-alternancia-e-monitoria-de-acompanhamento-pedagogico-2026-2\/\" \/>\n<meta property=\"og:site_name\" content=\"Instituto de Educa\u00e7\u00e3o\" \/>\n<meta property=\"article:published_time\" content=\"2026-08-28T12:53:41+00:00\" \/>\n<meta property=\"article:modified_time\" content=\"2026-09-01T13:42:44+00:00\" \/>\n<meta property=\"og:image\" content=\"https:\/\/institutos.ufrrj.br\/ie\/wp-content\/uploads\/sites\/104\/2026\/08\/foto-site-1-2-300x1692-1.jpeg\" \/>\n\t<meta property=\"og:image:width\" content=\"300\" \/>\n\t<meta property=\"og:image:height\" content=\"169\" \/>\n\t<meta property=\"og:image:type\" content=\"image\/jpeg\" \/>\n<meta name=\"author\" content=\"dnaiff\" \/>\n<meta name=\"twitter:card\" content=\"summary_large_image\" \/>\n<meta name=\"twitter:label1\" content=\"Escrito por\" \/>\n\t<meta name=\"twitter:data1\" content=\"dnaiff\" \/>\n\t<meta name=\"twitter:label2\" content=\"Est. tempo de leitura\" \/>\n\t<meta name=\"twitter:data2\" content=\"1 minuto\" \/>\n<script type=\"application\/ld+json\" class=\"yoast-schema-graph\">{\"@context\":\"https:\/\/schema.org\",\"@graph\":[{\"@type\":\"Article\",\"@id\":\"https:\/\/institutos.ufrrj.br\/ie\/edital-02-2026-chamada-da-alternancia-nos-territorios-da-educacao-do-campoprojetos-discentes-nos-territorios-da-alternancia-e-monitoria-de-acompanhamento-pedagogico-2026-2\/#article\",\"isPartOf\":{\"@id\":\"https:\/\/institutos.ufrrj.br\/ie\/edital-02-2026-chamada-da-alternancia-nos-territorios-da-educacao-do-campoprojetos-discentes-nos-territorios-da-alternancia-e-monitoria-de-acompanhamento-pedagogico-2026-2\/\"},\"author\":{\"name\":\"dnaiff\",\"@id\":\"https:\/\/institutos.ufrrj.br\/ie\/#\/schema\/person\/8daaf3ec46a4577d9515b4ad06904a2a\"},\"headline\":\"Aten\u00e7\u00e3o Prorroga\u00e7\u00e3o!! EDITAL 02\/2026 CHAMADA DA ALTERN\u00c2NCIA NOS TERRIT\u00d3RIOS DA EDUCA\u00c7\u00c3O DO CAMPO:PROJETOS DISCENTES NOS TERRIT\u00d3RIOS DA ALTERN\u00c2NCIA E MONITORIA DE ACOMPANHAMENTO PEDAG\u00d3GICO &#8211; 2026.2\",\"datePublished\":\"2026-08-28T12:53:41+00:00\",\"dateModified\":\"2026-09-01T13:42:44+00:00\",\"mainEntityOfPage\":{\"@id\":\"https:\/\/institutos.ufrrj.br\/ie\/edital-02-2026-chamada-da-alternancia-nos-territorios-da-educacao-do-campoprojetos-discentes-nos-territorios-da-alternancia-e-monitoria-de-acompanhamento-pedagogico-2026-2\/\"},\"wordCount\":278,\"commentCount\":0,\"publisher\":{\"@id\":\"https:\/\/institutos.ufrrj.br\/ie\/#organization\"},\"image\":{\"@id\":\"https:\/\/institutos.ufrrj.br\/ie\/edital-02-2026-chamada-da-alternancia-nos-territorios-da-educacao-do-campoprojetos-discentes-nos-territorios-da-alternancia-e-monitoria-de-acompanhamento-pedagogico-2026-2\/#primaryimage\"},\"thumbnailUrl\":\"https:\/\/institutos.ufrrj.br\/ie\/wp-content\/uploads\/sites\/104\/2026\/08\/foto-site-1-2-300x1692-1.jpeg\",\"articleSection\":[\"Not\u00edcias\"],\"inLanguage\":\"pt-BR\",\"potentialAction\":[{\"@type\":\"CommentAction\",\"name\":\"Comment\",\"target\":[\"https:\/\/institutos.ufrrj.br\/ie\/edital-02-2026-chamada-da-alternancia-nos-territorios-da-educacao-do-campoprojetos-discentes-nos-territorios-da-alternancia-e-monitoria-de-acompanhamento-pedagogico-2026-2\/#respond\"]}]},{\"@type\":\"WebPage\",\"@id\":\"https:\/\/institutos.ufrrj.br\/ie\/edital-02-2026-chamada-da-alternancia-nos-territorios-da-educacao-do-campoprojetos-discentes-nos-territorios-da-alternancia-e-monitoria-de-acompanhamento-pedagogico-2026-2\/\",\"url\":\"https:\/\/institutos.ufrrj.br\/ie\/edital-02-2026-chamada-da-alternancia-nos-territorios-da-educacao-do-campoprojetos-discentes-nos-territorios-da-alternancia-e-monitoria-de-acompanhamento-pedagogico-2026-2\/\",\"name\":\"Aten\u00e7\u00e3o Prorroga\u00e7\u00e3o!! EDITAL 02\/2026 CHAMADA DA ALTERN\u00c2NCIA NOS TERRIT\u00d3RIOS DA EDUCA\u00c7\u00c3O DO CAMPO:PROJETOS DISCENTES NOS TERRIT\u00d3RIOS DA ALTERN\u00c2NCIA E MONITORIA DE ACOMPANHAMENTO PEDAG\u00d3GICO - 2026.2 - Instituto de Educa\u00e7\u00e3o\",\"isPartOf\":{\"@id\":\"https:\/\/institutos.ufrrj.br\/ie\/#website\"},\"primaryImageOfPage\":{\"@id\":\"https:\/\/institutos.ufrrj.br\/ie\/edital-02-2026-chamada-da-alternancia-nos-territorios-da-educacao-do-campoprojetos-discentes-nos-territorios-da-alternancia-e-monitoria-de-acompanhamento-pedagogico-2026-2\/#primaryimage\"},\"image\":{\"@id\":\"https:\/\/institutos.ufrrj.br\/ie\/edital-02-2026-chamada-da-alternancia-nos-territorios-da-educacao-do-campoprojetos-discentes-nos-territorios-da-alternancia-e-monitoria-de-acompanhamento-pedagogico-2026-2\/#primaryimage\"},\"thumbnailUrl\":\"https:\/\/institutos.ufrrj.br\/ie\/wp-content\/uploads\/sites\/104\/2026\/08\/foto-site-1-2-300x1692-1.jpeg\",\"datePublished\":\"2026-08-28T12:53:41+00:00\",\"dateModified\":\"2026-09-01T13:42:44+00:00\",\"breadcrumb\":{\"@id\":\"https:\/\/institutos.ufrrj.br\/ie\/edital-02-2026-chamada-da-alternancia-nos-territorios-da-educacao-do-campoprojetos-discentes-nos-territorios-da-alternancia-e-monitoria-de-acompanhamento-pedagogico-2026-2\/#breadcrumb\"},\"inLanguage\":\"pt-BR\",\"potentialAction\":[{\"@type\":\"ReadAction\",\"target\":[\"https:\/\/institutos.ufrrj.br\/ie\/edital-02-2026-chamada-da-alternancia-nos-territorios-da-educacao-do-campoprojetos-discentes-nos-territorios-da-alternancia-e-monitoria-de-acompanhamento-pedagogico-2026-2\/\"]}]},{\"@type\":\"ImageObject\",\"inLanguage\":\"pt-BR\",\"@id\":\"https:\/\/institutos.ufrrj.br\/ie\/edital-02-2026-chamada-da-alternancia-nos-territorios-da-educacao-do-campoprojetos-discentes-nos-territorios-da-alternancia-e-monitoria-de-acompanhamento-pedagogico-2026-2\/#primaryimage\",\"url\":\"https:\/\/institutos.ufrrj.br\/ie\/wp-content\/uploads\/sites\/104\/2026\/08\/foto-site-1-2-300x1692-1.jpeg\",\"contentUrl\":\"https:\/\/institutos.ufrrj.br\/ie\/wp-content\/uploads\/sites\/104\/2026\/08\/foto-site-1-2-300x1692-1.jpeg\",\"width\":300,\"height\":169},{\"@type\":\"BreadcrumbList\",\"@id\":\"https:\/\/institutos.ufrrj.br\/ie\/edital-02-2026-chamada-da-alternancia-nos-territorios-da-educacao-do-campoprojetos-discentes-nos-territorios-da-alternancia-e-monitoria-de-acompanhamento-pedagogico-2026-2\/#breadcrumb\",\"itemListElement\":[{\"@type\":\"ListItem\",\"position\":1,\"name\":\"In\u00edcio\",\"item\":\"https:\/\/institutos.ufrrj.br\/ie\/\"},{\"@type\":\"ListItem\",\"position\":2,\"name\":\"Aten\u00e7\u00e3o Prorroga\u00e7\u00e3o!! EDITAL 02\/2026 CHAMADA DA ALTERN\u00c2NCIA NOS TERRIT\u00d3RIOS DA EDUCA\u00c7\u00c3O DO CAMPO:PROJETOS DISCENTES NOS TERRIT\u00d3RIOS DA ALTERN\u00c2NCIA E MONITORIA DE ACOMPANHAMENTO PEDAG\u00d3GICO &#8211; 2026.2\"}]},{\"@type\":\"WebSite\",\"@id\":\"https:\/\/institutos.ufrrj.br\/ie\/#website\",\"url\":\"https:\/\/institutos.ufrrj.br\/ie\/\",\"name\":\"Instituto de Educa\u00e7\u00e3o\",\"description\":\"CAMPUS SEROP\u00c9DICA \u2013 UFRRJ\",\"publisher\":{\"@id\":\"https:\/\/institutos.ufrrj.br\/ie\/#organization\"},\"potentialAction\":[{\"@type\":\"SearchAction\",\"target\":{\"@type\":\"EntryPoint\",\"urlTemplate\":\"https:\/\/institutos.ufrrj.br\/ie\/?s={search_term_string}\"},\"query-input\":{\"@type\":\"PropertyValueSpecification\",\"valueRequired\":true,\"valueName\":\"search_term_string\"}}],\"inLanguage\":\"pt-BR\"},{\"@type\":\"Organization\",\"@id\":\"https:\/\/institutos.ufrrj.br\/ie\/#organization\",\"name\":\"UFRRJ - Universidade Federal Rural do Rio de Janeiro\",\"url\":\"https:\/\/institutos.ufrrj.br\/ie\/\",\"logo\":{\"@type\":\"ImageObject\",\"inLanguage\":\"pt-BR\",\"@id\":\"https:\/\/institutos.ufrrj.br\/ie\/#\/schema\/logo\/image\/\",\"url\":\"https:\/\/institutos.ufrrj.br\/ie\/wp-content\/uploads\/sites\/104\/2023\/06\/logo_ie.png\",\"contentUrl\":\"https:\/\/institutos.ufrrj.br\/ie\/wp-content\/uploads\/sites\/104\/2023\/06\/logo_ie.png\",\"width\":500,\"height\":110,\"caption\":\"UFRRJ - Universidade Federal Rural do Rio de Janeiro\"},\"image\":{\"@id\":\"https:\/\/institutos.ufrrj.br\/ie\/#\/schema\/logo\/image\/\"}},{\"@type\":\"Person\",\"@id\":\"https:\/\/institutos.ufrrj.br\/ie\/#\/schema\/person\/8daaf3ec46a4577d9515b4ad06904a2a\",\"name\":\"dnaiff\",\"image\":{\"@type\":\"ImageObject\",\"inLanguage\":\"pt-BR\",\"@id\":\"https:\/\/institutos.ufrrj.br\/ie\/#\/schema\/person\/image\/\",\"url\":\"https:\/\/secure.gravatar.com\/avatar\/91ee05d108addd9c317e97b8defee63fe2930aad92216ce93d44224119fda57e?s=96&d=mm&r=g\",\"contentUrl\":\"https:\/\/secure.gravatar.com\/avatar\/91ee05d108addd9c317e97b8defee63fe2930aad92216ce93d44224119fda57e?s=96&d=mm&r=g\",\"caption\":\"dnaiff\"},\"url\":\"https:\/\/institutos.ufrrj.br\/ie\/author\/denis-naiff\/\"}]}<\/script>\n<!-- \/ Yoast SEO plugin. -->","yoast_head_json":{"title":"Aten\u00e7\u00e3o Prorroga\u00e7\u00e3o!! EDITAL 02\/2026 CHAMADA DA ALTERN\u00c2NCIA NOS TERRIT\u00d3RIOS DA EDUCA\u00c7\u00c3O DO CAMPO:PROJETOS DISCENTES NOS TERRIT\u00d3RIOS DA ALTERN\u00c2NCIA E MONITORIA DE ACOMPANHAMENTO PEDAG\u00d3GICO - 2026.2 - Instituto de Educa\u00e7\u00e3o","robots":{"index":"index","follow":"follow","max-snippet":"max-snippet:-1","max-image-preview":"max-image-preview:large","max-video-preview":"max-video-preview:-1"},"canonical":"https:\/\/institutos.ufrrj.br\/ie\/edital-02-2026-chamada-da-alternancia-nos-territorios-da-educacao-do-campoprojetos-discentes-nos-territorios-da-alternancia-e-monitoria-de-acompanhamento-pedagogico-2026-2\/","og_locale":"pt_BR","og_type":"article","og_title":"Aten\u00e7\u00e3o Prorroga\u00e7\u00e3o!! EDITAL 02\/2026 CHAMADA DA ALTERN\u00c2NCIA NOS TERRIT\u00d3RIOS DA EDUCA\u00c7\u00c3O DO CAMPO:PROJETOS DISCENTES NOS TERRIT\u00d3RIOS DA ALTERN\u00c2NCIA E MONITORIA DE ACOMPANHAMENTO PEDAG\u00d3GICO - 2026.2 - Instituto de Educa\u00e7\u00e3o","og_description":"MINIST\u00c9RIO DA EDUCA\u00c7\u00c3O UNIVERSIDADE FEDERAL RURAL DO RIO DE JANEIRO INSTITUTO DE EDUCA\u00c7\u00c3O COORDENA\u00c7\u00c3O DA LICENCIATURA EM EDUCA\u00c7\u00c3O DO CAMPO EDITAL 02\/2026 [&hellip;]","og_url":"https:\/\/institutos.ufrrj.br\/ie\/edital-02-2026-chamada-da-alternancia-nos-territorios-da-educacao-do-campoprojetos-discentes-nos-territorios-da-alternancia-e-monitoria-de-acompanhamento-pedagogico-2026-2\/","og_site_name":"Instituto de Educa\u00e7\u00e3o","article_published_time":"2026-08-28T12:53:41+00:00","article_modified_time":"2026-09-01T13:42:44+00:00","og_image":[{"width":300,"height":169,"url":"https:\/\/institutos.ufrrj.br\/ie\/wp-content\/uploads\/sites\/104\/2026\/08\/foto-site-1-2-300x1692-1.jpeg","type":"image\/jpeg"}],"author":"dnaiff","twitter_card":"summary_large_image","twitter_misc":{"Escrito por":"dnaiff","Est. tempo de leitura":"1 minuto"},"schema":{"@context":"https:\/\/schema.org","@graph":[{"@type":"Article","@id":"https:\/\/institutos.ufrrj.br\/ie\/edital-02-2026-chamada-da-alternancia-nos-territorios-da-educacao-do-campoprojetos-discentes-nos-territorios-da-alternancia-e-monitoria-de-acompanhamento-pedagogico-2026-2\/#article","isPartOf":{"@id":"https:\/\/institutos.ufrrj.br\/ie\/edital-02-2026-chamada-da-alternancia-nos-territorios-da-educacao-do-campoprojetos-discentes-nos-territorios-da-alternancia-e-monitoria-de-acompanhamento-pedagogico-2026-2\/"},"author":{"name":"dnaiff","@id":"https:\/\/institutos.ufrrj.br\/ie\/#\/schema\/person\/8daaf3ec46a4577d9515b4ad06904a2a"},"headline":"Aten\u00e7\u00e3o Prorroga\u00e7\u00e3o!! EDITAL 02\/2026 CHAMADA DA ALTERN\u00c2NCIA NOS TERRIT\u00d3RIOS DA EDUCA\u00c7\u00c3O DO CAMPO:PROJETOS DISCENTES NOS TERRIT\u00d3RIOS DA ALTERN\u00c2NCIA E MONITORIA DE ACOMPANHAMENTO PEDAG\u00d3GICO &#8211; 2026.2","datePublished":"2026-08-28T12:53:41+00:00","dateModified":"2026-09-01T13:42:44+00:00","mainEntityOfPage":{"@id":"https:\/\/institutos.ufrrj.br\/ie\/edital-02-2026-chamada-da-alternancia-nos-territorios-da-educacao-do-campoprojetos-discentes-nos-territorios-da-alternancia-e-monitoria-de-acompanhamento-pedagogico-2026-2\/"},"wordCount":278,"commentCount":0,"publisher":{"@id":"https:\/\/institutos.ufrrj.br\/ie\/#organization"},"image":{"@id":"https:\/\/institutos.ufrrj.br\/ie\/edital-02-2026-chamada-da-alternancia-nos-territorios-da-educacao-do-campoprojetos-discentes-nos-territorios-da-alternancia-e-monitoria-de-acompanhamento-pedagogico-2026-2\/#primaryimage"},"thumbnailUrl":"https:\/\/institutos.ufrrj.br\/ie\/wp-content\/uploads\/sites\/104\/2026\/08\/foto-site-1-2-300x1692-1.jpeg","articleSection":["Not\u00edcias"],"inLanguage":"pt-BR","potentialAction":[{"@type":"CommentAction","name":"Comment","target":["https:\/\/institutos.ufrrj.br\/ie\/edital-02-2026-chamada-da-alternancia-nos-territorios-da-educacao-do-campoprojetos-discentes-nos-territorios-da-alternancia-e-monitoria-de-acompanhamento-pedagogico-2026-2\/#respond"]}]},{"@type":"WebPage","@id":"https:\/\/institutos.ufrrj.br\/ie\/edital-02-2026-chamada-da-alternancia-nos-territorios-da-educacao-do-campoprojetos-discentes-nos-territorios-da-alternancia-e-monitoria-de-acompanhamento-pedagogico-2026-2\/","url":"https:\/\/institutos.ufrrj.br\/ie\/edital-02-2026-chamada-da-alternancia-nos-territorios-da-educacao-do-campoprojetos-discentes-nos-territorios-da-alternancia-e-monitoria-de-acompanhamento-pedagogico-2026-2\/","name":"Aten\u00e7\u00e3o Prorroga\u00e7\u00e3o!! EDITAL 02\/2026 CHAMADA DA ALTERN\u00c2NCIA NOS TERRIT\u00d3RIOS DA EDUCA\u00c7\u00c3O DO CAMPO:PROJETOS DISCENTES NOS TERRIT\u00d3RIOS DA ALTERN\u00c2NCIA E MONITORIA DE ACOMPANHAMENTO PEDAG\u00d3GICO - 2026.2 - Instituto de Educa\u00e7\u00e3o","isPartOf":{"@id":"https:\/\/institutos.ufrrj.br\/ie\/#website"},"primaryImageOfPage":{"@id":"https:\/\/institutos.ufrrj.br\/ie\/edital-02-2026-chamada-da-alternancia-nos-territorios-da-educacao-do-campoprojetos-discentes-nos-territorios-da-alternancia-e-monitoria-de-acompanhamento-pedagogico-2026-2\/#primaryimage"},"image":{"@id":"https:\/\/institutos.ufrrj.br\/ie\/edital-02-2026-chamada-da-alternancia-nos-territorios-da-educacao-do-campoprojetos-discentes-nos-territorios-da-alternancia-e-monitoria-de-acompanhamento-pedagogico-2026-2\/#primaryimage"},"thumbnailUrl":"https:\/\/institutos.ufrrj.br\/ie\/wp-content\/uploads\/sites\/104\/2026\/08\/foto-site-1-2-300x1692-1.jpeg","datePublished":"2026-08-28T12:53:41+00:00","dateModified":"2026-09-01T13:42:44+00:00","breadcrumb":{"@id":"https:\/\/institutos.ufrrj.br\/ie\/edital-02-2026-chamada-da-alternancia-nos-territorios-da-educacao-do-campoprojetos-discentes-nos-territorios-da-alternancia-e-monitoria-de-acompanhamento-pedagogico-2026-2\/#breadcrumb"},"inLanguage":"pt-BR","potentialAction":[{"@type":"ReadAction","target":["https:\/\/institutos.ufrrj.br\/ie\/edital-02-2026-chamada-da-alternancia-nos-territorios-da-educacao-do-campoprojetos-discentes-nos-territorios-da-alternancia-e-monitoria-de-acompanhamento-pedagogico-2026-2\/"]}]},{"@type":"ImageObject","inLanguage":"pt-BR","@id":"https:\/\/institutos.ufrrj.br\/ie\/edital-02-2026-chamada-da-alternancia-nos-territorios-da-educacao-do-campoprojetos-discentes-nos-territorios-da-alternancia-e-monitoria-de-acompanhamento-pedagogico-2026-2\/#primaryimage","url":"https:\/\/institutos.ufrrj.br\/ie\/wp-content\/uploads\/sites\/104\/2026\/08\/foto-site-1-2-300x1692-1.jpeg","contentUrl":"https:\/\/institutos.ufrrj.br\/ie\/wp-content\/uploads\/sites\/104\/2026\/08\/foto-site-1-2-300x1692-1.jpeg","width":300,"height":169},{"@type":"BreadcrumbList","@id":"https:\/\/institutos.ufrrj.br\/ie\/edital-02-2026-chamada-da-alternancia-nos-territorios-da-educacao-do-campoprojetos-discentes-nos-territorios-da-alternancia-e-monitoria-de-acompanhamento-pedagogico-2026-2\/#breadcrumb","itemListElement":[{"@type":"ListItem","position":1,"name":"In\u00edcio","item":"https:\/\/institutos.ufrrj.br\/ie\/"},{"@type":"ListItem","position":2,"name":"Aten\u00e7\u00e3o Prorroga\u00e7\u00e3o!! EDITAL 02\/2026 CHAMADA DA ALTERN\u00c2NCIA NOS TERRIT\u00d3RIOS DA EDUCA\u00c7\u00c3O DO CAMPO:PROJETOS DISCENTES NOS TERRIT\u00d3RIOS DA ALTERN\u00c2NCIA E MONITORIA DE ACOMPANHAMENTO PEDAG\u00d3GICO &#8211; 2026.2"}]},{"@type":"WebSite","@id":"https:\/\/institutos.ufrrj.br\/ie\/#website","url":"https:\/\/institutos.ufrrj.br\/ie\/","name":"Instituto de Educa\u00e7\u00e3o","description":"CAMPUS SEROP\u00c9DICA \u2013 UFRRJ","publisher":{"@id":"https:\/\/institutos.ufrrj.br\/ie\/#organization"},"potentialAction":[{"@type":"SearchAction","target":{"@type":"EntryPoint","urlTemplate":"https:\/\/institutos.ufrrj.br\/ie\/?s={search_term_string}"},"query-input":{"@type":"PropertyValueSpecification","valueRequired":true,"valueName":"search_term_string"}}],"inLanguage":"pt-BR"},{"@type":"Organization","@id":"https:\/\/institutos.ufrrj.br\/ie\/#organization","name":"UFRRJ - Universidade Federal Rural do Rio de Janeiro","url":"https:\/\/institutos.ufrrj.br\/ie\/","logo":{"@type":"ImageObject","inLanguage":"pt-BR","@id":"https:\/\/institutos.ufrrj.br\/ie\/#\/schema\/logo\/image\/","url":"https:\/\/institutos.ufrrj.br\/ie\/wp-content\/uploads\/sites\/104\/2023\/06\/logo_ie.png","contentUrl":"https:\/\/institutos.ufrrj.br\/ie\/wp-content\/uploads\/sites\/104\/2023\/06\/logo_ie.png","width":500,"height":110,"caption":"UFRRJ - Universidade Federal Rural do Rio de Janeiro"},"image":{"@id":"https:\/\/institutos.ufrrj.br\/ie\/#\/schema\/logo\/image\/"}},{"@type":"Person","@id":"https:\/\/institutos.ufrrj.br\/ie\/#\/schema\/person\/8daaf3ec46a4577d9515b4ad06904a2a","name":"dnaiff","image":{"@type":"ImageObject","inLanguage":"pt-BR","@id":"https:\/\/institutos.ufrrj.br\/ie\/#\/schema\/person\/image\/","url":"https:\/\/secure.gravatar.com\/avatar\/91ee05d108addd9c317e97b8defee63fe2930aad92216ce93d44224119fda57e?s=96&d=mm&r=g","contentUrl":"https:\/\/secure.gravatar.com\/avatar\/91ee05d108addd9c317e97b8defee63fe2930aad92216ce93d44224119fda57e?s=96&d=mm&r=g","caption":"dnaiff"},"url":"https:\/\/institutos.ufrrj.br\/ie\/author\/denis-naiff\/"}]}},"_links":{"self":[{"href":"https:\/\/institutos.ufrrj.br\/ie\/wp-json\/wp\/v2\/posts\/657","targetHints":{"allow":["GET"]}}],"collection":[{"href":"https:\/\/institutos.ufrrj.br\/ie\/wp-json\/wp\/v2\/posts"}],"about":[{"href":"https:\/\/institutos.ufrrj.br\/ie\/wp-json\/wp\/v2\/types\/post"}],"author":[{"embeddable":true,"href":"https:\/\/institutos.ufrrj.br\/ie\/wp-json\/wp\/v2\/users\/21"}],"replies":[{"embeddable":true,"href":"https:\/\/institutos.ufrrj.br\/ie\/wp-json\/wp\/v2\/comments?post=657"}],"version-history":[{"count":6,"href":"https:\/\/institutos.ufrrj.br\/ie\/wp-json\/wp\/v2\/posts\/657\/revisions"}],"predecessor-version":[{"id":670,"href":"https:\/\/institutos.ufrrj.br\/ie\/wp-json\/wp\/v2\/posts\/657\/revisions\/670"}],"wp:featuredmedia":[{"embeddable":true,"href":"https:\/\/institutos.ufrrj.br\/ie\/wp-json\/wp\/v2\/media\/660"}],"wp:attachment":[{"href":"https:\/\/institutos.ufrrj.br\/ie\/wp-json\/wp\/v2\/media?parent=657"}],"wp:term":[{"taxonomy":"category","embeddable":true,"href":"https:\/\/institutos.ufrrj.br\/ie\/wp-json\/wp\/v2\/categories?post=657"},{"taxonomy":"post_tag","embeddable":true,"href":"https:\/\/institutos.ufrrj.br\/ie\/wp-json\/wp\/v2\/tags?post=657"}],"curies":[{"name":"wp","href":"https:\/\/api.w.org\/{rel}","templated":true}]}}