{"id":3656,"date":"2019-11-29T21:48:09","date_gmt":"2019-11-29T21:48:09","guid":{"rendered":"http:\/\/institutos.ufrrj.br\/if\/?p=3656"},"modified":"2019-11-29T21:48:28","modified_gmt":"2019-11-29T21:48:28","slug":"rodolfo-cesar-real-de-abreu","status":"publish","type":"post","link":"https:\/\/institutos.ufrrj.br\/if\/rodolfo-cesar-real-de-abreu\/","title":{"rendered":"Rodolfo Cesar Real de Abreu"},"content":{"rendered":"<p><a href=\"http:\/\/institutos.ufrrj.br\/if\/wp-content\/uploads\/sites\/5\/2019\/11\/Rodolfo.jpg\"><img loading=\"lazy\" decoding=\"async\" class=\"alignnone wp-image-3657\" src=\"http:\/\/institutos.ufrrj.br\/if\/wp-content\/uploads\/sites\/5\/2019\/11\/Rodolfo-300x290.jpg\" alt=\"\" width=\"131\" height=\"127\" srcset=\"https:\/\/institutos.ufrrj.br\/if\/wp-content\/uploads\/sites\/5\/2019\/11\/Rodolfo-300x290.jpg 300w, https:\/\/institutos.ufrrj.br\/if\/wp-content\/uploads\/sites\/5\/2019\/11\/Rodolfo-768x743.jpg 768w, https:\/\/institutos.ufrrj.br\/if\/wp-content\/uploads\/sites\/5\/2019\/11\/Rodolfo.jpg 795w\" sizes=\"auto, (max-width: 131px) 100vw, 131px\" \/><\/a><\/p>\n<p>Possui gradua\u00e7\u00e3o em Ci\u00eancias Biol\u00f3gicas pela Universidade Federal do Estado do Rio de Janeiro (2005), mestrado em Bot\u00e2nica pela Escola Nacional de Bot\u00e2nica Tropical (2008) e doutorado em Ci\u00eancias pelo Programa da Engenharia Ambiental da Escola de Engenharia de S\u00e3o Carlos &#8211; USP (2013) com per\u00edodo sandwich na University of Florida &#8211; EUA. Possui p\u00f3s doutorado pela North Carolina State University (EUA). Tem experi\u00eancia na \u00e1rea de Ecologia, com \u00eanfase em Invas\u00f5es Biol\u00f3gicas, atuando nos seguintes temas: controle de esp\u00e9cies invasoras, restaura\u00e7\u00e3o ecol\u00f3gica em Cerrado e Mata Atl\u00e2ntica, estrutura e din\u00e2mica de popula\u00e7\u00f5es vegetais e ecologia do fogo. Ministrante da disciplina &#8220;Ecologia e Manejo de Esp\u00e9cies Invasoras&#8221; em cursos de gradua\u00e7\u00e3o e p\u00f3s gradua\u00e7\u00e3o. \u00c9 revisor de diversos peri\u00f3dicos na \u00e1rea de ecologia e \u00e9 um dos cofundadores da Sociedade Brasileira de Restaura\u00e7\u00e3o Ecol\u00f3gica (SOBRE).<\/p>\n<p><span style=\"color: #0000ff\"><a style=\"color: #0000ff\" href=\"http:\/\/buscatextual.cnpq.br\/buscatextual\/visualizacv.do?id=K4718652D4&amp;tokenCaptchar=03AOLTBLSwgjF6imA0DjpcvB0CsMj03-wsfnpdeUhzjqEYjgmtpLXCbWIHoXI3luX3U9OCbD7NCLbE6i4LKY1B2u32vixd5awNq05seRoCm2aGEWxmIEXZvmwZsIHkbvOdlIKrQWahsfhUDQp-86W_4PMpEHul8_Vm9NTeyPRw61k7DPYvD-_06URODZoevDR2AeoUXXVeV2YuoSvXm439H5k2q1I2Ildu2e6X74TMhcLzwr8YEcNvaFYW-f4FL4DtLS4po7eQv1Ma67Xhx5rqsctK76OIXz2sTJWiEKxgn5tL42PWTmIrEyphWJsuq5bgnupJ7frghjw3_9FU9iNmVISSdvFcsl96WJsGB5_qFWRLXQ4LwC3tZ1hvOHRE0X2UmupVYerNKnNPhVndkH8IJJ-dnaJTtdcaBo7zrTScuCUAqxuW8UH3KwLdfdmf6meRMZw0B5nVR64BIvAiCDV2oaoT5jjt4KXV1U8rtsiKVCTZnzosbDW5LjEh6RF_bs0D4n8sMAYSSyKA\" target=\"_blank\" rel=\"noopener\">Curr\u00edculo Lattes<\/a><\/span><\/p>\n<p><span style=\"color: #0000ff\"><a style=\"color: #0000ff\" href=\"https:\/\/sigaa.ufrrj.br\/sigaa\/public\/docente\/portal.jsf?siape=3155350\" target=\"_blank\" rel=\"noopener\">Perfil no sistema SIGAA<\/a><\/span><\/p>\n<p><span style=\"color: #0000ff\">E-mail:<\/span>&nbsp;rodolfodeabreu@gmail.com<\/p>\n","protected":false},"excerpt":{"rendered":"<p>Possui gradua\u00e7\u00e3o em Ci\u00eancias Biol\u00f3gicas pela Universidade Federal do Estado do Rio de Janeiro (2005), mestrado em Bot\u00e2nica pela Escola Nacional de [&hellip;]<\/p>\n","protected":false},"author":8,"featured_media":3657,"comment_status":"closed","ping_status":"closed","sticky":false,"template":"","format":"standard","meta":{"_acf_changed":false,"ngg_post_thumbnail":0,"_themeisle_gutenberg_block_has_review":false,"footnotes":"","_links_to":"","_links_to_target":""},"categories":[44],"tags":[],"class_list":["post-3656","post","type-post","status-publish","format-standard","has-post-thumbnail","hentry","category-corpo-docente-dca"],"acf":[],"yoast_head":"<!-- This site is optimized with the Yoast SEO plugin v26.8 - https:\/\/yoast.com\/product\/yoast-seo-wordpress\/ -->\n<title>Rodolfo Cesar Real de Abreu - IF<\/title>\n<meta name=\"robots\" content=\"index, follow, max-snippet:-1, max-image-preview:large, max-video-preview:-1\" \/>\n<link rel=\"canonical\" href=\"https:\/\/institutos.ufrrj.br\/if\/rodolfo-cesar-real-de-abreu\/\" \/>\n<meta property=\"og:locale\" content=\"pt_BR\" \/>\n<meta property=\"og:type\" content=\"article\" \/>\n<meta property=\"og:title\" content=\"Rodolfo Cesar Real de Abreu - IF\" \/>\n<meta property=\"og:description\" content=\"Possui gradua\u00e7\u00e3o em Ci\u00eancias Biol\u00f3gicas pela Universidade Federal do Estado do Rio de Janeiro (2005), mestrado em Bot\u00e2nica pela Escola Nacional de [&hellip;]\" \/>\n<meta property=\"og:url\" content=\"https:\/\/institutos.ufrrj.br\/if\/rodolfo-cesar-real-de-abreu\/\" \/>\n<meta property=\"og:site_name\" content=\"IF\" \/>\n<meta property=\"article:published_time\" content=\"2019-11-29T21:48:09+00:00\" \/>\n<meta property=\"article:modified_time\" content=\"2019-11-29T21:48:28+00:00\" \/>\n<meta property=\"og:image\" content=\"https:\/\/institutos.ufrrj.br\/if\/wp-content\/uploads\/sites\/5\/2019\/11\/Rodolfo.jpg\" \/>\n\t<meta property=\"og:image:width\" content=\"795\" \/>\n\t<meta property=\"og:image:height\" content=\"769\" \/>\n\t<meta property=\"og:image:type\" content=\"image\/jpeg\" \/>\n<meta name=\"author\" content=\"ifdiretoria\" \/>\n<meta name=\"twitter:card\" content=\"summary_large_image\" \/>\n<meta name=\"twitter:label1\" content=\"Escrito por\" \/>\n\t<meta name=\"twitter:data1\" content=\"ifdiretoria\" \/>\n\t<meta name=\"twitter:label2\" content=\"Est. tempo de leitura\" \/>\n\t<meta name=\"twitter:data2\" content=\"1 minuto\" \/>\n<script type=\"application\/ld+json\" class=\"yoast-schema-graph\">{\"@context\":\"https:\/\/schema.org\",\"@graph\":[{\"@type\":\"Article\",\"@id\":\"https:\/\/institutos.ufrrj.br\/if\/rodolfo-cesar-real-de-abreu\/#article\",\"isPartOf\":{\"@id\":\"https:\/\/institutos.ufrrj.br\/if\/rodolfo-cesar-real-de-abreu\/\"},\"author\":{\"name\":\"ifdiretoria\",\"@id\":\"https:\/\/institutos.ufrrj.br\/if\/#\/schema\/person\/65aaad5613049b008b8ee1821ef3a122\"},\"headline\":\"Rodolfo Cesar Real de Abreu\",\"datePublished\":\"2019-11-29T21:48:09+00:00\",\"dateModified\":\"2019-11-29T21:48:28+00:00\",\"mainEntityOfPage\":{\"@id\":\"https:\/\/institutos.ufrrj.br\/if\/rodolfo-cesar-real-de-abreu\/\"},\"wordCount\":172,\"image\":{\"@id\":\"https:\/\/institutos.ufrrj.br\/if\/rodolfo-cesar-real-de-abreu\/#primaryimage\"},\"thumbnailUrl\":\"https:\/\/institutos.ufrrj.br\/if\/wp-content\/uploads\/sites\/5\/2019\/11\/Rodolfo.jpg\",\"articleSection\":[\"Corpo Docente (DCA)\"],\"inLanguage\":\"pt-BR\"},{\"@type\":\"WebPage\",\"@id\":\"https:\/\/institutos.ufrrj.br\/if\/rodolfo-cesar-real-de-abreu\/\",\"url\":\"https:\/\/institutos.ufrrj.br\/if\/rodolfo-cesar-real-de-abreu\/\",\"name\":\"Rodolfo Cesar Real de Abreu - IF\",\"isPartOf\":{\"@id\":\"https:\/\/institutos.ufrrj.br\/if\/#website\"},\"primaryImageOfPage\":{\"@id\":\"https:\/\/institutos.ufrrj.br\/if\/rodolfo-cesar-real-de-abreu\/#primaryimage\"},\"image\":{\"@id\":\"https:\/\/institutos.ufrrj.br\/if\/rodolfo-cesar-real-de-abreu\/#primaryimage\"},\"thumbnailUrl\":\"https:\/\/institutos.ufrrj.br\/if\/wp-content\/uploads\/sites\/5\/2019\/11\/Rodolfo.jpg\",\"datePublished\":\"2019-11-29T21:48:09+00:00\",\"dateModified\":\"2019-11-29T21:48:28+00:00\",\"author\":{\"@id\":\"https:\/\/institutos.ufrrj.br\/if\/#\/schema\/person\/65aaad5613049b008b8ee1821ef3a122\"},\"breadcrumb\":{\"@id\":\"https:\/\/institutos.ufrrj.br\/if\/rodolfo-cesar-real-de-abreu\/#breadcrumb\"},\"inLanguage\":\"pt-BR\",\"potentialAction\":[{\"@type\":\"ReadAction\",\"target\":[\"https:\/\/institutos.ufrrj.br\/if\/rodolfo-cesar-real-de-abreu\/\"]}]},{\"@type\":\"ImageObject\",\"inLanguage\":\"pt-BR\",\"@id\":\"https:\/\/institutos.ufrrj.br\/if\/rodolfo-cesar-real-de-abreu\/#primaryimage\",\"url\":\"https:\/\/institutos.ufrrj.br\/if\/wp-content\/uploads\/sites\/5\/2019\/11\/Rodolfo.jpg\",\"contentUrl\":\"https:\/\/institutos.ufrrj.br\/if\/wp-content\/uploads\/sites\/5\/2019\/11\/Rodolfo.jpg\",\"width\":795,\"height\":769},{\"@type\":\"BreadcrumbList\",\"@id\":\"https:\/\/institutos.ufrrj.br\/if\/rodolfo-cesar-real-de-abreu\/#breadcrumb\",\"itemListElement\":[{\"@type\":\"ListItem\",\"position\":1,\"name\":\"In\u00edcio\",\"item\":\"https:\/\/institutos.ufrrj.br\/if\/\"},{\"@type\":\"ListItem\",\"position\":2,\"name\":\"Rodolfo Cesar Real de Abreu\"}]},{\"@type\":\"WebSite\",\"@id\":\"https:\/\/institutos.ufrrj.br\/if\/#website\",\"url\":\"https:\/\/institutos.ufrrj.br\/if\/\",\"name\":\"IF - Instituto de Floresta\",\"description\":\"Instituto de Florestas\",\"potentialAction\":[{\"@type\":\"SearchAction\",\"target\":{\"@type\":\"EntryPoint\",\"urlTemplate\":\"https:\/\/institutos.ufrrj.br\/if\/?s={search_term_string}\"},\"query-input\":{\"@type\":\"PropertyValueSpecification\",\"valueRequired\":true,\"valueName\":\"search_term_string\"}}],\"inLanguage\":\"pt-BR\"},{\"@type\":\"Person\",\"@id\":\"https:\/\/institutos.ufrrj.br\/if\/#\/schema\/person\/65aaad5613049b008b8ee1821ef3a122\",\"name\":\"ifdiretoria\",\"image\":{\"@type\":\"ImageObject\",\"inLanguage\":\"pt-BR\",\"@id\":\"https:\/\/institutos.ufrrj.br\/if\/#\/schema\/person\/image\/\",\"url\":\"https:\/\/secure.gravatar.com\/avatar\/f4bb07a74509daf2d0683a07d58766adc30a40b646a7430171f54ae31a7e2af2?s=96&d=mm&r=g\",\"contentUrl\":\"https:\/\/secure.gravatar.com\/avatar\/f4bb07a74509daf2d0683a07d58766adc30a40b646a7430171f54ae31a7e2af2?s=96&d=mm&r=g\",\"caption\":\"ifdiretoria\"},\"url\":\"https:\/\/institutos.ufrrj.br\/if\/author\/ifdiretoria1\/\"}]}<\/script>\n<!-- \/ Yoast SEO plugin. -->","yoast_head_json":{"title":"Rodolfo Cesar Real de Abreu - IF","robots":{"index":"index","follow":"follow","max-snippet":"max-snippet:-1","max-image-preview":"max-image-preview:large","max-video-preview":"max-video-preview:-1"},"canonical":"https:\/\/institutos.ufrrj.br\/if\/rodolfo-cesar-real-de-abreu\/","og_locale":"pt_BR","og_type":"article","og_title":"Rodolfo Cesar Real de Abreu - IF","og_description":"Possui gradua\u00e7\u00e3o em Ci\u00eancias Biol\u00f3gicas pela Universidade Federal do Estado do Rio de Janeiro (2005), mestrado em Bot\u00e2nica pela Escola Nacional de [&hellip;]","og_url":"https:\/\/institutos.ufrrj.br\/if\/rodolfo-cesar-real-de-abreu\/","og_site_name":"IF","article_published_time":"2019-11-29T21:48:09+00:00","article_modified_time":"2019-11-29T21:48:28+00:00","og_image":[{"width":795,"height":769,"url":"https:\/\/institutos.ufrrj.br\/if\/wp-content\/uploads\/sites\/5\/2019\/11\/Rodolfo.jpg","type":"image\/jpeg"}],"author":"ifdiretoria","twitter_card":"summary_large_image","twitter_misc":{"Escrito por":"ifdiretoria","Est. tempo de leitura":"1 minuto"},"schema":{"@context":"https:\/\/schema.org","@graph":[{"@type":"Article","@id":"https:\/\/institutos.ufrrj.br\/if\/rodolfo-cesar-real-de-abreu\/#article","isPartOf":{"@id":"https:\/\/institutos.ufrrj.br\/if\/rodolfo-cesar-real-de-abreu\/"},"author":{"name":"ifdiretoria","@id":"https:\/\/institutos.ufrrj.br\/if\/#\/schema\/person\/65aaad5613049b008b8ee1821ef3a122"},"headline":"Rodolfo Cesar Real de Abreu","datePublished":"2019-11-29T21:48:09+00:00","dateModified":"2019-11-29T21:48:28+00:00","mainEntityOfPage":{"@id":"https:\/\/institutos.ufrrj.br\/if\/rodolfo-cesar-real-de-abreu\/"},"wordCount":172,"image":{"@id":"https:\/\/institutos.ufrrj.br\/if\/rodolfo-cesar-real-de-abreu\/#primaryimage"},"thumbnailUrl":"https:\/\/institutos.ufrrj.br\/if\/wp-content\/uploads\/sites\/5\/2019\/11\/Rodolfo.jpg","articleSection":["Corpo Docente (DCA)"],"inLanguage":"pt-BR"},{"@type":"WebPage","@id":"https:\/\/institutos.ufrrj.br\/if\/rodolfo-cesar-real-de-abreu\/","url":"https:\/\/institutos.ufrrj.br\/if\/rodolfo-cesar-real-de-abreu\/","name":"Rodolfo Cesar Real de Abreu - IF","isPartOf":{"@id":"https:\/\/institutos.ufrrj.br\/if\/#website"},"primaryImageOfPage":{"@id":"https:\/\/institutos.ufrrj.br\/if\/rodolfo-cesar-real-de-abreu\/#primaryimage"},"image":{"@id":"https:\/\/institutos.ufrrj.br\/if\/rodolfo-cesar-real-de-abreu\/#primaryimage"},"thumbnailUrl":"https:\/\/institutos.ufrrj.br\/if\/wp-content\/uploads\/sites\/5\/2019\/11\/Rodolfo.jpg","datePublished":"2019-11-29T21:48:09+00:00","dateModified":"2019-11-29T21:48:28+00:00","author":{"@id":"https:\/\/institutos.ufrrj.br\/if\/#\/schema\/person\/65aaad5613049b008b8ee1821ef3a122"},"breadcrumb":{"@id":"https:\/\/institutos.ufrrj.br\/if\/rodolfo-cesar-real-de-abreu\/#breadcrumb"},"inLanguage":"pt-BR","potentialAction":[{"@type":"ReadAction","target":["https:\/\/institutos.ufrrj.br\/if\/rodolfo-cesar-real-de-abreu\/"]}]},{"@type":"ImageObject","inLanguage":"pt-BR","@id":"https:\/\/institutos.ufrrj.br\/if\/rodolfo-cesar-real-de-abreu\/#primaryimage","url":"https:\/\/institutos.ufrrj.br\/if\/wp-content\/uploads\/sites\/5\/2019\/11\/Rodolfo.jpg","contentUrl":"https:\/\/institutos.ufrrj.br\/if\/wp-content\/uploads\/sites\/5\/2019\/11\/Rodolfo.jpg","width":795,"height":769},{"@type":"BreadcrumbList","@id":"https:\/\/institutos.ufrrj.br\/if\/rodolfo-cesar-real-de-abreu\/#breadcrumb","itemListElement":[{"@type":"ListItem","position":1,"name":"In\u00edcio","item":"https:\/\/institutos.ufrrj.br\/if\/"},{"@type":"ListItem","position":2,"name":"Rodolfo Cesar Real de Abreu"}]},{"@type":"WebSite","@id":"https:\/\/institutos.ufrrj.br\/if\/#website","url":"https:\/\/institutos.ufrrj.br\/if\/","name":"IF - Instituto de Floresta","description":"Instituto de Florestas","potentialAction":[{"@type":"SearchAction","target":{"@type":"EntryPoint","urlTemplate":"https:\/\/institutos.ufrrj.br\/if\/?s={search_term_string}"},"query-input":{"@type":"PropertyValueSpecification","valueRequired":true,"valueName":"search_term_string"}}],"inLanguage":"pt-BR"},{"@type":"Person","@id":"https:\/\/institutos.ufrrj.br\/if\/#\/schema\/person\/65aaad5613049b008b8ee1821ef3a122","name":"ifdiretoria","image":{"@type":"ImageObject","inLanguage":"pt-BR","@id":"https:\/\/institutos.ufrrj.br\/if\/#\/schema\/person\/image\/","url":"https:\/\/secure.gravatar.com\/avatar\/f4bb07a74509daf2d0683a07d58766adc30a40b646a7430171f54ae31a7e2af2?s=96&d=mm&r=g","contentUrl":"https:\/\/secure.gravatar.com\/avatar\/f4bb07a74509daf2d0683a07d58766adc30a40b646a7430171f54ae31a7e2af2?s=96&d=mm&r=g","caption":"ifdiretoria"},"url":"https:\/\/institutos.ufrrj.br\/if\/author\/ifdiretoria1\/"}]}},"_links":{"self":[{"href":"https:\/\/institutos.ufrrj.br\/if\/wp-json\/wp\/v2\/posts\/3656","targetHints":{"allow":["GET"]}}],"collection":[{"href":"https:\/\/institutos.ufrrj.br\/if\/wp-json\/wp\/v2\/posts"}],"about":[{"href":"https:\/\/institutos.ufrrj.br\/if\/wp-json\/wp\/v2\/types\/post"}],"author":[{"embeddable":true,"href":"https:\/\/institutos.ufrrj.br\/if\/wp-json\/wp\/v2\/users\/8"}],"replies":[{"embeddable":true,"href":"https:\/\/institutos.ufrrj.br\/if\/wp-json\/wp\/v2\/comments?post=3656"}],"version-history":[{"count":2,"href":"https:\/\/institutos.ufrrj.br\/if\/wp-json\/wp\/v2\/posts\/3656\/revisions"}],"predecessor-version":[{"id":3659,"href":"https:\/\/institutos.ufrrj.br\/if\/wp-json\/wp\/v2\/posts\/3656\/revisions\/3659"}],"wp:featuredmedia":[{"embeddable":true,"href":"https:\/\/institutos.ufrrj.br\/if\/wp-json\/wp\/v2\/media\/3657"}],"wp:attachment":[{"href":"https:\/\/institutos.ufrrj.br\/if\/wp-json\/wp\/v2\/media?parent=3656"}],"wp:term":[{"taxonomy":"category","embeddable":true,"href":"https:\/\/institutos.ufrrj.br\/if\/wp-json\/wp\/v2\/categories?post=3656"},{"taxonomy":"post_tag","embeddable":true,"href":"https:\/\/institutos.ufrrj.br\/if\/wp-json\/wp\/v2\/tags?post=3656"}],"curies":[{"name":"wp","href":"https:\/\/api.w.org\/{rel}","templated":true}]}}