{"id":3885,"date":"2021-05-13T12:38:23","date_gmt":"2021-05-13T12:38:23","guid":{"rendered":"http:\/\/institutos.ufrrj.br\/if\/?p=3885"},"modified":"2021-05-13T17:44:20","modified_gmt":"2021-05-13T17:44:20","slug":"escolha-de-representante-tecnico-administrativo-junto-ao-consuni-if","status":"publish","type":"post","link":"https:\/\/institutos.ufrrj.br\/if\/escolha-de-representante-tecnico-administrativo-junto-ao-consuni-if\/","title":{"rendered":"Escolha de representante t\u00e9cnico-administrativo junto ao Consuni-IF"},"content":{"rendered":"<p>&nbsp;<\/p>\n<p><a href=\"http:\/\/institutos.ufrrj.br\/if\/wp-content\/uploads\/sites\/5\/2021\/05\/Consuni-IF2.jpg\"><img loading=\"lazy\" decoding=\"async\" class=\"size-medium wp-image-3895\" src=\"http:\/\/institutos.ufrrj.br\/if\/wp-content\/uploads\/sites\/5\/2021\/05\/Consuni-IF2-300x152.jpg\" alt=\"\" width=\"300\" height=\"152\" srcset=\"https:\/\/institutos.ufrrj.br\/if\/wp-content\/uploads\/sites\/5\/2021\/05\/Consuni-IF2-300x152.jpg 300w, https:\/\/institutos.ufrrj.br\/if\/wp-content\/uploads\/sites\/5\/2021\/05\/Consuni-IF2-768x388.jpg 768w, https:\/\/institutos.ufrrj.br\/if\/wp-content\/uploads\/sites\/5\/2021\/05\/Consuni-IF2-1024x517.jpg 1024w, https:\/\/institutos.ufrrj.br\/if\/wp-content\/uploads\/sites\/5\/2021\/05\/Consuni-IF2.jpg 1150w\" sizes=\"auto, (max-width: 300px) 100vw, 300px\" \/><\/a><\/p>\n<p>Encontra-se em curso processo eleitoral para&nbsp;escolha de Representantes T\u00e9cnicos Administrativos junto ao CONSUNI \u2013 IF (Bi\u00eanio 2021\/2023). O edital j\u00e1 se encontra dispon\u00edvel e pode ser acessado <a href=\"https:\/\/sipac.ufrrj.br\/public\/jsp\/documentos\/documento_visualizacao.jsf?idDoc=756607\" target=\"_blank\" rel=\"noopener\">clicando-se aqui.<\/a><\/p>\n<p>Novos documentos e atualiza\u00e7\u00f5es no processo eleitoral ser\u00e3o divulgadas na p\u00e1gina do Nidflor, dispon\u00edvel <a href=\"https:\/\/institucional.ufrrj.br\/nidflor\/processo-eleitoral-de-escolha-de-representantes-tecnicos-administrativos-junto-ao-consuni-if-bienio-2021-2023\/\" target=\"_blank\" rel=\"noopener\">aqui.<\/a><\/p>\n","protected":false},"excerpt":{"rendered":"<p>&nbsp; Encontra-se em curso processo eleitoral para&nbsp;escolha de Representantes T\u00e9cnicos Administrativos junto ao CONSUNI \u2013 IF (Bi\u00eanio 2021\/2023). O edital j\u00e1 se [&hellip;]<\/p>\n","protected":false},"author":8,"featured_media":3895,"comment_status":"closed","ping_status":"closed","sticky":false,"template":"","format":"standard","meta":{"_acf_changed":false,"ngg_post_thumbnail":0,"_themeisle_gutenberg_block_has_review":false,"footnotes":"","_links_to":"","_links_to_target":""},"categories":[4],"tags":[],"class_list":["post-3885","post","type-post","status-publish","format-standard","has-post-thumbnail","hentry","category-noticias"],"acf":[],"yoast_head":"<!-- This site is optimized with the Yoast SEO plugin v26.8 - https:\/\/yoast.com\/product\/yoast-seo-wordpress\/ -->\n<title>Escolha de representante t\u00e9cnico-administrativo junto ao Consuni-IF - IF<\/title>\n<meta name=\"robots\" content=\"index, follow, max-snippet:-1, max-image-preview:large, max-video-preview:-1\" \/>\n<link rel=\"canonical\" href=\"https:\/\/institutos.ufrrj.br\/if\/escolha-de-representante-tecnico-administrativo-junto-ao-consuni-if\/\" \/>\n<meta property=\"og:locale\" content=\"pt_BR\" \/>\n<meta property=\"og:type\" content=\"article\" \/>\n<meta property=\"og:title\" content=\"Escolha de representante t\u00e9cnico-administrativo junto ao Consuni-IF - IF\" \/>\n<meta property=\"og:description\" content=\"&nbsp; Encontra-se em curso processo eleitoral para&nbsp;escolha de Representantes T\u00e9cnicos Administrativos junto ao CONSUNI \u2013 IF (Bi\u00eanio 2021\/2023). O edital j\u00e1 se [&hellip;]\" \/>\n<meta property=\"og:url\" content=\"https:\/\/institutos.ufrrj.br\/if\/escolha-de-representante-tecnico-administrativo-junto-ao-consuni-if\/\" \/>\n<meta property=\"og:site_name\" content=\"IF\" \/>\n<meta property=\"article:published_time\" content=\"2021-05-13T12:38:23+00:00\" \/>\n<meta property=\"article:modified_time\" content=\"2021-05-13T17:44:20+00:00\" \/>\n<meta property=\"og:image\" content=\"https:\/\/institutos.ufrrj.br\/if\/wp-content\/uploads\/sites\/5\/2021\/05\/Consuni-IF2.jpg\" \/>\n\t<meta property=\"og:image:width\" content=\"1150\" \/>\n\t<meta property=\"og:image:height\" content=\"581\" \/>\n\t<meta property=\"og:image:type\" content=\"image\/jpeg\" \/>\n<meta name=\"author\" content=\"ifdiretoria\" \/>\n<meta name=\"twitter:card\" content=\"summary_large_image\" \/>\n<meta name=\"twitter:label1\" content=\"Escrito por\" \/>\n\t<meta name=\"twitter:data1\" content=\"ifdiretoria\" \/>\n<script type=\"application\/ld+json\" class=\"yoast-schema-graph\">{\"@context\":\"https:\/\/schema.org\",\"@graph\":[{\"@type\":\"Article\",\"@id\":\"https:\/\/institutos.ufrrj.br\/if\/escolha-de-representante-tecnico-administrativo-junto-ao-consuni-if\/#article\",\"isPartOf\":{\"@id\":\"https:\/\/institutos.ufrrj.br\/if\/escolha-de-representante-tecnico-administrativo-junto-ao-consuni-if\/\"},\"author\":{\"name\":\"ifdiretoria\",\"@id\":\"https:\/\/institutos.ufrrj.br\/if\/#\/schema\/person\/65aaad5613049b008b8ee1821ef3a122\"},\"headline\":\"Escolha de representante t\u00e9cnico-administrativo junto ao Consuni-IF\",\"datePublished\":\"2021-05-13T12:38:23+00:00\",\"dateModified\":\"2021-05-13T17:44:20+00:00\",\"mainEntityOfPage\":{\"@id\":\"https:\/\/institutos.ufrrj.br\/if\/escolha-de-representante-tecnico-administrativo-junto-ao-consuni-if\/\"},\"wordCount\":60,\"image\":{\"@id\":\"https:\/\/institutos.ufrrj.br\/if\/escolha-de-representante-tecnico-administrativo-junto-ao-consuni-if\/#primaryimage\"},\"thumbnailUrl\":\"https:\/\/institutos.ufrrj.br\/if\/wp-content\/uploads\/sites\/5\/2021\/05\/Consuni-IF2.jpg\",\"articleSection\":[\"Noticias\"],\"inLanguage\":\"pt-BR\"},{\"@type\":\"WebPage\",\"@id\":\"https:\/\/institutos.ufrrj.br\/if\/escolha-de-representante-tecnico-administrativo-junto-ao-consuni-if\/\",\"url\":\"https:\/\/institutos.ufrrj.br\/if\/escolha-de-representante-tecnico-administrativo-junto-ao-consuni-if\/\",\"name\":\"Escolha de representante t\u00e9cnico-administrativo junto ao Consuni-IF - IF\",\"isPartOf\":{\"@id\":\"https:\/\/institutos.ufrrj.br\/if\/#website\"},\"primaryImageOfPage\":{\"@id\":\"https:\/\/institutos.ufrrj.br\/if\/escolha-de-representante-tecnico-administrativo-junto-ao-consuni-if\/#primaryimage\"},\"image\":{\"@id\":\"https:\/\/institutos.ufrrj.br\/if\/escolha-de-representante-tecnico-administrativo-junto-ao-consuni-if\/#primaryimage\"},\"thumbnailUrl\":\"https:\/\/institutos.ufrrj.br\/if\/wp-content\/uploads\/sites\/5\/2021\/05\/Consuni-IF2.jpg\",\"datePublished\":\"2021-05-13T12:38:23+00:00\",\"dateModified\":\"2021-05-13T17:44:20+00:00\",\"author\":{\"@id\":\"https:\/\/institutos.ufrrj.br\/if\/#\/schema\/person\/65aaad5613049b008b8ee1821ef3a122\"},\"breadcrumb\":{\"@id\":\"https:\/\/institutos.ufrrj.br\/if\/escolha-de-representante-tecnico-administrativo-junto-ao-consuni-if\/#breadcrumb\"},\"inLanguage\":\"pt-BR\",\"potentialAction\":[{\"@type\":\"ReadAction\",\"target\":[\"https:\/\/institutos.ufrrj.br\/if\/escolha-de-representante-tecnico-administrativo-junto-ao-consuni-if\/\"]}]},{\"@type\":\"ImageObject\",\"inLanguage\":\"pt-BR\",\"@id\":\"https:\/\/institutos.ufrrj.br\/if\/escolha-de-representante-tecnico-administrativo-junto-ao-consuni-if\/#primaryimage\",\"url\":\"https:\/\/institutos.ufrrj.br\/if\/wp-content\/uploads\/sites\/5\/2021\/05\/Consuni-IF2.jpg\",\"contentUrl\":\"https:\/\/institutos.ufrrj.br\/if\/wp-content\/uploads\/sites\/5\/2021\/05\/Consuni-IF2.jpg\",\"width\":1150,\"height\":581,\"caption\":\"CREATOR: gd-jpeg v1.0 (using IJG JPEG v62), quality = 82\"},{\"@type\":\"BreadcrumbList\",\"@id\":\"https:\/\/institutos.ufrrj.br\/if\/escolha-de-representante-tecnico-administrativo-junto-ao-consuni-if\/#breadcrumb\",\"itemListElement\":[{\"@type\":\"ListItem\",\"position\":1,\"name\":\"In\u00edcio\",\"item\":\"https:\/\/institutos.ufrrj.br\/if\/\"},{\"@type\":\"ListItem\",\"position\":2,\"name\":\"Escolha de representante t\u00e9cnico-administrativo junto ao Consuni-IF\"}]},{\"@type\":\"WebSite\",\"@id\":\"https:\/\/institutos.ufrrj.br\/if\/#website\",\"url\":\"https:\/\/institutos.ufrrj.br\/if\/\",\"name\":\"IF - Instituto de Floresta\",\"description\":\"Instituto de Florestas\",\"potentialAction\":[{\"@type\":\"SearchAction\",\"target\":{\"@type\":\"EntryPoint\",\"urlTemplate\":\"https:\/\/institutos.ufrrj.br\/if\/?s={search_term_string}\"},\"query-input\":{\"@type\":\"PropertyValueSpecification\",\"valueRequired\":true,\"valueName\":\"search_term_string\"}}],\"inLanguage\":\"pt-BR\"},{\"@type\":\"Person\",\"@id\":\"https:\/\/institutos.ufrrj.br\/if\/#\/schema\/person\/65aaad5613049b008b8ee1821ef3a122\",\"name\":\"ifdiretoria\",\"image\":{\"@type\":\"ImageObject\",\"inLanguage\":\"pt-BR\",\"@id\":\"https:\/\/institutos.ufrrj.br\/if\/#\/schema\/person\/image\/\",\"url\":\"https:\/\/secure.gravatar.com\/avatar\/f4bb07a74509daf2d0683a07d58766adc30a40b646a7430171f54ae31a7e2af2?s=96&d=mm&r=g\",\"contentUrl\":\"https:\/\/secure.gravatar.com\/avatar\/f4bb07a74509daf2d0683a07d58766adc30a40b646a7430171f54ae31a7e2af2?s=96&d=mm&r=g\",\"caption\":\"ifdiretoria\"},\"url\":\"https:\/\/institutos.ufrrj.br\/if\/author\/ifdiretoria1\/\"}]}<\/script>\n<!-- \/ Yoast SEO plugin. -->","yoast_head_json":{"title":"Escolha de representante t\u00e9cnico-administrativo junto ao Consuni-IF - IF","robots":{"index":"index","follow":"follow","max-snippet":"max-snippet:-1","max-image-preview":"max-image-preview:large","max-video-preview":"max-video-preview:-1"},"canonical":"https:\/\/institutos.ufrrj.br\/if\/escolha-de-representante-tecnico-administrativo-junto-ao-consuni-if\/","og_locale":"pt_BR","og_type":"article","og_title":"Escolha de representante t\u00e9cnico-administrativo junto ao Consuni-IF - IF","og_description":"&nbsp; Encontra-se em curso processo eleitoral para&nbsp;escolha de Representantes T\u00e9cnicos Administrativos junto ao CONSUNI \u2013 IF (Bi\u00eanio 2021\/2023). O edital j\u00e1 se [&hellip;]","og_url":"https:\/\/institutos.ufrrj.br\/if\/escolha-de-representante-tecnico-administrativo-junto-ao-consuni-if\/","og_site_name":"IF","article_published_time":"2021-05-13T12:38:23+00:00","article_modified_time":"2021-05-13T17:44:20+00:00","og_image":[{"width":1150,"height":581,"url":"https:\/\/institutos.ufrrj.br\/if\/wp-content\/uploads\/sites\/5\/2021\/05\/Consuni-IF2.jpg","type":"image\/jpeg"}],"author":"ifdiretoria","twitter_card":"summary_large_image","twitter_misc":{"Escrito por":"ifdiretoria"},"schema":{"@context":"https:\/\/schema.org","@graph":[{"@type":"Article","@id":"https:\/\/institutos.ufrrj.br\/if\/escolha-de-representante-tecnico-administrativo-junto-ao-consuni-if\/#article","isPartOf":{"@id":"https:\/\/institutos.ufrrj.br\/if\/escolha-de-representante-tecnico-administrativo-junto-ao-consuni-if\/"},"author":{"name":"ifdiretoria","@id":"https:\/\/institutos.ufrrj.br\/if\/#\/schema\/person\/65aaad5613049b008b8ee1821ef3a122"},"headline":"Escolha de representante t\u00e9cnico-administrativo junto ao Consuni-IF","datePublished":"2021-05-13T12:38:23+00:00","dateModified":"2021-05-13T17:44:20+00:00","mainEntityOfPage":{"@id":"https:\/\/institutos.ufrrj.br\/if\/escolha-de-representante-tecnico-administrativo-junto-ao-consuni-if\/"},"wordCount":60,"image":{"@id":"https:\/\/institutos.ufrrj.br\/if\/escolha-de-representante-tecnico-administrativo-junto-ao-consuni-if\/#primaryimage"},"thumbnailUrl":"https:\/\/institutos.ufrrj.br\/if\/wp-content\/uploads\/sites\/5\/2021\/05\/Consuni-IF2.jpg","articleSection":["Noticias"],"inLanguage":"pt-BR"},{"@type":"WebPage","@id":"https:\/\/institutos.ufrrj.br\/if\/escolha-de-representante-tecnico-administrativo-junto-ao-consuni-if\/","url":"https:\/\/institutos.ufrrj.br\/if\/escolha-de-representante-tecnico-administrativo-junto-ao-consuni-if\/","name":"Escolha de representante t\u00e9cnico-administrativo junto ao Consuni-IF - IF","isPartOf":{"@id":"https:\/\/institutos.ufrrj.br\/if\/#website"},"primaryImageOfPage":{"@id":"https:\/\/institutos.ufrrj.br\/if\/escolha-de-representante-tecnico-administrativo-junto-ao-consuni-if\/#primaryimage"},"image":{"@id":"https:\/\/institutos.ufrrj.br\/if\/escolha-de-representante-tecnico-administrativo-junto-ao-consuni-if\/#primaryimage"},"thumbnailUrl":"https:\/\/institutos.ufrrj.br\/if\/wp-content\/uploads\/sites\/5\/2021\/05\/Consuni-IF2.jpg","datePublished":"2021-05-13T12:38:23+00:00","dateModified":"2021-05-13T17:44:20+00:00","author":{"@id":"https:\/\/institutos.ufrrj.br\/if\/#\/schema\/person\/65aaad5613049b008b8ee1821ef3a122"},"breadcrumb":{"@id":"https:\/\/institutos.ufrrj.br\/if\/escolha-de-representante-tecnico-administrativo-junto-ao-consuni-if\/#breadcrumb"},"inLanguage":"pt-BR","potentialAction":[{"@type":"ReadAction","target":["https:\/\/institutos.ufrrj.br\/if\/escolha-de-representante-tecnico-administrativo-junto-ao-consuni-if\/"]}]},{"@type":"ImageObject","inLanguage":"pt-BR","@id":"https:\/\/institutos.ufrrj.br\/if\/escolha-de-representante-tecnico-administrativo-junto-ao-consuni-if\/#primaryimage","url":"https:\/\/institutos.ufrrj.br\/if\/wp-content\/uploads\/sites\/5\/2021\/05\/Consuni-IF2.jpg","contentUrl":"https:\/\/institutos.ufrrj.br\/if\/wp-content\/uploads\/sites\/5\/2021\/05\/Consuni-IF2.jpg","width":1150,"height":581,"caption":"CREATOR: gd-jpeg v1.0 (using IJG JPEG v62), quality = 82"},{"@type":"BreadcrumbList","@id":"https:\/\/institutos.ufrrj.br\/if\/escolha-de-representante-tecnico-administrativo-junto-ao-consuni-if\/#breadcrumb","itemListElement":[{"@type":"ListItem","position":1,"name":"In\u00edcio","item":"https:\/\/institutos.ufrrj.br\/if\/"},{"@type":"ListItem","position":2,"name":"Escolha de representante t\u00e9cnico-administrativo junto ao Consuni-IF"}]},{"@type":"WebSite","@id":"https:\/\/institutos.ufrrj.br\/if\/#website","url":"https:\/\/institutos.ufrrj.br\/if\/","name":"IF - Instituto de Floresta","description":"Instituto de Florestas","potentialAction":[{"@type":"SearchAction","target":{"@type":"EntryPoint","urlTemplate":"https:\/\/institutos.ufrrj.br\/if\/?s={search_term_string}"},"query-input":{"@type":"PropertyValueSpecification","valueRequired":true,"valueName":"search_term_string"}}],"inLanguage":"pt-BR"},{"@type":"Person","@id":"https:\/\/institutos.ufrrj.br\/if\/#\/schema\/person\/65aaad5613049b008b8ee1821ef3a122","name":"ifdiretoria","image":{"@type":"ImageObject","inLanguage":"pt-BR","@id":"https:\/\/institutos.ufrrj.br\/if\/#\/schema\/person\/image\/","url":"https:\/\/secure.gravatar.com\/avatar\/f4bb07a74509daf2d0683a07d58766adc30a40b646a7430171f54ae31a7e2af2?s=96&d=mm&r=g","contentUrl":"https:\/\/secure.gravatar.com\/avatar\/f4bb07a74509daf2d0683a07d58766adc30a40b646a7430171f54ae31a7e2af2?s=96&d=mm&r=g","caption":"ifdiretoria"},"url":"https:\/\/institutos.ufrrj.br\/if\/author\/ifdiretoria1\/"}]}},"_links":{"self":[{"href":"https:\/\/institutos.ufrrj.br\/if\/wp-json\/wp\/v2\/posts\/3885","targetHints":{"allow":["GET"]}}],"collection":[{"href":"https:\/\/institutos.ufrrj.br\/if\/wp-json\/wp\/v2\/posts"}],"about":[{"href":"https:\/\/institutos.ufrrj.br\/if\/wp-json\/wp\/v2\/types\/post"}],"author":[{"embeddable":true,"href":"https:\/\/institutos.ufrrj.br\/if\/wp-json\/wp\/v2\/users\/8"}],"replies":[{"embeddable":true,"href":"https:\/\/institutos.ufrrj.br\/if\/wp-json\/wp\/v2\/comments?post=3885"}],"version-history":[{"count":3,"href":"https:\/\/institutos.ufrrj.br\/if\/wp-json\/wp\/v2\/posts\/3885\/revisions"}],"predecessor-version":[{"id":3896,"href":"https:\/\/institutos.ufrrj.br\/if\/wp-json\/wp\/v2\/posts\/3885\/revisions\/3896"}],"wp:featuredmedia":[{"embeddable":true,"href":"https:\/\/institutos.ufrrj.br\/if\/wp-json\/wp\/v2\/media\/3895"}],"wp:attachment":[{"href":"https:\/\/institutos.ufrrj.br\/if\/wp-json\/wp\/v2\/media?parent=3885"}],"wp:term":[{"taxonomy":"category","embeddable":true,"href":"https:\/\/institutos.ufrrj.br\/if\/wp-json\/wp\/v2\/categories?post=3885"},{"taxonomy":"post_tag","embeddable":true,"href":"https:\/\/institutos.ufrrj.br\/if\/wp-json\/wp\/v2\/tags?post=3885"}],"curies":[{"name":"wp","href":"https:\/\/api.w.org\/{rel}","templated":true}]}}