{"id":2926,"date":"2025-05-20T12:30:55","date_gmt":"2025-05-20T15:30:55","guid":{"rendered":"https:\/\/institutos.ufrrj.br\/iv\/?p=2926"},"modified":"2025-05-20T12:35:51","modified_gmt":"2025-05-20T15:35:51","slug":"egressos-da-medicina-veterinaria-da-ufrrj-queremos-ouvir-voce","status":"publish","type":"post","link":"https:\/\/institutos.ufrrj.br\/iv\/egressos-da-medicina-veterinaria-da-ufrrj-queremos-ouvir-voce\/","title":{"rendered":"Egressos da Medicina Veterin\u00e1ria da UFRRJ: queremos ouvir voc\u00ea!"},"content":{"rendered":"<p><img loading=\"lazy\" decoding=\"async\" class=\"alignnone size-medium wp-image-2201\" src=\"https:\/\/institutos.ufrrj.br\/iv\/wp-content\/uploads\/sites\/107\/2020\/05\/PHOTO-2020-05-20-12-24-15_1-300x168.jpg\" alt=\"\" width=\"300\" height=\"168\" srcset=\"https:\/\/institutos.ufrrj.br\/iv\/wp-content\/uploads\/sites\/107\/2020\/05\/PHOTO-2020-05-20-12-24-15_1-300x168.jpg 300w, https:\/\/institutos.ufrrj.br\/iv\/wp-content\/uploads\/sites\/107\/2020\/05\/PHOTO-2020-05-20-12-24-15_1-768x431.jpg 768w, https:\/\/institutos.ufrrj.br\/iv\/wp-content\/uploads\/sites\/107\/2020\/05\/PHOTO-2020-05-20-12-24-15_1.jpg 800w\" sizes=\"auto, (max-width: 300px) 100vw, 300px\" \/><\/p>\n<p class=\"\" data-start=\"230\" data-end=\"492\">H\u00e1 mais de 100 anos, a Medicina Veterin\u00e1ria da UFRRJ forma profissionais comprometidos com a sa\u00fade animal, humana e ambiental. Essa hist\u00f3ria de excel\u00eancia tamb\u00e9m \u00e9 feita por voc\u00ea, que trilhou seus caminhos a partir das salas e laborat\u00f3rios da nossa universidade.<\/p>\n<p class=\"\" data-start=\"494\" data-end=\"708\">Agora, queremos conhecer melhor a sua trajet\u00f3ria profissional ap\u00f3s a gradua\u00e7\u00e3o! Sua contribui\u00e7\u00e3o \u00e9 essencial para aperfei\u00e7oarmos ainda mais o nosso curso, alinhando a forma\u00e7\u00e3o \u00e0s demandas do mercado e da sociedade.<\/p>\n<p class=\"\" data-start=\"710\" data-end=\"958\">\ud83d\udccc <strong data-start=\"713\" data-end=\"752\">Clique aqui e preencha o formul\u00e1rio<\/strong>:<br data-start=\"753\" data-end=\"756\" \/><a class=\"\" href=\"https:\/\/docs.google.com\/forms\/d\/e\/1FAIpQLScUGqRiQCXk3PIjdc4sE5yAPxPjgQYD-dapF11Q-5TB8YWBfQ\/viewform\" target=\"_new\" rel=\"noopener\" data-start=\"756\" data-end=\"958\">https:\/\/docs.google.com\/forms\/d\/e\/1FAIpQLScUGqRiQCXk3PIjdc4sE5yAPxPjgQYD-dapF11Q-5TB8YWBfQ\/viewform<\/a><\/p>\n<p class=\"\" data-start=\"960\" data-end=\"1041\">A pesquisa \u00e9 r\u00e1pida e leva apenas alguns minutos, mas seu impacto ser\u00e1 duradouro!<\/p>\n<p class=\"\" data-start=\"1043\" data-end=\"1145\">\ud83d\udcac <strong data-start=\"1046\" data-end=\"1145\">Voc\u00ea faz parte dessa hist\u00f3ria. Ajude-nos a construir o futuro da Medicina Veterin\u00e1ria da UFRRJ.<\/strong><\/p>\n<p data-start=\"1043\" data-end=\"1145\">Por: Equipe de Divulga\u00e7\u00e3o do IV<\/p>\n<p>&nbsp;<\/p>\n","protected":false},"excerpt":{"rendered":"<p>H\u00e1 mais de 100 anos, a Medicina Veterin\u00e1ria da UFRRJ forma profissionais comprometidos com a sa\u00fade animal, humana e ambiental. <a class=\"read-more\" href=\"https:\/\/institutos.ufrrj.br\/iv\/egressos-da-medicina-veterinaria-da-ufrrj-queremos-ouvir-voce\/ \" >&#8230; <span class=\"font-italic\">leia mais <i class=\"fas fa-angle-right\"><\/i><\/span><\/a><\/p>\n","protected":false},"author":52,"featured_media":2201,"comment_status":"open","ping_status":"open","sticky":false,"template":"","format":"standard","meta":{"_themeisle_gutenberg_block_has_review":false,"footnotes":""},"categories":[7],"tags":[],"class_list":["post-2926","post","type-post","status-publish","format-standard","has-post-thumbnail","hentry","category-noticias"],"_links":{"self":[{"href":"https:\/\/institutos.ufrrj.br\/iv\/wp-json\/wp\/v2\/posts\/2926","targetHints":{"allow":["GET"]}}],"collection":[{"href":"https:\/\/institutos.ufrrj.br\/iv\/wp-json\/wp\/v2\/posts"}],"about":[{"href":"https:\/\/institutos.ufrrj.br\/iv\/wp-json\/wp\/v2\/types\/post"}],"author":[{"embeddable":true,"href":"https:\/\/institutos.ufrrj.br\/iv\/wp-json\/wp\/v2\/users\/52"}],"replies":[{"embeddable":true,"href":"https:\/\/institutos.ufrrj.br\/iv\/wp-json\/wp\/v2\/comments?post=2926"}],"version-history":[{"count":1,"href":"https:\/\/institutos.ufrrj.br\/iv\/wp-json\/wp\/v2\/posts\/2926\/revisions"}],"predecessor-version":[{"id":2927,"href":"https:\/\/institutos.ufrrj.br\/iv\/wp-json\/wp\/v2\/posts\/2926\/revisions\/2927"}],"wp:featuredmedia":[{"embeddable":true,"href":"https:\/\/institutos.ufrrj.br\/iv\/wp-json\/wp\/v2\/media\/2201"}],"wp:attachment":[{"href":"https:\/\/institutos.ufrrj.br\/iv\/wp-json\/wp\/v2\/media?parent=2926"}],"wp:term":[{"taxonomy":"category","embeddable":true,"href":"https:\/\/institutos.ufrrj.br\/iv\/wp-json\/wp\/v2\/categories?post=2926"},{"taxonomy":"post_tag","embeddable":true,"href":"https:\/\/institutos.ufrrj.br\/iv\/wp-json\/wp\/v2\/tags?post=2926"}],"curies":[{"name":"wp","href":"https:\/\/api.w.org\/{rel}","templated":true}]}}