{"id":3004,"date":"2026-04-24T17:02:06","date_gmt":"2026-04-24T20:02:06","guid":{"rendered":"https:\/\/institutos.ufrrj.br\/iv\/?p=3004"},"modified":"2026-04-24T17:02:55","modified_gmt":"2026-04-24T20:02:55","slug":"37a-semana-academica-de-medicina-veterinaria-anuncia-cursos-com-carga-horaria-de-20h","status":"publish","type":"post","link":"https:\/\/institutos.ufrrj.br\/iv\/37a-semana-academica-de-medicina-veterinaria-anuncia-cursos-com-carga-horaria-de-20h\/","title":{"rendered":"37\u00aa Semana Acad\u00eamica de Medicina Veterin\u00e1ria anuncia cursos com carga hor\u00e1ria de 20h"},"content":{"rendered":"<p>Do dia 15 a 22 de maio, a Universidade Federal Rural do Rio de Janeiro receber\u00e1 a nova\u00a0 edi\u00e7\u00e3o da mais tradicional Semana Acad\u00eamica de Medicina Veterin\u00e1ria. Conhecido como\u00a0 um dos maiores eventos tradicionais que oferece aprendizado e <em>networking <\/em>por meio de\u00a0 palestras e cursos ministrados por profissionais renomados, a SEMEV aborda temas atuais\u00a0 e relevantes para o aprimoramento e atualiza\u00e7\u00e3o na medicina veterin\u00e1ria.<\/p>\n<p><img loading=\"lazy\" decoding=\"async\" class=\"wp-image-3007 aligncenter\" src=\"https:\/\/institutos.ufrrj.br\/iv\/wp-content\/uploads\/sites\/107\/2026\/04\/CONVITE-XXXVII-SEMEV-300x212.png\" alt=\"\" width=\"509\" height=\"360\" srcset=\"https:\/\/institutos.ufrrj.br\/iv\/wp-content\/uploads\/sites\/107\/2026\/04\/CONVITE-XXXVII-SEMEV-300x212.png 300w, https:\/\/institutos.ufrrj.br\/iv\/wp-content\/uploads\/sites\/107\/2026\/04\/CONVITE-XXXVII-SEMEV-1024x724.png 1024w, https:\/\/institutos.ufrrj.br\/iv\/wp-content\/uploads\/sites\/107\/2026\/04\/CONVITE-XXXVII-SEMEV-768x543.png 768w, https:\/\/institutos.ufrrj.br\/iv\/wp-content\/uploads\/sites\/107\/2026\/04\/CONVITE-XXXVII-SEMEV-1536x1086.png 1536w, https:\/\/institutos.ufrrj.br\/iv\/wp-content\/uploads\/sites\/107\/2026\/04\/CONVITE-XXXVII-SEMEV.png 2000w\" sizes=\"auto, (max-width: 509px) 100vw, 509px\" \/><\/p>\n<p>Esse ano, a SEMEV vem repleta de novidades! Al\u00e9m da sua nova identidade visual, o\u00a0 evento abriu inscri\u00e7\u00f5es tamb\u00e9m para alunos dos cursos de biologia e zootecnia. E a forma de ensino ser\u00e1 outra: a edi\u00e7\u00e3o da Semana do M\u00e9dico Veterin\u00e1rio de 2026 ser\u00e1 realizada por\u00a0 meio de cursos de 20h, ampliando ainda mais o valor acad\u00eamico do\u00a0 evento. A carga ser\u00e1 distribu\u00edda entre 16h de cursos te\u00f3ricos e 4h de componente\u00a0 multidisciplinar.<\/p>\n<p><strong>Os cursos podem ser adquiridos tamb\u00e9m pelo cart\u00e3o de cr\u00e9dito, com\u00a0 parcelas de at\u00e9 10x sem juros!<\/strong><\/p>\n<p>O evento come\u00e7ou dando um gostinho do que vem por a\u00ed com a PR\u00c9-SEMEV, oferecendo\u00a0 palestras online gratuitas com emiss\u00e3o de certificados para todos os alunos de Medicina\u00a0 Veterin\u00e1ria:<\/p>\n<ul>\n<li>No dia 18 de mar\u00e7o ocorreu a palestra \u201cGest\u00e3o de Tempo\u201d com Ana Clara\u00a0 Assad e Let\u00edcia Nunes, da \u00c1rtemis Solu\u00e7\u00f5es Veterin\u00e1ria.<\/li>\n<li>J\u00e1 no dia 8 de abril foi a vez da\u00a0 \u201cDo Cadastro ao Destaque: Como potencializar seu Curr\u00edculo Lattes\u201d, com a professora\u00a0 Patricia Golo.<\/li>\n<\/ul>\n<p><strong>Dentre os cursos dessa edi\u00e7\u00e3o est\u00e3o:<\/strong><\/p>\n<ol>\n<li>Manobras Obst\u00e9tricas e Fetotomia em Bovinos<\/li>\n<li>Manejo F\u00edsico e Ambiental de R\u00e9pteis Sob Cuidados Humanos<\/li>\n<li>Citopatologia Veterin\u00e1ria: Fundamentos Te\u00f3ricos e Pr\u00e1tica Diagn\u00f3stica Anestesia Ambulatorial para Cl\u00ednicos de C\u00e3es e Gatos<\/li>\n<li>Necropsia Forense Veterin\u00e1ria: Decifrando a Morte Suspeita<\/li>\n<li>Imobiliza\u00e7\u00f5es e Tratamento Conservador em Ortopedia Veterin\u00e1ria<\/li>\n<li>Manejo Reprodutivo de Aves<\/li>\n<li>Bem-estar Animal: da Avalia\u00e7\u00e3o ao Manejo<\/li>\n<li>Resgate T\u00e9cnico de Animais em Desastres: Fundamentos Te\u00f3ricos e Pr\u00e1ticos em Sa\u00fade\u00a0 \u00danica<\/li>\n<li>Acupuntura Veterin\u00e1ria<\/li>\n<li>Desmistificando a Hemogasometria: do Equil\u00edbrio \u00c1cido-base \u00e0 Conduta Cl\u00ednica Dist\u00farbios da Locomo\u00e7\u00e3o em Pequenos e Grandes Animais<\/li>\n<li>Quando a Pele Fala: Abordagem Cl\u00ednica e Medidas de Biosseguran\u00e7a nas\u00a0 Dermatozoonoses<\/li>\n<li>Pr\u00e1ticas Hospitalares Veterin\u00e1rias: Como Salvar Mais Vidas no Atendimento Cl\u00ednico a C\u00e3es\u00a0 e Gatos?<\/li>\n<li>Apicultura Integrada: Manejo, Produ\u00e7\u00e3o e Qualidade do Mel<\/li>\n<li>Fundamentos T\u00e9cnicos do Sistema <em>Famacha <\/em>e sua Relev\u00e2ncia no Manejo Sanit\u00e1rio de\u00a0 Ovinos e Caprinos<\/li>\n<\/ol>\n<p><strong>Ainda d\u00e1 tempo de adquirir os cursos! Voc\u00ea pode conferir a disponibilidade e mais\u00a0 informa\u00e7\u00f5es sobre todo o conte\u00fado SEMEV no instagram @semevufrrj!<\/strong><\/p>\n","protected":false},"excerpt":{"rendered":"<p>Do dia 15 a 22 de maio, a Universidade Federal Rural do Rio de Janeiro receber\u00e1 a nova\u00a0 edi\u00e7\u00e3o da <a class=\"read-more\" href=\"https:\/\/institutos.ufrrj.br\/iv\/37a-semana-academica-de-medicina-veterinaria-anuncia-cursos-com-carga-horaria-de-20h\/ \" >&#8230; <span class=\"font-italic\">leia mais <i class=\"fas fa-angle-right\"><\/i><\/span><\/a><\/p>\n","protected":false},"author":52,"featured_media":3007,"comment_status":"open","ping_status":"open","sticky":false,"template":"","format":"standard","meta":{"_themeisle_gutenberg_block_has_review":false,"footnotes":""},"categories":[7],"tags":[],"class_list":["post-3004","post","type-post","status-publish","format-standard","has-post-thumbnail","hentry","category-noticias"],"_links":{"self":[{"href":"https:\/\/institutos.ufrrj.br\/iv\/wp-json\/wp\/v2\/posts\/3004","targetHints":{"allow":["GET"]}}],"collection":[{"href":"https:\/\/institutos.ufrrj.br\/iv\/wp-json\/wp\/v2\/posts"}],"about":[{"href":"https:\/\/institutos.ufrrj.br\/iv\/wp-json\/wp\/v2\/types\/post"}],"author":[{"embeddable":true,"href":"https:\/\/institutos.ufrrj.br\/iv\/wp-json\/wp\/v2\/users\/52"}],"replies":[{"embeddable":true,"href":"https:\/\/institutos.ufrrj.br\/iv\/wp-json\/wp\/v2\/comments?post=3004"}],"version-history":[{"count":2,"href":"https:\/\/institutos.ufrrj.br\/iv\/wp-json\/wp\/v2\/posts\/3004\/revisions"}],"predecessor-version":[{"id":3009,"href":"https:\/\/institutos.ufrrj.br\/iv\/wp-json\/wp\/v2\/posts\/3004\/revisions\/3009"}],"wp:featuredmedia":[{"embeddable":true,"href":"https:\/\/institutos.ufrrj.br\/iv\/wp-json\/wp\/v2\/media\/3007"}],"wp:attachment":[{"href":"https:\/\/institutos.ufrrj.br\/iv\/wp-json\/wp\/v2\/media?parent=3004"}],"wp:term":[{"taxonomy":"category","embeddable":true,"href":"https:\/\/institutos.ufrrj.br\/iv\/wp-json\/wp\/v2\/categories?post=3004"},{"taxonomy":"post_tag","embeddable":true,"href":"https:\/\/institutos.ufrrj.br\/iv\/wp-json\/wp\/v2\/tags?post=3004"}],"curies":[{"name":"wp","href":"https:\/\/api.w.org\/{rel}","templated":true}]}}