{"id":3266,"date":"2025-08-26T19:58:19","date_gmt":"2025-08-26T22:58:19","guid":{"rendered":"https:\/\/institutos.ufrrj.br\/iz\/?p=3266"},"modified":"2025-08-28T16:57:01","modified_gmt":"2025-08-28T19:57:01","slug":"semana-de-integracao-2025-2","status":"publish","type":"post","link":"https:\/\/institutos.ufrrj.br\/iz\/2025\/08\/26\/semana-de-integracao-2025-2\/","title":{"rendered":"Semana de Integra\u00e7\u00e3o 2025.2"},"content":{"rendered":"\n<figure class=\"wp-block-image size-large\"><a href=\"https:\/\/institutos.ufrrj.br\/iz\/wp-content\/uploads\/sites\/3\/2025\/08\/Imagem-do-WhatsApp-de-2025-08-18-as-11.12.19_74b8725c.jpg\"><img loading=\"lazy\" decoding=\"async\" width=\"1024\" height=\"768\" src=\"https:\/\/institutos.ufrrj.br\/iz\/wp-content\/uploads\/sites\/3\/2025\/08\/Imagem-do-WhatsApp-de-2025-08-18-as-11.12.19_74b8725c-1024x768.jpg\" alt=\"\" class=\"wp-image-3269\" srcset=\"https:\/\/institutos.ufrrj.br\/iz\/wp-content\/uploads\/sites\/3\/2025\/08\/Imagem-do-WhatsApp-de-2025-08-18-as-11.12.19_74b8725c-1024x768.jpg 1024w, https:\/\/institutos.ufrrj.br\/iz\/wp-content\/uploads\/sites\/3\/2025\/08\/Imagem-do-WhatsApp-de-2025-08-18-as-11.12.19_74b8725c-300x225.jpg 300w, https:\/\/institutos.ufrrj.br\/iz\/wp-content\/uploads\/sites\/3\/2025\/08\/Imagem-do-WhatsApp-de-2025-08-18-as-11.12.19_74b8725c-768x576.jpg 768w, https:\/\/institutos.ufrrj.br\/iz\/wp-content\/uploads\/sites\/3\/2025\/08\/Imagem-do-WhatsApp-de-2025-08-18-as-11.12.19_74b8725c-93x70.jpg 93w, https:\/\/institutos.ufrrj.br\/iz\/wp-content\/uploads\/sites\/3\/2025\/08\/Imagem-do-WhatsApp-de-2025-08-18-as-11.12.19_74b8725c.jpg 1150w\" sizes=\"auto, (max-width: 1024px) 100vw, 1024px\" \/><\/a><\/figure>\n\n\n\n<p>Na primeira semana de aulas, o Instituto de Zootecnia promoveu a Semana de Integra\u00e7\u00e3o, um momento especial de acolhimento e recep\u00e7\u00e3o aos calouros.<\/p>\n\n\n\n<p><strong>Apresenta\u00e7\u00e3o do curso de Zootecnia<\/strong><\/p>\n\n\n\n<p>Ao longo da programa\u00e7\u00e3o, os estudantes tiveram a oportunidade de conhecer melhor o curso de Zootecnia, a coordena\u00e7\u00e3o, o Diret\u00f3rio Acad\u00eamico e os grupos de pesquisa e extens\u00e3o.<\/p>\n\n\n\n<figure class=\"wp-block-image size-full\"><a href=\"https:\/\/institutos.ufrrj.br\/iz\/wp-content\/uploads\/sites\/3\/2025\/08\/Imagem-do-WhatsApp-de-2025-08-18-as-17.08.11_8015e4e6.jpg\"><img loading=\"lazy\" decoding=\"async\" width=\"506\" height=\"900\" src=\"https:\/\/institutos.ufrrj.br\/iz\/wp-content\/uploads\/sites\/3\/2025\/08\/Imagem-do-WhatsApp-de-2025-08-18-as-17.08.11_8015e4e6.jpg\" alt=\"\" class=\"wp-image-3268\" srcset=\"https:\/\/institutos.ufrrj.br\/iz\/wp-content\/uploads\/sites\/3\/2025\/08\/Imagem-do-WhatsApp-de-2025-08-18-as-17.08.11_8015e4e6.jpg 506w, https:\/\/institutos.ufrrj.br\/iz\/wp-content\/uploads\/sites\/3\/2025\/08\/Imagem-do-WhatsApp-de-2025-08-18-as-17.08.11_8015e4e6-169x300.jpg 169w, https:\/\/institutos.ufrrj.br\/iz\/wp-content\/uploads\/sites\/3\/2025\/08\/Imagem-do-WhatsApp-de-2025-08-18-as-17.08.11_8015e4e6-39x70.jpg 39w\" sizes=\"auto, (max-width: 506px) 100vw, 506px\" \/><\/a><\/figure>\n\n\n\n<figure class=\"wp-block-image size-large\"><a href=\"https:\/\/institutos.ufrrj.br\/iz\/wp-content\/uploads\/sites\/3\/2025\/08\/Imagem-do-WhatsApp-de-2025-08-18-as-17.08.12_d9287bfe.jpg\"><img loading=\"lazy\" decoding=\"async\" width=\"1024\" height=\"768\" src=\"https:\/\/institutos.ufrrj.br\/iz\/wp-content\/uploads\/sites\/3\/2025\/08\/Imagem-do-WhatsApp-de-2025-08-18-as-17.08.12_d9287bfe-1024x768.jpg\" alt=\"\" class=\"wp-image-3267\" srcset=\"https:\/\/institutos.ufrrj.br\/iz\/wp-content\/uploads\/sites\/3\/2025\/08\/Imagem-do-WhatsApp-de-2025-08-18-as-17.08.12_d9287bfe-1024x768.jpg 1024w, https:\/\/institutos.ufrrj.br\/iz\/wp-content\/uploads\/sites\/3\/2025\/08\/Imagem-do-WhatsApp-de-2025-08-18-as-17.08.12_d9287bfe-300x225.jpg 300w, https:\/\/institutos.ufrrj.br\/iz\/wp-content\/uploads\/sites\/3\/2025\/08\/Imagem-do-WhatsApp-de-2025-08-18-as-17.08.12_d9287bfe-768x576.jpg 768w, https:\/\/institutos.ufrrj.br\/iz\/wp-content\/uploads\/sites\/3\/2025\/08\/Imagem-do-WhatsApp-de-2025-08-18-as-17.08.12_d9287bfe-93x70.jpg 93w, https:\/\/institutos.ufrrj.br\/iz\/wp-content\/uploads\/sites\/3\/2025\/08\/Imagem-do-WhatsApp-de-2025-08-18-as-17.08.12_d9287bfe.jpg 1150w\" sizes=\"auto, (max-width: 1024px) 100vw, 1024px\" \/><\/a><\/figure>\n\n\n\n<p><strong>Apresenta\u00e7\u00e3o dos Departamentos<\/strong><\/p>\n\n\n\n<p>Os calouros foram apresentados aos departamentos do IZ: Departamento de Produ\u00e7\u00e3o Animal (DPA), Departamento de Nutri\u00e7\u00e3o Animal e Pastagens (DNAP) e Departamento de Reprodu\u00e7\u00e3o e Avalia\u00e7\u00e3o Animal (DRAA).<\/p>\n\n\n\n<p><strong>Fazenda Universit\u00e1ria &#8211; COPIEPE<\/strong><\/p>\n\n\n\n<figure class=\"wp-block-image size-large\"><a href=\"https:\/\/institutos.ufrrj.br\/iz\/wp-content\/uploads\/sites\/3\/2025\/08\/Imagem-do-WhatsApp-de-2025-08-18-as-18.59.00_4e1bee89.jpg\"><img loading=\"lazy\" decoding=\"async\" width=\"1024\" height=\"768\" src=\"https:\/\/institutos.ufrrj.br\/iz\/wp-content\/uploads\/sites\/3\/2025\/08\/Imagem-do-WhatsApp-de-2025-08-18-as-18.59.00_4e1bee89-1024x768.jpg\" alt=\"\" class=\"wp-image-3271\" srcset=\"https:\/\/institutos.ufrrj.br\/iz\/wp-content\/uploads\/sites\/3\/2025\/08\/Imagem-do-WhatsApp-de-2025-08-18-as-18.59.00_4e1bee89-1024x768.jpg 1024w, https:\/\/institutos.ufrrj.br\/iz\/wp-content\/uploads\/sites\/3\/2025\/08\/Imagem-do-WhatsApp-de-2025-08-18-as-18.59.00_4e1bee89-300x225.jpg 300w, https:\/\/institutos.ufrrj.br\/iz\/wp-content\/uploads\/sites\/3\/2025\/08\/Imagem-do-WhatsApp-de-2025-08-18-as-18.59.00_4e1bee89-768x576.jpg 768w, https:\/\/institutos.ufrrj.br\/iz\/wp-content\/uploads\/sites\/3\/2025\/08\/Imagem-do-WhatsApp-de-2025-08-18-as-18.59.00_4e1bee89-93x70.jpg 93w, https:\/\/institutos.ufrrj.br\/iz\/wp-content\/uploads\/sites\/3\/2025\/08\/Imagem-do-WhatsApp-de-2025-08-18-as-18.59.00_4e1bee89.jpg 1150w\" sizes=\"auto, (max-width: 1024px) 100vw, 1024px\" \/><\/a><\/figure>\n\n\n\n<p>Os discentes visitaram os setores de produ\u00e7\u00e3o animal e puderam conhecer um pouco da rotina dos setores e as atividades propostas neles.<\/p>\n\n\n\n<figure class=\"wp-block-image size-full\"><a href=\"https:\/\/institutos.ufrrj.br\/iz\/wp-content\/uploads\/sites\/3\/2025\/08\/Imagem-do-WhatsApp-de-2025-08-18-as-18.58.59_aef19663.jpg\"><img loading=\"lazy\" decoding=\"async\" width=\"945\" height=\"900\" src=\"https:\/\/institutos.ufrrj.br\/iz\/wp-content\/uploads\/sites\/3\/2025\/08\/Imagem-do-WhatsApp-de-2025-08-18-as-18.58.59_aef19663.jpg\" alt=\"\" class=\"wp-image-3270\" srcset=\"https:\/\/institutos.ufrrj.br\/iz\/wp-content\/uploads\/sites\/3\/2025\/08\/Imagem-do-WhatsApp-de-2025-08-18-as-18.58.59_aef19663.jpg 945w, https:\/\/institutos.ufrrj.br\/iz\/wp-content\/uploads\/sites\/3\/2025\/08\/Imagem-do-WhatsApp-de-2025-08-18-as-18.58.59_aef19663-300x286.jpg 300w, https:\/\/institutos.ufrrj.br\/iz\/wp-content\/uploads\/sites\/3\/2025\/08\/Imagem-do-WhatsApp-de-2025-08-18-as-18.58.59_aef19663-768x731.jpg 768w, https:\/\/institutos.ufrrj.br\/iz\/wp-content\/uploads\/sites\/3\/2025\/08\/Imagem-do-WhatsApp-de-2025-08-18-as-18.58.59_aef19663-74x70.jpg 74w\" sizes=\"auto, (max-width: 945px) 100vw, 945px\" \/><\/a><\/figure>\n\n\n\n<p><strong>Bem-vindos calouros 2025.2!<\/strong><\/p>\n\n\n\n<p>Esse encontro marcou o in\u00edcio de uma nova jornada acad\u00eamica, fortalecendo la\u00e7os, apresentando caminhos e mostrando que a Zootecnia vai muito al\u00e9m da sala de aula.<\/p>\n\n\n\n<p>Texto: Bruna Gomes dos Santos e Marcella Costa<\/p>\n\n\n\n<p>Imagens: Comiss\u00e3o de veteranos 2025.2<br>Cristiny Martins<br>Raissa Bel\u00e9m<br>Gustavo Vinicius Santos<br>Robert Silva                                                                                                                                                                          Brenda Marinho<\/p>\n","protected":false},"excerpt":{"rendered":"<p>Na primeira semana de aulas, o Instituto de Zootecnia promoveu a Semana de Integra\u00e7\u00e3o, um momento especial de acolhimento e recep\u00e7\u00e3o aos [&hellip;]<\/p>\n","protected":false},"author":93,"featured_media":3269,"comment_status":"open","ping_status":"open","sticky":false,"template":"","format":"standard","meta":{"_acf_changed":false,"_themeisle_gutenberg_block_has_review":false,"footnotes":"","_links_to":"","_links_to_target":""},"categories":[4],"tags":[],"class_list":["post-3266","post","type-post","status-publish","format-standard","has-post-thumbnail","hentry","category-noticias"],"acf":[],"yoast_head":"<!-- This site is optimized with the Yoast SEO plugin v26.8 - https:\/\/yoast.com\/product\/yoast-seo-wordpress\/ -->\n<title>Semana de Integra\u00e7\u00e3o 2025.2 - Instituto de Zootecnia<\/title>\n<meta name=\"robots\" content=\"index, follow, max-snippet:-1, max-image-preview:large, max-video-preview:-1\" \/>\n<link rel=\"canonical\" href=\"https:\/\/institutos.ufrrj.br\/iz\/2025\/08\/26\/semana-de-integracao-2025-2\/\" \/>\n<meta property=\"og:locale\" content=\"pt_BR\" \/>\n<meta property=\"og:type\" content=\"article\" \/>\n<meta property=\"og:title\" content=\"Semana de Integra\u00e7\u00e3o 2025.2 - Instituto de Zootecnia\" \/>\n<meta property=\"og:description\" content=\"Na primeira semana de aulas, o Instituto de Zootecnia promoveu a Semana de Integra\u00e7\u00e3o, um momento especial de acolhimento e recep\u00e7\u00e3o aos [&hellip;]\" \/>\n<meta property=\"og:url\" content=\"https:\/\/institutos.ufrrj.br\/iz\/2025\/08\/26\/semana-de-integracao-2025-2\/\" \/>\n<meta property=\"og:site_name\" content=\"Instituto de Zootecnia\" \/>\n<meta property=\"article:published_time\" content=\"2025-08-26T22:58:19+00:00\" \/>\n<meta property=\"article:modified_time\" content=\"2025-08-28T19:57:01+00:00\" \/>\n<meta property=\"og:image\" content=\"https:\/\/institutos.ufrrj.br\/iz\/wp-content\/uploads\/sites\/3\/2025\/08\/Imagem-do-WhatsApp-de-2025-08-18-as-11.12.19_74b8725c.jpg\" \/>\n\t<meta property=\"og:image:width\" content=\"1150\" \/>\n\t<meta property=\"og:image:height\" content=\"863\" \/>\n\t<meta property=\"og:image:type\" content=\"image\/jpeg\" \/>\n<meta name=\"author\" content=\"greicysm\" \/>\n<meta name=\"twitter:card\" content=\"summary_large_image\" \/>\n<meta name=\"twitter:label1\" content=\"Escrito por\" \/>\n\t<meta name=\"twitter:data1\" content=\"greicysm\" \/>\n\t<meta name=\"twitter:label2\" content=\"Est. tempo de leitura\" \/>\n\t<meta name=\"twitter:data2\" content=\"3 minutos\" \/>\n<script type=\"application\/ld+json\" class=\"yoast-schema-graph\">{\"@context\":\"https:\/\/schema.org\",\"@graph\":[{\"@type\":\"Article\",\"@id\":\"https:\/\/institutos.ufrrj.br\/iz\/2025\/08\/26\/semana-de-integracao-2025-2\/#article\",\"isPartOf\":{\"@id\":\"https:\/\/institutos.ufrrj.br\/iz\/2025\/08\/26\/semana-de-integracao-2025-2\/\"},\"author\":{\"name\":\"greicysm\",\"@id\":\"https:\/\/institutos.ufrrj.br\/iz\/#\/schema\/person\/437177914b0af12e81c2887c756f37d7\"},\"headline\":\"Semana de Integra\u00e7\u00e3o 2025.2\",\"datePublished\":\"2025-08-26T22:58:19+00:00\",\"dateModified\":\"2025-08-28T19:57:01+00:00\",\"mainEntityOfPage\":{\"@id\":\"https:\/\/institutos.ufrrj.br\/iz\/2025\/08\/26\/semana-de-integracao-2025-2\/\"},\"wordCount\":186,\"commentCount\":0,\"publisher\":{\"@id\":\"https:\/\/institutos.ufrrj.br\/iz\/#organization\"},\"image\":{\"@id\":\"https:\/\/institutos.ufrrj.br\/iz\/2025\/08\/26\/semana-de-integracao-2025-2\/#primaryimage\"},\"thumbnailUrl\":\"https:\/\/institutos.ufrrj.br\/iz\/wp-content\/uploads\/sites\/3\/2025\/08\/Imagem-do-WhatsApp-de-2025-08-18-as-11.12.19_74b8725c.jpg\",\"articleSection\":[\"Not\u00edcias\"],\"inLanguage\":\"pt-BR\",\"potentialAction\":[{\"@type\":\"CommentAction\",\"name\":\"Comment\",\"target\":[\"https:\/\/institutos.ufrrj.br\/iz\/2025\/08\/26\/semana-de-integracao-2025-2\/#respond\"]}]},{\"@type\":\"WebPage\",\"@id\":\"https:\/\/institutos.ufrrj.br\/iz\/2025\/08\/26\/semana-de-integracao-2025-2\/\",\"url\":\"https:\/\/institutos.ufrrj.br\/iz\/2025\/08\/26\/semana-de-integracao-2025-2\/\",\"name\":\"Semana de Integra\u00e7\u00e3o 2025.2 - Instituto de Zootecnia\",\"isPartOf\":{\"@id\":\"https:\/\/institutos.ufrrj.br\/iz\/#website\"},\"primaryImageOfPage\":{\"@id\":\"https:\/\/institutos.ufrrj.br\/iz\/2025\/08\/26\/semana-de-integracao-2025-2\/#primaryimage\"},\"image\":{\"@id\":\"https:\/\/institutos.ufrrj.br\/iz\/2025\/08\/26\/semana-de-integracao-2025-2\/#primaryimage\"},\"thumbnailUrl\":\"https:\/\/institutos.ufrrj.br\/iz\/wp-content\/uploads\/sites\/3\/2025\/08\/Imagem-do-WhatsApp-de-2025-08-18-as-11.12.19_74b8725c.jpg\",\"datePublished\":\"2025-08-26T22:58:19+00:00\",\"dateModified\":\"2025-08-28T19:57:01+00:00\",\"breadcrumb\":{\"@id\":\"https:\/\/institutos.ufrrj.br\/iz\/2025\/08\/26\/semana-de-integracao-2025-2\/#breadcrumb\"},\"inLanguage\":\"pt-BR\",\"potentialAction\":[{\"@type\":\"ReadAction\",\"target\":[\"https:\/\/institutos.ufrrj.br\/iz\/2025\/08\/26\/semana-de-integracao-2025-2\/\"]}]},{\"@type\":\"ImageObject\",\"inLanguage\":\"pt-BR\",\"@id\":\"https:\/\/institutos.ufrrj.br\/iz\/2025\/08\/26\/semana-de-integracao-2025-2\/#primaryimage\",\"url\":\"https:\/\/institutos.ufrrj.br\/iz\/wp-content\/uploads\/sites\/3\/2025\/08\/Imagem-do-WhatsApp-de-2025-08-18-as-11.12.19_74b8725c.jpg\",\"contentUrl\":\"https:\/\/institutos.ufrrj.br\/iz\/wp-content\/uploads\/sites\/3\/2025\/08\/Imagem-do-WhatsApp-de-2025-08-18-as-11.12.19_74b8725c.jpg\",\"width\":1150,\"height\":863},{\"@type\":\"BreadcrumbList\",\"@id\":\"https:\/\/institutos.ufrrj.br\/iz\/2025\/08\/26\/semana-de-integracao-2025-2\/#breadcrumb\",\"itemListElement\":[{\"@type\":\"ListItem\",\"position\":1,\"name\":\"In\u00edcio\",\"item\":\"https:\/\/institutos.ufrrj.br\/iz\/\"},{\"@type\":\"ListItem\",\"position\":2,\"name\":\"Semana de Integra\u00e7\u00e3o 2025.2\"}]},{\"@type\":\"WebSite\",\"@id\":\"https:\/\/institutos.ufrrj.br\/iz\/#website\",\"url\":\"https:\/\/institutos.ufrrj.br\/iz\/\",\"name\":\"Instituto de Zootecnia\",\"description\":\"IZ\",\"publisher\":{\"@id\":\"https:\/\/institutos.ufrrj.br\/iz\/#organization\"},\"potentialAction\":[{\"@type\":\"SearchAction\",\"target\":{\"@type\":\"EntryPoint\",\"urlTemplate\":\"https:\/\/institutos.ufrrj.br\/iz\/?s={search_term_string}\"},\"query-input\":{\"@type\":\"PropertyValueSpecification\",\"valueRequired\":true,\"valueName\":\"search_term_string\"}}],\"inLanguage\":\"pt-BR\"},{\"@type\":\"Organization\",\"@id\":\"https:\/\/institutos.ufrrj.br\/iz\/#organization\",\"name\":\"Instituto de Zootecnia\",\"url\":\"https:\/\/institutos.ufrrj.br\/iz\/\",\"logo\":{\"@type\":\"ImageObject\",\"inLanguage\":\"pt-BR\",\"@id\":\"https:\/\/institutos.ufrrj.br\/iz\/#\/schema\/logo\/image\/\",\"url\":\"https:\/\/institutos.ufrrj.br\/iz\/wp-content\/uploads\/sites\/3\/2023\/01\/logo-iz2.jpg\",\"contentUrl\":\"https:\/\/institutos.ufrrj.br\/iz\/wp-content\/uploads\/sites\/3\/2023\/01\/logo-iz2.jpg\",\"width\":867,\"height\":900,\"caption\":\"Instituto de Zootecnia\"},\"image\":{\"@id\":\"https:\/\/institutos.ufrrj.br\/iz\/#\/schema\/logo\/image\/\"}},{\"@type\":\"Person\",\"@id\":\"https:\/\/institutos.ufrrj.br\/iz\/#\/schema\/person\/437177914b0af12e81c2887c756f37d7\",\"name\":\"greicysm\",\"image\":{\"@type\":\"ImageObject\",\"inLanguage\":\"pt-BR\",\"@id\":\"https:\/\/institutos.ufrrj.br\/iz\/#\/schema\/person\/image\/\",\"url\":\"https:\/\/secure.gravatar.com\/avatar\/2cdf9d1e744d14fc175bbfa1a18c3127eb81b32fd5551c8bcab9a638a7cfceec?s=96&d=mm&r=g\",\"contentUrl\":\"https:\/\/secure.gravatar.com\/avatar\/2cdf9d1e744d14fc175bbfa1a18c3127eb81b32fd5551c8bcab9a638a7cfceec?s=96&d=mm&r=g\",\"caption\":\"greicysm\"},\"description\":\"Chamado - ID: 33921 (Rural - Seropedica)\",\"url\":\"https:\/\/institutos.ufrrj.br\/iz\/author\/greicysm1\/\"}]}<\/script>\n<!-- \/ Yoast SEO plugin. -->","yoast_head_json":{"title":"Semana de Integra\u00e7\u00e3o 2025.2 - Instituto de Zootecnia","robots":{"index":"index","follow":"follow","max-snippet":"max-snippet:-1","max-image-preview":"max-image-preview:large","max-video-preview":"max-video-preview:-1"},"canonical":"https:\/\/institutos.ufrrj.br\/iz\/2025\/08\/26\/semana-de-integracao-2025-2\/","og_locale":"pt_BR","og_type":"article","og_title":"Semana de Integra\u00e7\u00e3o 2025.2 - Instituto de Zootecnia","og_description":"Na primeira semana de aulas, o Instituto de Zootecnia promoveu a Semana de Integra\u00e7\u00e3o, um momento especial de acolhimento e recep\u00e7\u00e3o aos [&hellip;]","og_url":"https:\/\/institutos.ufrrj.br\/iz\/2025\/08\/26\/semana-de-integracao-2025-2\/","og_site_name":"Instituto de Zootecnia","article_published_time":"2025-08-26T22:58:19+00:00","article_modified_time":"2025-08-28T19:57:01+00:00","og_image":[{"width":1150,"height":863,"url":"https:\/\/institutos.ufrrj.br\/iz\/wp-content\/uploads\/sites\/3\/2025\/08\/Imagem-do-WhatsApp-de-2025-08-18-as-11.12.19_74b8725c.jpg","type":"image\/jpeg"}],"author":"greicysm","twitter_card":"summary_large_image","twitter_misc":{"Escrito por":"greicysm","Est. tempo de leitura":"3 minutos"},"schema":{"@context":"https:\/\/schema.org","@graph":[{"@type":"Article","@id":"https:\/\/institutos.ufrrj.br\/iz\/2025\/08\/26\/semana-de-integracao-2025-2\/#article","isPartOf":{"@id":"https:\/\/institutos.ufrrj.br\/iz\/2025\/08\/26\/semana-de-integracao-2025-2\/"},"author":{"name":"greicysm","@id":"https:\/\/institutos.ufrrj.br\/iz\/#\/schema\/person\/437177914b0af12e81c2887c756f37d7"},"headline":"Semana de Integra\u00e7\u00e3o 2025.2","datePublished":"2025-08-26T22:58:19+00:00","dateModified":"2025-08-28T19:57:01+00:00","mainEntityOfPage":{"@id":"https:\/\/institutos.ufrrj.br\/iz\/2025\/08\/26\/semana-de-integracao-2025-2\/"},"wordCount":186,"commentCount":0,"publisher":{"@id":"https:\/\/institutos.ufrrj.br\/iz\/#organization"},"image":{"@id":"https:\/\/institutos.ufrrj.br\/iz\/2025\/08\/26\/semana-de-integracao-2025-2\/#primaryimage"},"thumbnailUrl":"https:\/\/institutos.ufrrj.br\/iz\/wp-content\/uploads\/sites\/3\/2025\/08\/Imagem-do-WhatsApp-de-2025-08-18-as-11.12.19_74b8725c.jpg","articleSection":["Not\u00edcias"],"inLanguage":"pt-BR","potentialAction":[{"@type":"CommentAction","name":"Comment","target":["https:\/\/institutos.ufrrj.br\/iz\/2025\/08\/26\/semana-de-integracao-2025-2\/#respond"]}]},{"@type":"WebPage","@id":"https:\/\/institutos.ufrrj.br\/iz\/2025\/08\/26\/semana-de-integracao-2025-2\/","url":"https:\/\/institutos.ufrrj.br\/iz\/2025\/08\/26\/semana-de-integracao-2025-2\/","name":"Semana de Integra\u00e7\u00e3o 2025.2 - Instituto de Zootecnia","isPartOf":{"@id":"https:\/\/institutos.ufrrj.br\/iz\/#website"},"primaryImageOfPage":{"@id":"https:\/\/institutos.ufrrj.br\/iz\/2025\/08\/26\/semana-de-integracao-2025-2\/#primaryimage"},"image":{"@id":"https:\/\/institutos.ufrrj.br\/iz\/2025\/08\/26\/semana-de-integracao-2025-2\/#primaryimage"},"thumbnailUrl":"https:\/\/institutos.ufrrj.br\/iz\/wp-content\/uploads\/sites\/3\/2025\/08\/Imagem-do-WhatsApp-de-2025-08-18-as-11.12.19_74b8725c.jpg","datePublished":"2025-08-26T22:58:19+00:00","dateModified":"2025-08-28T19:57:01+00:00","breadcrumb":{"@id":"https:\/\/institutos.ufrrj.br\/iz\/2025\/08\/26\/semana-de-integracao-2025-2\/#breadcrumb"},"inLanguage":"pt-BR","potentialAction":[{"@type":"ReadAction","target":["https:\/\/institutos.ufrrj.br\/iz\/2025\/08\/26\/semana-de-integracao-2025-2\/"]}]},{"@type":"ImageObject","inLanguage":"pt-BR","@id":"https:\/\/institutos.ufrrj.br\/iz\/2025\/08\/26\/semana-de-integracao-2025-2\/#primaryimage","url":"https:\/\/institutos.ufrrj.br\/iz\/wp-content\/uploads\/sites\/3\/2025\/08\/Imagem-do-WhatsApp-de-2025-08-18-as-11.12.19_74b8725c.jpg","contentUrl":"https:\/\/institutos.ufrrj.br\/iz\/wp-content\/uploads\/sites\/3\/2025\/08\/Imagem-do-WhatsApp-de-2025-08-18-as-11.12.19_74b8725c.jpg","width":1150,"height":863},{"@type":"BreadcrumbList","@id":"https:\/\/institutos.ufrrj.br\/iz\/2025\/08\/26\/semana-de-integracao-2025-2\/#breadcrumb","itemListElement":[{"@type":"ListItem","position":1,"name":"In\u00edcio","item":"https:\/\/institutos.ufrrj.br\/iz\/"},{"@type":"ListItem","position":2,"name":"Semana de Integra\u00e7\u00e3o 2025.2"}]},{"@type":"WebSite","@id":"https:\/\/institutos.ufrrj.br\/iz\/#website","url":"https:\/\/institutos.ufrrj.br\/iz\/","name":"Instituto de Zootecnia","description":"IZ","publisher":{"@id":"https:\/\/institutos.ufrrj.br\/iz\/#organization"},"potentialAction":[{"@type":"SearchAction","target":{"@type":"EntryPoint","urlTemplate":"https:\/\/institutos.ufrrj.br\/iz\/?s={search_term_string}"},"query-input":{"@type":"PropertyValueSpecification","valueRequired":true,"valueName":"search_term_string"}}],"inLanguage":"pt-BR"},{"@type":"Organization","@id":"https:\/\/institutos.ufrrj.br\/iz\/#organization","name":"Instituto de Zootecnia","url":"https:\/\/institutos.ufrrj.br\/iz\/","logo":{"@type":"ImageObject","inLanguage":"pt-BR","@id":"https:\/\/institutos.ufrrj.br\/iz\/#\/schema\/logo\/image\/","url":"https:\/\/institutos.ufrrj.br\/iz\/wp-content\/uploads\/sites\/3\/2023\/01\/logo-iz2.jpg","contentUrl":"https:\/\/institutos.ufrrj.br\/iz\/wp-content\/uploads\/sites\/3\/2023\/01\/logo-iz2.jpg","width":867,"height":900,"caption":"Instituto de Zootecnia"},"image":{"@id":"https:\/\/institutos.ufrrj.br\/iz\/#\/schema\/logo\/image\/"}},{"@type":"Person","@id":"https:\/\/institutos.ufrrj.br\/iz\/#\/schema\/person\/437177914b0af12e81c2887c756f37d7","name":"greicysm","image":{"@type":"ImageObject","inLanguage":"pt-BR","@id":"https:\/\/institutos.ufrrj.br\/iz\/#\/schema\/person\/image\/","url":"https:\/\/secure.gravatar.com\/avatar\/2cdf9d1e744d14fc175bbfa1a18c3127eb81b32fd5551c8bcab9a638a7cfceec?s=96&d=mm&r=g","contentUrl":"https:\/\/secure.gravatar.com\/avatar\/2cdf9d1e744d14fc175bbfa1a18c3127eb81b32fd5551c8bcab9a638a7cfceec?s=96&d=mm&r=g","caption":"greicysm"},"description":"Chamado - ID: 33921 (Rural - Seropedica)","url":"https:\/\/institutos.ufrrj.br\/iz\/author\/greicysm1\/"}]}},"_links":{"self":[{"href":"https:\/\/institutos.ufrrj.br\/iz\/wp-json\/wp\/v2\/posts\/3266","targetHints":{"allow":["GET"]}}],"collection":[{"href":"https:\/\/institutos.ufrrj.br\/iz\/wp-json\/wp\/v2\/posts"}],"about":[{"href":"https:\/\/institutos.ufrrj.br\/iz\/wp-json\/wp\/v2\/types\/post"}],"author":[{"embeddable":true,"href":"https:\/\/institutos.ufrrj.br\/iz\/wp-json\/wp\/v2\/users\/93"}],"replies":[{"embeddable":true,"href":"https:\/\/institutos.ufrrj.br\/iz\/wp-json\/wp\/v2\/comments?post=3266"}],"version-history":[{"count":1,"href":"https:\/\/institutos.ufrrj.br\/iz\/wp-json\/wp\/v2\/posts\/3266\/revisions"}],"predecessor-version":[{"id":3272,"href":"https:\/\/institutos.ufrrj.br\/iz\/wp-json\/wp\/v2\/posts\/3266\/revisions\/3272"}],"wp:featuredmedia":[{"embeddable":true,"href":"https:\/\/institutos.ufrrj.br\/iz\/wp-json\/wp\/v2\/media\/3269"}],"wp:attachment":[{"href":"https:\/\/institutos.ufrrj.br\/iz\/wp-json\/wp\/v2\/media?parent=3266"}],"wp:term":[{"taxonomy":"category","embeddable":true,"href":"https:\/\/institutos.ufrrj.br\/iz\/wp-json\/wp\/v2\/categories?post=3266"},{"taxonomy":"post_tag","embeddable":true,"href":"https:\/\/institutos.ufrrj.br\/iz\/wp-json\/wp\/v2\/tags?post=3266"}],"curies":[{"name":"wp","href":"https:\/\/api.w.org\/{rel}","templated":true}]}}